{"id":69289,"date":"2026-03-11T10:31:18","date_gmt":"2026-03-11T10:31:18","guid":{"rendered":"https:\/\/dekkbi.com\/?p=69289"},"modified":"2026-03-11T10:31:18","modified_gmt":"2026-03-11T10:31:18","slug":"nouvel-eboulement-a-saraya-16-morts-en-3-mois","status":"publish","type":"post","link":"https:\/\/dekkbi.com\/?p=69289","title":{"rendered":"Nouvel \u00e9boulement \u00e0 Saraya : 16 morts en 3 mois !"},"content":{"rendered":"\n<p><strong>La s\u00e9rie noire continue dans les sites d\u2019orpaillage de l\u2019Est du S\u00e9n\u00e9gal. Lundi soir, un jeune ressortissant guin\u00e9en a perdu la vie dans l\u2019effondrement d\u2019une galerie. Ce nouveau d\u00e9c\u00e8s porte \u00e0 seize le nombre de victimes en seulement trois mois dans cette zone, relan\u00e7ant l\u2019\u00e9pineuse question du travail des mineurs et de la s\u00e9curit\u00e9 sur les sites clandestins.<\/strong><\/p>\n\n\n\n<p><strong>Par Justin GOMIS \u2013&nbsp;<\/strong>La terre a encore trembl\u00e9, et avec elle, le destin d\u2019un enfant s\u2019est bris\u00e9. Le lundi 9 mars 2026, aux environs de 23 heures, un \u00e9boulement meurtrier s\u2019est produit sur un p\u00e9rim\u00e8tre d\u2019exploitation mini\u00e8re \u00e0 Kharakh\u00e9na, un village de la commune de Bembou, situ\u00e9 dans la r\u00e9gion de K\u00e9dougou. La victime, un jeune orpailleur de nationalit\u00e9 guin\u00e9enne \u00e2g\u00e9 de seulement 16 ans, n\u2019avait aucune chance d\u2019\u00eatre secourue. Selon des sources s\u00e9curitaires, le corps de l\u2019adolescent a \u00e9t\u00e9 extrait des d\u00e9combres avant d\u2019\u00eatre achemin\u00e9 \u00e0 la morgue de l\u2019H\u00f4pital r\u00e9gional de K\u00e9dougou par les \u00e9l\u00e9ments de la gendarmerie, apr\u00e8s les constats d\u2019usage.<\/p>\n\n\n\n<p><strong>Une h\u00e9catombe silencieuse : 16 morts en 90 jours<\/strong><br>Ce drame n\u2019est malheureusement pas un cas isol\u00e9. Il s\u2019inscrit dans une statistique effrayante : il s\u2019agit du seizi\u00e8me d\u00e9c\u00e8s enregistr\u00e9 sur ce seul site d\u2019exploitation en l\u2019espace de trois mois. La multiplication de ces accidents mortels t\u00e9moigne de la pr\u00e9carit\u00e9 extr\u00eame des installations et du non-respect des normes de s\u00e9curit\u00e9 les plus \u00e9l\u00e9mentaires dans ces couloirs de la mort.<\/p>\n\n\n\n<p><strong>Le rappel des derniers drames : une r\u00e9gion sous tension<\/strong><\/p>\n\n\n\n<p>La zone de K\u00e9dougou est devenue le th\u00e9\u00e2tre de trag\u00e9dies r\u00e9p\u00e9titives. Ces derniers mois, plusieurs sites environnants ont \u00e9t\u00e9 le si\u00e8ge de sc\u00e8nes de d\u00e9solation : en d\u00e9cembre dernier, trois orpailleurs avaient \u00e9t\u00e9 ensevelis dans des circonstances similaires, non loin de la fronti\u00e8re malienne. En janvier, un autre accident majeur avait co\u00fbt\u00e9 la vie \u00e0 plusieurs jeunes, pi\u00e9g\u00e9s par l\u2019effondrement d\u2019une galerie creus\u00e9e trop profond\u00e9ment pour \u00e9chapper aux contr\u00f4les.<br>Ces \u00e9v\u00e9nements rappellent cruellement que, malgr\u00e9 les patrouilles et les tentatives de r\u00e9gulation, l\u2019app\u00e2t du gain pousse des milliers de travailleurs, souvent tr\u00e8s jeunes, \u00e0 s\u2019engouffrer dans des puits artisanaux instables, transform\u00e9s en tombeaux \u00e0 ciel ouvert.<\/p>\n\n\n\n<p><strong>L\u2019urgence de prot\u00e9ger l\u2019enfance<\/strong><\/p>\n\n\n\n<p>Au-del\u00e0 de l\u2019ins\u00e9curit\u00e9 physique, ce d\u00e9c\u00e8s tragique \u00e0 Kharakh\u00e9na relance avec force le d\u00e9bat sur l\u2019exploitation des mineurs dans les mines clandestines. Malgr\u00e9 les conventions internationales et les lois nationales, des adolescents de moins de 18 ans, venus parfois des pays voisins pour soutenir leurs familles, se retrouvent en premi\u00e8re ligne des travaux les plus dangereux.<\/p>\n\n\n\n<p>Face \u00e0 cette h\u00e9catombe qui ne dit pas son nom, les populations locales et les organisations de d\u00e9fense des droits de l\u2019Homme appellent \u00e0 un renforcement drastique de la surveillance des sites et \u00e0 une lutte plus ferme contre les r\u00e9seaux qui emploient des enfants dans l\u2019orpaillage.<\/p>\n\n\n\n<p><strong>justin@lequotidien.sn<\/strong><\/p>\n\n\n\n<p><a href=\"https:\/\/www.facebook.com\/sharer.php?u=https:\/\/lequotidien.sn\/nouvel-eboulement-a-saraya-16-morts-en-3-mois\/\"><\/a><\/p>\n","protected":false},"excerpt":{"rendered":"<p>La s\u00e9rie noire continue dans les sites d\u2019orpaillage de l\u2019Est du S\u00e9n\u00e9gal. Lundi soir, un jeune ressortissant guin\u00e9en a perdu<\/p>\n","protected":false},"author":1,"featured_media":69290,"comment_status":"open","ping_status":"open","sticky":false,"template":"","format":"standard","meta":{"footnotes":""},"categories":[26],"tags":[],"class_list":["post-69289","post","type-post","status-publish","format-standard","has-post-thumbnail","hentry","category-fait-divers"],"_links":{"self":[{"href":"https:\/\/dekkbi.com\/index.php?rest_route=\/wp\/v2\/posts\/69289","targetHints":{"allow":["GET"]}}],"collection":[{"href":"https:\/\/dekkbi.com\/index.php?rest_route=\/wp\/v2\/posts"}],"about":[{"href":"https:\/\/dekkbi.com\/index.php?rest_route=\/wp\/v2\/types\/post"}],"author":[{"embeddable":true,"href":"https:\/\/dekkbi.com\/index.php?rest_route=\/wp\/v2\/users\/1"}],"replies":[{"embeddable":true,"href":"https:\/\/dekkbi.com\/index.php?rest_route=%2Fwp%2Fv2%2Fcomments&post=69289"}],"version-history":[{"count":1,"href":"https:\/\/dekkbi.com\/index.php?rest_route=\/wp\/v2\/posts\/69289\/revisions"}],"predecessor-version":[{"id":69291,"href":"https:\/\/dekkbi.com\/index.php?rest_route=\/wp\/v2\/posts\/69289\/revisions\/69291"}],"wp:featuredmedia":[{"embeddable":true,"href":"https:\/\/dekkbi.com\/index.php?rest_route=\/wp\/v2\/media\/69290"}],"wp:attachment":[{"href":"https:\/\/dekkbi.com\/index.php?rest_route=%2Fwp%2Fv2%2Fmedia&parent=69289"}],"wp:term":[{"taxonomy":"category","embeddable":true,"href":"https:\/\/dekkbi.com\/index.php?rest_route=%2Fwp%2Fv2%2Fcategories&post=69289"},{"taxonomy":"post_tag","embeddable":true,"href":"https:\/\/dekkbi.com\/index.php?rest_route=%2Fwp%2Fv2%2Ftags&post=69289"}],"curies":[{"name":"wp","href":"https:\/\/api.w.org\/{rel}","templated":true}]}}