{"id":69273,"date":"2026-03-11T10:03:42","date_gmt":"2026-03-11T10:03:42","guid":{"rendered":"https:\/\/dekkbi.com\/?p=69273"},"modified":"2026-03-11T10:03:43","modified_gmt":"2026-03-11T10:03:43","slug":"secteur-des-pme-pmi-ladpme-lance-son-plan-de-transformation","status":"publish","type":"post","link":"https:\/\/dekkbi.com\/?p=69273","title":{"rendered":"SECTEUR DES PME\/PMI &#8211; L\u2019Adpme lance son plan de transformation"},"content":{"rendered":"\n<p><strong>Dans une dynamique d\u2019incarner un changement de paradigme dans le secteur des PME\/PMI, l\u2019Agence de d\u00e9veloppement et d\u2019encadrement des petites et moyennes entreprises (Adpme) a \u00e9labor\u00e9 une convention d\u2019entreprise arrim\u00e9e \u00e0 un plan de transformation. La c\u00e9r\u00e9monie de pr\u00e9sentation de ce nouveau programme destin\u00e9 \u00e0 l\u2019accompagnement et \u00e0 la valorisation des PME\/PMI s\u2019est tenue hier, en pr\u00e9sence des acteurs cl\u00e9s de l\u2019\u00e9cosyst\u00e8me entrepreneurial.<\/strong><\/p>\n\n\n\n<p>L\u2019Agence de d\u00e9veloppement et d\u2019encadrement des petites et moyennes entreprises (Adpme) a proc\u00e9d\u00e9 hier au lancement officiel de sa convention 2026 d\u00e9di\u00e9e \u00e0 l\u2019ex\u00e9cution de son plan de transformation. Cette convention vise \u00e0 permettre \u00e0 l\u2019Adpme de mettre le focus sur des orientations structurantes pour la r\u00e9ussite de son plan de transformation ainsi que la d\u00e9finition des chantiers prioritaires \u00e0 fort impact. En plus de d\u00e9velopper de nouvelles approches visant \u00e0 renforcer l\u2019efficacit\u00e9 de l\u2019action publique en faveur des PME\/PMI, cette convention entend contribuer \u00e0 la valorisation des entreprises et \u00e0 la construction d\u2019une \u00e9conomie r\u00e9siliente, inclusive, durable et cr\u00e9atrice de valeur.<\/p>\n\n\n\n<p>Pour Serigne Gueye Diop, ministre de l\u2019Industrie et du Commerce, cette vision repose sur une conviction forte\u202f: l\u2019avenir du S\u00e9n\u00e9gal se construira par le travail, l\u2019innovation, l\u2019industrialisation et la valorisation de nos ressources nationales. \u00c0 l\u2019en croire, pour atteindre cet objectif, il est n\u00e9cessaire d\u2019op\u00e9rer une transformation structurelle de notre \u00e9conomie. Cela signifie, a-t-il ajout\u00e9, produire davantage, transformer localement nos ressources, renforcer notre base industrielle et soutenir l\u2019\u00e9mergence d\u2019un secteur priv\u00e9 fort et comp\u00e9titif. \u00ab\u202fLes PME constituent la force vive de notre \u00e9conomie. Elles sont les moteurs de la cr\u00e9ation d\u2019emplois, les incubateurs d\u2019innovation, les vecteurs de dynamisme \u00e9conomique dans nos territoires et les piliers d\u2019une croissance inclusive. Mais pour que les PME puissent jouer pleinement ce r\u00f4le strat\u00e9gique, nous devons leur offrir les conditions n\u00e9cessaires \u00e0 leur d\u00e9veloppement\u202f\u00bb, a-t-il dit, pr\u00e9cisant que pour ce faire, cela suppose un environnement des affaires plus favorable, un meilleur acc\u00e8s aux financements, un accompagnement technique renforc\u00e9, une int\u00e9gration plus forte dans les cha\u00eenes de valeur et une capacit\u00e9 accrue \u00e0 conqu\u00e9rir de nouveaux march\u00e9s.<\/p>\n\n\n\n<p>Avec son nouveau plan de transformation, l\u2019Adpme entend contribuer \u00e0 la territorialisation de l\u2019\u00e9conomie nationale, \u00e0 l\u2019industrialisation par la transformation des produits locaux, \u00e0 l\u2019exportation et \u00e0 la conqu\u00eate des march\u00e9s local, r\u00e9gional et international. Dans cette dynamique, l\u2019Agence vise, d\u2019ici \u00e0 2030, \u00e0 formaliser 100\u202f000 PME\/PMI, \u00e0 acc\u00e9l\u00e9rer la digitalisation de 10\u202f000 PME\/PMI, \u00e0 accompagner 400 start-up et 320 entreprises dans les fili\u00e8res et dans les p\u00f4les territoriaux.<\/p>\n\n\n\n<p>Selon Alpha Thiam, directeur g\u00e9n\u00e9ral de l\u2019Adpme, la Vision S\u00e9n\u00e9gal 2050 r\u00e9ussira si nous parvenons \u00e0 g\u00e9n\u00e9rer le maximum d\u2019entreprises. \u00ab\u202fMais elle r\u00e9ussira surtout si nous g\u00e9n\u00e9rons le maximum d\u2019entreprises viables, formelles, financ\u00e9es, bien g\u00e9r\u00e9es, technologiquement \u00e0 niveau, capables d\u2019honorer des march\u00e9s, de cr\u00e9er de la valeur, de payer des imp\u00f4ts, de cr\u00e9er des emplois durables et de devenir, demain, des locomotives de nos fili\u00e8res prioritaires\u202f\u00bb, a-t-il renseign\u00e9. \u00c0 cet effet, il a appel\u00e9 les diff\u00e9rents acteurs \u00e0 agir pour une transformation structurelle de notre \u00e9conomie. \u00c0 ce titre, il a milit\u00e9 pour un acc\u00e8s facile aux financements pour les PME, car, a-t-il dit, \u00ab\u202fChaque PME financ\u00e9e, c\u2019est de l\u2019emploi cr\u00e9\u00e9, de la valeur ajout\u00e9e locale, des importations remplac\u00e9es, des exportations potentielles et des territoires dynamis\u00e9s\u202f\u00bb.<\/p>\n\n\n\n<p>Pour sa part, Mabouba Diagne, ministre de l\u2019Agriculture, de la Souverainet\u00e9 alimentaire et de l\u2019\u00c9levage, a indiqu\u00e9 que les PME sont celles qui cr\u00e9ent le plus d\u2019emplois, innovent le plus rapidement et s\u2019adaptent le mieux aux r\u00e9alit\u00e9s des territoires. R\u00e9affirmant sa volont\u00e9 d\u2019accompagner l\u2019Adpme dans cette d\u00e9marche, le ministre a soulign\u00e9 que notre pays a besoin d\u2019entreprises capables de changer d\u2019\u00e9chelle, d\u2019investir, d\u2019innover et de conqu\u00e9rir les march\u00e9s r\u00e9gionaux et internationaux.<\/p>\n\n\n\n<p><strong>Bada MBATHIE<\/strong><br>LESOLEIL<\/p>\n\n\n\n<p><\/p>\n","protected":false},"excerpt":{"rendered":"<p>Dans une dynamique d\u2019incarner un changement de paradigme dans le secteur des PME\/PMI, l\u2019Agence de d\u00e9veloppement et d\u2019encadrement des petites<\/p>\n","protected":false},"author":1,"featured_media":69275,"comment_status":"open","ping_status":"open","sticky":false,"template":"","format":"standard","meta":{"footnotes":""},"categories":[3],"tags":[],"class_list":["post-69273","post","type-post","status-publish","format-standard","has-post-thumbnail","hentry","category-event-more-news"],"_links":{"self":[{"href":"https:\/\/dekkbi.com\/index.php?rest_route=\/wp\/v2\/posts\/69273","targetHints":{"allow":["GET"]}}],"collection":[{"href":"https:\/\/dekkbi.com\/index.php?rest_route=\/wp\/v2\/posts"}],"about":[{"href":"https:\/\/dekkbi.com\/index.php?rest_route=\/wp\/v2\/types\/post"}],"author":[{"embeddable":true,"href":"https:\/\/dekkbi.com\/index.php?rest_route=\/wp\/v2\/users\/1"}],"replies":[{"embeddable":true,"href":"https:\/\/dekkbi.com\/index.php?rest_route=%2Fwp%2Fv2%2Fcomments&post=69273"}],"version-history":[{"count":1,"href":"https:\/\/dekkbi.com\/index.php?rest_route=\/wp\/v2\/posts\/69273\/revisions"}],"predecessor-version":[{"id":69276,"href":"https:\/\/dekkbi.com\/index.php?rest_route=\/wp\/v2\/posts\/69273\/revisions\/69276"}],"wp:featuredmedia":[{"embeddable":true,"href":"https:\/\/dekkbi.com\/index.php?rest_route=\/wp\/v2\/media\/69275"}],"wp:attachment":[{"href":"https:\/\/dekkbi.com\/index.php?rest_route=%2Fwp%2Fv2%2Fmedia&parent=69273"}],"wp:term":[{"taxonomy":"category","embeddable":true,"href":"https:\/\/dekkbi.com\/index.php?rest_route=%2Fwp%2Fv2%2Fcategories&post=69273"},{"taxonomy":"post_tag","embeddable":true,"href":"https:\/\/dekkbi.com\/index.php?rest_route=%2Fwp%2Fv2%2Ftags&post=69273"}],"curies":[{"name":"wp","href":"https:\/\/api.w.org\/{rel}","templated":true}]}}