{"id":69267,"date":"2026-03-11T09:38:05","date_gmt":"2026-03-11T09:38:05","guid":{"rendered":"https:\/\/dekkbi.com\/?p=69267"},"modified":"2026-03-11T10:22:22","modified_gmt":"2026-03-11T10:22:22","slug":"vers-des-reformes-institutionnelles-en-vue-dun-bon-encadrement-des-pme","status":"publish","type":"post","link":"https:\/\/dekkbi.com\/?p=69267","title":{"rendered":"Vers des r\u00e9formes institutionnelles en vue d\u2019un bon encadrement des PME (Le secr\u00e9taire d\u2019\u00c9tat charg\u00e9 du D\u00e9veloppement des PME\/PMI, Ibrahima Thiam)"},"content":{"rendered":"\n<p>Dakar, (APS) \u2013 L\u2019\u00c9tat du S\u00e9n\u00e9gal va mener trois r\u00e9formes institutionnelles visant \u00e0 am\u00e9liorer la coh\u00e9rence et la coordination de sa politique de promotion des petites et moyennes entreprises (PME), a annonc\u00e9, mardi, \u00e0 Dakar, le secr\u00e9taire d\u2019\u00c9tat charg\u00e9 du D\u00e9veloppement des PME\/PMI, Ibrahima Thiam.<\/p>\n\n\n\n<p>Un conseil national des PME sera cr\u00e9\u00e9, selon lui.<\/p>\n\n\n\n<p>\u2018\u2019Il est important de revenir sur le cadre de gouvernance. Dans les 25 projets retenus par le gouvernement, dans le cadre de la strat\u00e9gie, figurent trois projets de d\u00e9crets et de lois que j\u2019ai soumis \u00e0 l\u2019autorit\u00e9, dans le cadre de la strat\u00e9gie de promotion des PME\u2019\u2019, a dit M. Thiam lors du lancement du plan de transformation de l\u2019Agence de d\u00e9veloppement et d\u2019encadrement des petites et moyennes entreprises (ADEPME).<\/p>\n\n\n\n<p>Ce plan baptis\u00e9 Impact PME va \u2018\u2019renforcer l\u2019encadrement des petites et moyennes entreprises et dynamiser l\u2019\u00e9cosyst\u00e8me entrepreneurial s\u00e9n\u00e9galais\u2019\u2019.<\/p>\n\n\n\n<p>Faisant allusion \u00e0 la loi d\u2019orientation de 2020, Ibrahima Thiam explique que le conseil national des PME qu\u2019il \u00e9voque regroupera les principaux acteurs de l\u2019\u00e9cosyst\u00e8me entrepreneurial. D\u2019apr\u00e8s lui, sa mission sera d\u2019assurer le suivi et le pilotage des politiques d\u2019encadrement des entreprises.<\/p>\n\n\n\n<p>Cette future instance devra \u00e9galement aider \u00e0 \u2018\u2019reconna\u00eetre officiellement les petites et moyennes entreprises respectant leurs obligations l\u00e9gales, afin de leur permettre d\u2019acc\u00e9der facilement aux m\u00e9canismes d\u2019appui et aux opportunit\u00e9s offertes par l\u2019\u00c9tat\u2019\u2019, a dit le secr\u00e9taire d\u2019\u00c9tat charg\u00e9 du D\u00e9veloppement des PME\/PMI.<\/p>\n\n\n\n<p>La mise en place d\u2019un fonds national de promotion des PME, destin\u00e9 \u00e0 renforcer les m\u00e9canismes de financement et d\u2019encadrement du secteur, figure \u00e9galement parmi les futurs dispositifs institutionnels, selon M. Thiam.<\/p>\n\n\n\n<p>Il dit \u00eatre convaincu que ces dispositifs aideront \u00e0 \u2018\u2019am\u00e9liorer la coh\u00e9rence et la coordination des interventions publiques en faveur des PME\u2019\u2019.<\/p>\n\n\n\n<p>Ibrahima Thiam a \u00e9voqu\u00e9 aussi l\u2019annonce faite par le Premier ministre, Ousmane Sonko, concernant la fusion, la suppression ou le rapprochement de certaines structures parapubliques intervenant dans l\u2019encadrement des entreprises.<\/p>\n\n\n\n<p>Selon lui, cette mesure permettra de mieux coordonner les strat\u00e9gies d\u2019intervention, de mutualiser les fonds d\u2019appui et de s\u00e9curiser les circuits d\u2019intervention.<\/p>\n\n\n\n<p>\u2018\u2019L\u2019enjeu est d\u00e9sormais de poursuivre les efforts engag\u00e9s afin de renforcer la visibilit\u00e9 et la comp\u00e9titivit\u00e9 des entreprises s\u00e9n\u00e9galaises, qui sont appel\u00e9es \u00e0 jouer un r\u00f4le central dans la transformation \u00e9conomique du pays\u2019\u2019, a ajout\u00e9 M. Thiam.<\/p>\n\n\n\n<p>AN\/SMD\/MTN\/ESF<\/p>\n","protected":false},"excerpt":{"rendered":"<p>Dakar, (APS) \u2013 L\u2019\u00c9tat du S\u00e9n\u00e9gal va mener trois r\u00e9formes institutionnelles visant \u00e0 am\u00e9liorer la coh\u00e9rence et la coordination de<\/p>\n","protected":false},"author":1,"featured_media":69268,"comment_status":"open","ping_status":"open","sticky":false,"template":"","format":"standard","meta":{"footnotes":""},"categories":[3],"tags":[],"class_list":["post-69267","post","type-post","status-publish","format-standard","has-post-thumbnail","hentry","category-event-more-news"],"_links":{"self":[{"href":"https:\/\/dekkbi.com\/index.php?rest_route=\/wp\/v2\/posts\/69267","targetHints":{"allow":["GET"]}}],"collection":[{"href":"https:\/\/dekkbi.com\/index.php?rest_route=\/wp\/v2\/posts"}],"about":[{"href":"https:\/\/dekkbi.com\/index.php?rest_route=\/wp\/v2\/types\/post"}],"author":[{"embeddable":true,"href":"https:\/\/dekkbi.com\/index.php?rest_route=\/wp\/v2\/users\/1"}],"replies":[{"embeddable":true,"href":"https:\/\/dekkbi.com\/index.php?rest_route=%2Fwp%2Fv2%2Fcomments&post=69267"}],"version-history":[{"count":2,"href":"https:\/\/dekkbi.com\/index.php?rest_route=\/wp\/v2\/posts\/69267\/revisions"}],"predecessor-version":[{"id":69284,"href":"https:\/\/dekkbi.com\/index.php?rest_route=\/wp\/v2\/posts\/69267\/revisions\/69284"}],"wp:featuredmedia":[{"embeddable":true,"href":"https:\/\/dekkbi.com\/index.php?rest_route=\/wp\/v2\/media\/69268"}],"wp:attachment":[{"href":"https:\/\/dekkbi.com\/index.php?rest_route=%2Fwp%2Fv2%2Fmedia&parent=69267"}],"wp:term":[{"taxonomy":"category","embeddable":true,"href":"https:\/\/dekkbi.com\/index.php?rest_route=%2Fwp%2Fv2%2Fcategories&post=69267"},{"taxonomy":"post_tag","embeddable":true,"href":"https:\/\/dekkbi.com\/index.php?rest_route=%2Fwp%2Fv2%2Ftags&post=69267"}],"curies":[{"name":"wp","href":"https:\/\/api.w.org\/{rel}","templated":true}]}}