{"id":69259,"date":"2026-03-11T09:27:13","date_gmt":"2026-03-11T09:27:13","guid":{"rendered":"https:\/\/dekkbi.com\/?p=69259"},"modified":"2026-03-11T09:27:14","modified_gmt":"2026-03-11T09:27:14","slug":"cooperation-economique-abdourahmane-sarr-recoit-un-responsable-du-tresor-americain","status":"publish","type":"post","link":"https:\/\/dekkbi.com\/?p=69259","title":{"rendered":"Coop\u00e9ration \u00e9conomique : Abdourahmane Sarr re\u00e7oit un responsable du Tr\u00e9sor am\u00e9ricain"},"content":{"rendered":"\n<p><strong>Le ministre de l\u2019\u00c9conomie, du Plan et de la Coop\u00e9ration, Abdourahmane Sarr, a re\u00e7u en audience, mardi \u00e0 Dakar, Eric Meyer, sous-secr\u00e9taire adjoint charg\u00e9 du Moyen-Orient et de l\u2019Afrique au d\u00e9partement du Tr\u00e9sor des \u00c9tats-Unis.<\/strong><\/p>\n\n\n\n<p>Cette rencontre s\u2019inscrit dans le cadre d\u2019une visite de travail consacr\u00e9e aux \u00e9changes sur les questions de financement des \u00e9conomies et de coop\u00e9ration financi\u00e8re.<br>\u00c0 cette occasion, le ministre a r\u00e9affirm\u00e9 la capacit\u00e9 de r\u00e9silience du march\u00e9 financier r\u00e9gional dans le financement des \u00c9tats, soulignant son r\u00f4le dans la mobilisation de ressources pour soutenir les politiques publiques et les investissements.<br>M. Sarr a \u00e9galement insist\u00e9 sur la n\u00e9cessit\u00e9 d\u2019acc\u00e9l\u00e9rer le d\u00e9veloppement de financements hors bilan de l\u2019\u00c9tat, notamment \u00e0 travers des m\u00e9canismes de recyclage d\u2019actifs publics, afin de mobiliser des ressources additionnelles destin\u00e9es au financement des investissements structurants.<\/p>\n\n\n\n<p><strong>S.G<\/strong><\/p>\n\n\n\n<p>LESOLEIL<\/p>\n","protected":false},"excerpt":{"rendered":"<p>Le ministre de l\u2019\u00c9conomie, du Plan et de la Coop\u00e9ration, Abdourahmane Sarr, a re\u00e7u en audience, mardi \u00e0 Dakar, Eric<\/p>\n","protected":false},"author":1,"featured_media":69260,"comment_status":"open","ping_status":"open","sticky":false,"template":"","format":"standard","meta":{"footnotes":""},"categories":[6],"tags":[],"class_list":["post-69259","post","type-post","status-publish","format-standard","has-post-thumbnail","hentry","category-politics"],"_links":{"self":[{"href":"https:\/\/dekkbi.com\/index.php?rest_route=\/wp\/v2\/posts\/69259","targetHints":{"allow":["GET"]}}],"collection":[{"href":"https:\/\/dekkbi.com\/index.php?rest_route=\/wp\/v2\/posts"}],"about":[{"href":"https:\/\/dekkbi.com\/index.php?rest_route=\/wp\/v2\/types\/post"}],"author":[{"embeddable":true,"href":"https:\/\/dekkbi.com\/index.php?rest_route=\/wp\/v2\/users\/1"}],"replies":[{"embeddable":true,"href":"https:\/\/dekkbi.com\/index.php?rest_route=%2Fwp%2Fv2%2Fcomments&post=69259"}],"version-history":[{"count":1,"href":"https:\/\/dekkbi.com\/index.php?rest_route=\/wp\/v2\/posts\/69259\/revisions"}],"predecessor-version":[{"id":69261,"href":"https:\/\/dekkbi.com\/index.php?rest_route=\/wp\/v2\/posts\/69259\/revisions\/69261"}],"wp:featuredmedia":[{"embeddable":true,"href":"https:\/\/dekkbi.com\/index.php?rest_route=\/wp\/v2\/media\/69260"}],"wp:attachment":[{"href":"https:\/\/dekkbi.com\/index.php?rest_route=%2Fwp%2Fv2%2Fmedia&parent=69259"}],"wp:term":[{"taxonomy":"category","embeddable":true,"href":"https:\/\/dekkbi.com\/index.php?rest_route=%2Fwp%2Fv2%2Fcategories&post=69259"},{"taxonomy":"post_tag","embeddable":true,"href":"https:\/\/dekkbi.com\/index.php?rest_route=%2Fwp%2Fv2%2Ftags&post=69259"}],"curies":[{"name":"wp","href":"https:\/\/api.w.org\/{rel}","templated":true}]}}