{"id":69256,"date":"2026-03-10T15:17:44","date_gmt":"2026-03-10T15:17:44","guid":{"rendered":"https:\/\/dekkbi.com\/?p=69256"},"modified":"2026-03-10T15:18:18","modified_gmt":"2026-03-10T15:18:18","slug":"liran-menace-donald-trump-et-bloque-le-marche-du-petrole","status":"publish","type":"post","link":"https:\/\/dekkbi.com\/?p=69256","title":{"rendered":"L&rsquo;Iran menace Donald Trump et bloque le march\u00e9 du p\u00e9trole"},"content":{"rendered":"\n<p>L&rsquo;Iran a menac\u00e9 mardi le pr\u00e9sident am\u00e9ricain, en rejetant ses avertissements de la veille et en jurant que plus aucune goutte de p\u00e9trole ne sortirait du Moyen-Orient \u00ab\u00a0jusqu&rsquo;\u00e0 nouvel ordre\u00a0\u00bb.<\/p>\n\n\n\n<p>\u00ab\u00a0Des plus puissants que vous ont essay\u00e9 d&rsquo;\u00e9liminer la nation iranienne et n&rsquo;ont pas r\u00e9ussi. Faites attention \u00e0 ne pas \u00eatre \u00e9limin\u00e9 vous-m\u00eame!\u00a0\u00bb, a \u00e9crit Ali Larijani, chef du Conseil supr\u00eame de s\u00e9curit\u00e9 nationale iranien, sur X.<\/p>\n\n\n\n<p>La R\u00e9publique islamique balaye ainsi les propos la veille de Donald Trump, qui promettait de frapper \u00ab\u00a0plus fort\u00a0\u00bb si T\u00e9h\u00e9ran continuait de paralyser la circulation du p\u00e9trole dans la r\u00e9gion.<\/p>\n\n\n\n<p>Une perspective qui angoisse les march\u00e9s, face \u00e0 un conflit qui embrase le Moyen-Orient depuis le 28 f\u00e9vrier et dont l&rsquo;issue est illisible.<\/p>\n\n\n\n<p>\u00ab\u00a0Les forces arm\u00e9es iraniennes (&#8230;) n&rsquo;autoriseront pas l&rsquo;exportation d&rsquo;un seul litre de p\u00e9trole de la r\u00e9gion vers le camp ennemi et ses partenaires jusqu&rsquo;\u00e0 nouvel ordre\u00a0\u00bb, a d\u00e9clar\u00e9 Ali Mohammad Naini, porte-parole des Gardiens de la R\u00e9volution, l&rsquo;arm\u00e9e id\u00e9ologique du pouvoir.<\/p>\n\n\n\n<p>Le pouvoir iranien contr\u00f4le de facto le tr\u00e8s strat\u00e9gique d\u00e9troit d&rsquo;Ormuz, par lequel transite un cinqui\u00e8me de la production mondiale de p\u00e9trole et de gaz naturel liqu\u00e9fi\u00e9 (GNL).<\/p>\n\n\n\n<h2 class=\"wp-block-heading\">Khamenei toujours invisible<\/h2>\n\n\n\n<p>Et il affiche sa d\u00e9termination apr\u00e8s avoir d\u00e9sign\u00e9 dimanche l&rsquo;ayatollah Mojtaba Khamenei nouveau guide supr\u00eame, dix jours apr\u00e8s la mort de son p\u00e8re dans des frappes isra\u00e9lo-am\u00e9ricaines.<\/p>\n\n\n\n<p>Deux jours plus tard, l&rsquo;h\u00e9ritier n&rsquo;est cependant toujours pas apparu en public. La t\u00e9l\u00e9vision d&rsquo;\u00c9tat a diffus\u00e9 un reportage sur les moments cl\u00e9s de son existence, le pr\u00e9sentant comme un \u00ab\u00a0v\u00e9t\u00e9ran bless\u00e9 de la guerre du Ramadan\u00a0\u00bb (le conflit en cours, ndlr), sans autre d\u00e9tail.<\/p>\n\n\n\n<p>Les efforts \u00ab\u00a0pour r\u00e9duire et contr\u00f4ler le prix du p\u00e9trole et du gaz seront ponctuels et vains. En temps de guerre, le commerce est tributaire de la s\u00e9curit\u00e9 r\u00e9gionale\u00a0\u00bb, a assur\u00e9 le porte-parole des Gardiens, selon l&rsquo;agence de presse Tasnim.<\/p>\n\n\n\n<p>Ces derniers ont promis de laisser transiter par le pr\u00e9cieux passage \u00ab\u00a0tout pays arabe ou europ\u00e9en qui expulserait les ambassadeurs isra\u00e9lien et am\u00e9ricain de son territoire\u00a0\u00bb.<\/p>\n\n\n\n<p>La veille, Donald Trump avait comme souvent laiss\u00e9 planer le doute sur ses projets. Tout en mena\u00e7ant T\u00e9h\u00e9ran, il avait assur\u00e9 que la guerre allait \u00ab\u00a0se terminer bient\u00f4t\u00a0\u00bb.<\/p>\n\n\n\n<p>Le dirigeant am\u00e9ricain avait aussi annonc\u00e9 son intention de lever certaines sanctions sur le p\u00e9trole \u00ab\u00a0afin de r\u00e9duire les prix\u00a0\u00bb qui se sont envol\u00e9s ces derniers jours. Sans pr\u00e9ciser pour autant de quelles sanctions il s&rsquo;agissait, ni quels pays \u00e9taient concern\u00e9s.<\/p>\n\n\n\n<h2 class=\"wp-block-heading\">Une raffinerie \u00e9miratie stopp\u00e9e<\/h2>\n\n\n\n<p>De fait, l&rsquo;or noir est sur toutes les l\u00e8vres.<\/p>\n\n\n\n<p>Le Qatar a d\u00e9nonc\u00e9 des attaques contre les installations \u00e9nerg\u00e9tiques \u00ab\u00a0des deux c\u00f4t\u00e9s\u00a0\u00bb, qui constituent selon lui \u00ab\u00a0un pr\u00e9c\u00e9dent dangereux\u00a0\u00bb. Le PDG de la compagnie p\u00e9troli\u00e8re saoudienne Aramco mettait lui en garde contre les \u00ab\u00a0cons\u00e9quences catastrophiques\u00a0\u00bb d&rsquo;un blocage prolong\u00e9 sur les march\u00e9s p\u00e9troliers.<\/p>\n\n\n\n<p>L&rsquo;Irak, l&rsquo;un des pays fondateurs de l&rsquo;Opep, qui tire 90% de ses revenus de l&rsquo;or noir et a lui-m\u00eame plusieurs p\u00e9troliers bloqu\u00e9s dans le Golfe, a indiqu\u00e9 chercher des voies alternatives. Hors de la r\u00e9gion, l&rsquo;Inde a d\u00e9cid\u00e9 d&rsquo;affecter en priorit\u00e9 le gaz \u00e0 la consommation des m\u00e9nages et aux transports.<\/p>\n\n\n\n<p>Les monarchies du Golfe tentent tant bien que mal de prot\u00e9ger des infrastructures d&rsquo;hydrocarbures constamment vis\u00e9es, afin de ne pas laisser la situation s&rsquo;aggraver.<\/p>\n\n\n\n<p>La raffinerie \u00e9miratie de Ruwais, l&rsquo;une des plus grandes du monde, a suspendu ses activit\u00e9s par \u00ab\u00a0pr\u00e9caution\u00a0\u00bb apr\u00e8s une attaque de drone sur la zone industrielle o\u00f9 elle est situ\u00e9e, selon une source proche du dossier. Celle-ci n&rsquo;a pas pr\u00e9cis\u00e9 \u00e0 l&rsquo;AFP si le complexe lui m\u00eame avait \u00e9t\u00e9 touch\u00e9.<\/p>\n\n\n\n<p>Le Kowe\u00eft et l&rsquo;Arabie saoudite ont dit avoir eux-m\u00eames abattu des a\u00e9ronefs sans pilote, omnipr\u00e9sents dans le conflit. Et Bahre\u00efn a d\u00e9plor\u00e9 deux morts dans la frappe d&rsquo;un immeuble r\u00e9sidentiel.<\/p>\n\n\n\n<p>En attendant d&rsquo;y voir plus clair, les march\u00e9s mondiaux ont fait volte-face apr\u00e8s la panique de lundi. Vers 11H10 GMT, le baril de West Texas Intermediate (WTI), r\u00e9f\u00e9rence du march\u00e9 am\u00e9ricain, reculait de 6,06. Le Brent de la mer du Nord perdait 7,03%.<\/p>\n\n\n\n<p>\u00ab\u00a0Il est rare que les march\u00e9s connaissent une telle volatilit\u00e9\u00a0\u00bb, constate Ipek Ozkardeskaya, analyste pour Swissquote Bank. Les propos de Donald Trump lundi ont permis d&rsquo;enrayer la chute des march\u00e9s. Mais le conflit se poursuit \u00ab\u00a0\u00e0 plein r\u00e9gime (&#8230;) et les intentions des Etats-Unis dans cette guerre restent floues\u00a0\u00bb.<\/p>\n\n\n\n<h2 class=\"wp-block-heading\">\u00ab\u00a0Briser les os\u00a0\u00bb<\/h2>\n\n\n\n<p>Mardi, le ministre am\u00e9ricain de la D\u00e9fense a affirm\u00e9 que la journ\u00e9e constituerait \u00ab\u00a0le jour le plus intense des frappes\u00a0\u00bb sur l&rsquo;Iran depuis le d\u00e9but de la guerre. \u00ab\u00a0Le plus grand nombre d&rsquo;avions de combat, de bombardiers, de frappes\u00a0\u00bb, a \u00e9num\u00e9r\u00e9 Pete Hegseth.<\/p>\n\n\n\n<p>\u00ab\u00a0Ce n&rsquo;est pas \u00e0 moi de conjecturer si c&rsquo;est le d\u00e9but, le milieu, ou la fin\u00a0\u00bb du conflit, a-t-il estim\u00e9, refusant de commenter les propos de son pr\u00e9sident.<\/p>\n\n\n\n<p>Isra\u00ebl \u00ab\u00a0brisera les os\u00a0\u00bb du pouvoir iranien, mais n&rsquo;en a \u00ab\u00a0pas encore fini\u00a0\u00bb avec lui, a d\u00e9clar\u00e9 de son c\u00f4t\u00e9 le Premier ministre isra\u00e9lien Benjamin Netanyahu.<\/p>\n\n\n\n<figure class=\"wp-block-image\"><img decoding=\"async\" src=\"https:\/\/information.tv5monde.com\/sites\/tv5-info\/files\/styles\/entete\/public\/2026-03\/field_media_image-2996007-12a9b57816b88c7daf7bfe08732e13bc83fd7475.jpg?itok=SF86FsTV\" alt=\"Les \u00c9tats-Unis et Isra\u00ebl bombardent l'Iran\" title=\"Les \u00c9tats-Unis et Isra\u00ebl bombardent l'Iran\"\/><\/figure>\n\n\n\n<p>Carte d&rsquo;Iran localisant des frappes et explosions r\u00e9pertori\u00e9es par l&rsquo;Institute for the Study of War and AEI&rsquo;s Critical Threats Project, au 9 mars \u00e0 21h GMT, ou rapport\u00e9es par les autorit\u00e9s iraniennes au 10 mars \u00e0 9h GMT (non exhaustif), depuis le 28 f\u00e9vrier, d\u00e9but de la guerre des \u00c9tats-Unis\/Isra\u00ebl et de l&rsquo;Iran<\/p>\n\n\n\n<p>AFP<\/p>\n\n\n\n<p>Luca MATTEUCCI, Julie PEREIRA, Nalini LEPETIT-CHELLA<\/p>\n\n\n\n<p>Son arm\u00e9e a annonc\u00e9 une nouvelle s\u00e9rie de frappes sur T\u00e9h\u00e9ran, o\u00f9 des journalistes de l&rsquo;AFP ont entendu peu apr\u00e8s des explosions.<\/p>\n\n\n\n<p>Elle frappe aussi toujours le Liban, disant viser les fiefs du mouvement pro-iranien Hezbollah dans le sud et l&rsquo;est du pays, victime collat\u00e9rale de la guerre avec l&rsquo;Iran.<\/p>\n\n\n\n<p>Les forces isra\u00e9liennes ont pr\u00e9venu de frappes sur Tyr et Sa\u00efda (sud), appelant les habitants de plusieurs immeubles \u00e0 \u00e9vacuer leur logement.<\/p>\n\n\n\n<p>Un sc\u00e9nario d\u00e9sormais courant, notamment pour Beyrouth, dont la banlieue sud a \u00e9t\u00e9 quasiment vid\u00e9e. Elle a \u00e9t\u00e9 de nouveau frapp\u00e9e mardi, selon des images de l&rsquo;AFPTV.<\/p>\n\n\n\n<p>Plus de 667.000 personnes ont \u00e9t\u00e9 d\u00e9plac\u00e9es par les frappes isra\u00e9liennes sur son voisin, dont 100.000 en 24 heures, selon le Haut commissariat de l&rsquo;ONU pour les r\u00e9fugi\u00e9s (HCR).<\/p>\n\n\n\n<p>Le Programme alimentaire mondial (PAM) des Nations unies a assur\u00e9 \u00eatre d\u00e9pass\u00e9 dans sa capacit\u00e9 de r\u00e9ponse, r\u00e9clamant des \u00ab\u00a0financements et soutien suppl\u00e9mentaires afin de pouvoir maintenir l&rsquo;ampleur de (son) intervention\u00a0\u00bb dans le pays du C\u00e8dre.<\/p>\n\n\n\n<p>burs-dla\/mdh<\/p>\n","protected":false},"excerpt":{"rendered":"<p>L&rsquo;Iran a menac\u00e9 mardi le pr\u00e9sident am\u00e9ricain, en rejetant ses avertissements de la veille et en jurant que plus aucune<\/p>\n","protected":false},"author":1,"featured_media":35999,"comment_status":"open","ping_status":"open","sticky":false,"template":"","format":"standard","meta":{"footnotes":""},"categories":[6],"tags":[],"class_list":["post-69256","post","type-post","status-publish","format-standard","has-post-thumbnail","hentry","category-politics"],"_links":{"self":[{"href":"https:\/\/dekkbi.com\/index.php?rest_route=\/wp\/v2\/posts\/69256","targetHints":{"allow":["GET"]}}],"collection":[{"href":"https:\/\/dekkbi.com\/index.php?rest_route=\/wp\/v2\/posts"}],"about":[{"href":"https:\/\/dekkbi.com\/index.php?rest_route=\/wp\/v2\/types\/post"}],"author":[{"embeddable":true,"href":"https:\/\/dekkbi.com\/index.php?rest_route=\/wp\/v2\/users\/1"}],"replies":[{"embeddable":true,"href":"https:\/\/dekkbi.com\/index.php?rest_route=%2Fwp%2Fv2%2Fcomments&post=69256"}],"version-history":[{"count":1,"href":"https:\/\/dekkbi.com\/index.php?rest_route=\/wp\/v2\/posts\/69256\/revisions"}],"predecessor-version":[{"id":69257,"href":"https:\/\/dekkbi.com\/index.php?rest_route=\/wp\/v2\/posts\/69256\/revisions\/69257"}],"wp:featuredmedia":[{"embeddable":true,"href":"https:\/\/dekkbi.com\/index.php?rest_route=\/wp\/v2\/media\/35999"}],"wp:attachment":[{"href":"https:\/\/dekkbi.com\/index.php?rest_route=%2Fwp%2Fv2%2Fmedia&parent=69256"}],"wp:term":[{"taxonomy":"category","embeddable":true,"href":"https:\/\/dekkbi.com\/index.php?rest_route=%2Fwp%2Fv2%2Fcategories&post=69256"},{"taxonomy":"post_tag","embeddable":true,"href":"https:\/\/dekkbi.com\/index.php?rest_route=%2Fwp%2Fv2%2Ftags&post=69256"}],"curies":[{"name":"wp","href":"https:\/\/api.w.org\/{rel}","templated":true}]}}