{"id":69252,"date":"2026-03-10T15:11:12","date_gmt":"2026-03-10T15:11:12","guid":{"rendered":"https:\/\/dekkbi.com\/?p=69252"},"modified":"2026-03-10T15:12:18","modified_gmt":"2026-03-10T15:12:18","slug":"l1-kantari-limoge-nantes-joue-son-va-tout-avec-la-surprise-halilhodzic","status":"publish","type":"post","link":"https:\/\/dekkbi.com\/?p=69252","title":{"rendered":"Nantes joue son va-tout avec la surprise Halilhodzic"},"content":{"rendered":"\n<p>Incapable de redresser la barre d&rsquo;un FC Nantes s\u00e9rieusement menac\u00e9 de rel\u00e9gation, Ahmed Kantari a \u00e9t\u00e9 limog\u00e9 mardi par des Canaris qui esp\u00e8rent boucler rapidement l&rsquo;arriv\u00e9e d&rsquo;un grand ancien, Vahid Halilhodzic, pour le remplacer.<\/p>\n\n\n\n<p>Si le sort de Kantari semblait presque r\u00e9gl\u00e9 apr\u00e8s la d\u00e9faite (1-0) contre Angers samedi, la huiti\u00e8me en dix journ\u00e9es de L1 sous ses ordres, l&rsquo;identit\u00e9 de son successeur tr\u00e8s probable a surpris.<\/p>\n\n\n\n<p>\u00c2g\u00e9 de 73 ans, ancien buteur du club dans les ann\u00e9es 1980, Halilhodzic avait d\u00e9j\u00e0 fait un passage sur le banc Jaune et Vert lors de la saison 2018\/2019, succ\u00e9dant alors au Portugais Miguel Cardoso d\u00e9but octobre apr\u00e8s huit journ\u00e9es pour finir la saison.<\/p>\n\n\n\n<p>Depuis la fin de ses trois ann\u00e9es \u00e0 la t\u00eate du Maroc, Halilhodzic semblait couler une retraite paisible et m\u00e9rit\u00e9e, rejetant plusieurs propositions, selon une source proche du technicien.<\/p>\n\n\n\n<p>Mais sollicit\u00e9 avec insistance par son club de coeur depuis dimanche, il a fini par c\u00e9der et devrait arriver en soir\u00e9e sur les bords de l&rsquo;Erdre pour finaliser son contrat, selon la m\u00eame source.<\/p>\n\n\n\n<p>Comme lors de la saison 2023\/2024 o\u00f9 Jocelyn Gourvennec avait succ\u00e9d\u00e9 \u00e0 Pierre Aristouy avant d&rsquo;\u00eatre lui-m\u00eame remplac\u00e9 par Antoine Kombouar\u00e9 \u00e0 huit journ\u00e9es de la fin, le FCN s&rsquo;offre donc une nouvelle saison \u00e0 trois entra\u00eeneurs.<\/p>\n\n\n\n<h2 class=\"wp-block-heading\">Le barrage pour seul horizon<\/h2>\n\n\n\n<p>Tout sauf une surprise pour un club qui en sera \u00e0 son 22e technicien diff\u00e9rent &#8212; hors int\u00e9rims &#8212; depuis son rachat par la famille Kita en 2007.<\/p>\n\n\n\n<p>Barragistes au retour du Kanak pour son deuxi\u00e8me passage sur leur banc, les Nantais avaient finalement termin\u00e9 la saison avec quatre points de marge sur la rel\u00e9gation, avant de faire toute une saison sous les ordres de Kombouar\u00e9, achev\u00e9e avec un matelas de trois points seulement.<\/p>\n\n\n\n<p>S&rsquo;il n&rsquo;est donc pas \u00e9tonnant de retrouver les Jaune et Vert encore en mauvaise posture cette ann\u00e9e, la situation semble pourtant encore plus critique.<\/p>\n\n\n\n<p>Nantes est actuellement 17e et donc rel\u00e9gable, avec pour seul horizon de rattraper Auxerre, 16e et barragiste virtuel, \u00e0 deux longueurs, puisque Nice, 15e, est d\u00e9j\u00e0 \u00e0 sept unit\u00e9s.<\/p>\n\n\n\n<p>Cette saison, absolument rien n&rsquo;a fonctionn\u00e9 dans les choix du duo p\u00e8re-fils form\u00e9 par Waldemar et Franck Kita, respectivement pr\u00e9sident et directeur g\u00e9n\u00e9ral d\u00e9l\u00e9gu\u00e9.<\/p>\n\n\n\n<p>Le recrutement estival a \u00e9t\u00e9 un fiasco retentissant, plombant le passage du coach Luis Castro qui semblait pourtant une nomination prometteuse en d\u00e9but d&rsquo;exercice, apr\u00e8s sa belle r\u00e9ussite \u00e0 Dunkerque, en Ligue 2.<\/p>\n\n\n\n<p>Mais en perdant patience apr\u00e8s 15 journ\u00e9es, le club n&rsquo;aura jamais vraiment donn\u00e9 une chance au Portugais de mener \u00e0 bien la v\u00e9ritable r\u00e9volution culturelle pour laquelle il avait \u00e9t\u00e9 engag\u00e9.<\/p>\n\n\n\n<h2 class=\"wp-block-heading\">Une manoeuvre d\u00e9sesp\u00e9r\u00e9e<\/h2>\n\n\n\n<p>Le choix de Kantari pour lui succ\u00e9der avait d\u00e9j\u00e0 suscit\u00e9 un certain scepticisme, l&rsquo;ancien adjoint de Kombouar\u00e9 la saison pr\u00e9c\u00e9dente n&rsquo;ayant aucune exp\u00e9rience en L1, tout comme Castro d&rsquo;ailleurs.<\/p>\n\n\n\n<p>Pour ne rien arranger, le mercato d&rsquo;hiver, bien qu&rsquo;actif avec six arriv\u00e9es et cinq d\u00e9parts, n&rsquo;avait pas apport\u00e9 l&rsquo;\u00e9tincelle escompt\u00e9e.<\/p>\n\n\n\n<p>Si l&rsquo;international libyen Ali Youssef en d\u00e9fense ou Mohamed Kaba au milieu se sont impos\u00e9s, tout comme Deiver Machado \u00e0 gauche, Abakar Sylla et Ibrahima Sissoko ont \u00e9t\u00e9 \u00e9cart\u00e9s par Kantari et R\u00e9my Cabella n&rsquo;est qu&rsquo;un joker de luxe.<\/p>\n\n\n\n<p>S&rsquo;il faut trouver une logique au recours \u00e0 Halilhodzic &#8212; qui a tout d&rsquo;une manoeuvre d\u00e9sesp\u00e9r\u00e9e &#8211;, c&rsquo;est justement sans doute dans l&rsquo;absence totale de ligne directrice sportive au club depuis des ann\u00e9es.<\/p>\n\n\n\n<p>Dans un contexte en plus empoisonn\u00e9 avec le public de la Beaujoire, sur quels leviers Halilhodzic pourra-t-il s&rsquo;appuyer apr\u00e8s tant de temps loin du terrain et avec un effectif qu&rsquo;il ne conna\u00eet pas ?<\/p>\n\n\n\n<p>La question r\u00e9sonne d&rsquo;autant plus fort que le temps presse.<\/p>\n\n\n\n<p>Son premier match sur le banc sera la r\u00e9ception de Strasbourg, un candidat \u00e0 l&rsquo;Europe, le 22 mars, avant deux d\u00e9placements capitaux \u00e0 Metz (18e) puis Auxerre (16e) qui seront pratiquement d\u00e9j\u00e0 ceux de la derni\u00e8re chance.<\/p>\n","protected":false},"excerpt":{"rendered":"<p>Incapable de redresser la barre d&rsquo;un FC Nantes s\u00e9rieusement menac\u00e9 de rel\u00e9gation, Ahmed Kantari a \u00e9t\u00e9 limog\u00e9 mardi par des<\/p>\n","protected":false},"author":1,"featured_media":69253,"comment_status":"open","ping_status":"open","sticky":false,"template":"","format":"standard","meta":{"footnotes":""},"categories":[9],"tags":[],"class_list":["post-69252","post","type-post","status-publish","format-standard","has-post-thumbnail","hentry","category-sports"],"_links":{"self":[{"href":"https:\/\/dekkbi.com\/index.php?rest_route=\/wp\/v2\/posts\/69252","targetHints":{"allow":["GET"]}}],"collection":[{"href":"https:\/\/dekkbi.com\/index.php?rest_route=\/wp\/v2\/posts"}],"about":[{"href":"https:\/\/dekkbi.com\/index.php?rest_route=\/wp\/v2\/types\/post"}],"author":[{"embeddable":true,"href":"https:\/\/dekkbi.com\/index.php?rest_route=\/wp\/v2\/users\/1"}],"replies":[{"embeddable":true,"href":"https:\/\/dekkbi.com\/index.php?rest_route=%2Fwp%2Fv2%2Fcomments&post=69252"}],"version-history":[{"count":2,"href":"https:\/\/dekkbi.com\/index.php?rest_route=\/wp\/v2\/posts\/69252\/revisions"}],"predecessor-version":[{"id":69255,"href":"https:\/\/dekkbi.com\/index.php?rest_route=\/wp\/v2\/posts\/69252\/revisions\/69255"}],"wp:featuredmedia":[{"embeddable":true,"href":"https:\/\/dekkbi.com\/index.php?rest_route=\/wp\/v2\/media\/69253"}],"wp:attachment":[{"href":"https:\/\/dekkbi.com\/index.php?rest_route=%2Fwp%2Fv2%2Fmedia&parent=69252"}],"wp:term":[{"taxonomy":"category","embeddable":true,"href":"https:\/\/dekkbi.com\/index.php?rest_route=%2Fwp%2Fv2%2Fcategories&post=69252"},{"taxonomy":"post_tag","embeddable":true,"href":"https:\/\/dekkbi.com\/index.php?rest_route=%2Fwp%2Fv2%2Ftags&post=69252"}],"curies":[{"name":"wp","href":"https:\/\/api.w.org\/{rel}","templated":true}]}}