{"id":69242,"date":"2026-03-10T14:55:50","date_gmt":"2026-03-10T14:55:50","guid":{"rendered":"https:\/\/dekkbi.com\/?p=69242"},"modified":"2026-03-10T14:55:51","modified_gmt":"2026-03-10T14:55:51","slug":"etats-unis-les-enqueteurs-fouillent-le-ranch-de-jeffrey-epstein-au-nouveau-mexique","status":"publish","type":"post","link":"https:\/\/dekkbi.com\/?p=69242","title":{"rendered":"\u00c9tats-Unis: les enqu\u00eateurs fouillent le ranch de Jeffrey Epstein au Nouveau-Mexique"},"content":{"rendered":"\n<p>Des enqu\u00eateurs am\u00e9ricains ont commenc\u00e9 \u00e0 fouiller la propri\u00e9t\u00e9 de Jeffrey Epstein au Nouveau-Mexique, dans le cadre d&rsquo;accusations selon lesquelles des jeunes filles et des femmes y auraient aussi \u00e9t\u00e9 victimes du criminel sexuel.<\/p>\n\n\n\n<p><strong>Par : RFI avec AFP<\/strong><\/p>\n\n\n\n<p>Son ranch aurait-il pu servir \u00e0 son trafic sexuel ? C&rsquo;est en tout cas ce que cherchent \u00e0 d\u00e9terminer des enqu\u00eateurs am\u00e9ricains, qui ont commenc\u00e9 \u00e0 fouiller la propri\u00e9t\u00e9 de Jeffrey Epstein au Nouveau-Mexique. L&rsquo;op\u00e9ration fait suite \u00e0 la r\u00e9ouverture dans cet \u00c9tat du sud-ouest des\u00a0<strong>\u00c9tats-Unis<\/strong>\u00a0des investigations sur les agissements de l&rsquo;ex-financier dans le ranch Zorro, dont le nom appara\u00eet des milliers de fois dans les archives d\u00e9classifi\u00e9es du dossier. \u00ab\u00a0<em>Cette fouille s&rsquo;inscrit dans le cadre de l&rsquo;enqu\u00eate p\u00e9nale annonc\u00e9e le 19 f\u00e9vrier par le minist\u00e8re de la Justice du Nouveau-Mexique concernant des accusations d&rsquo;activit\u00e9s ill\u00e9gales au ranch d&rsquo;Epstein avant<\/em>\u00a0[sa]\u00a0<em>mort en 2019<\/em>\u00a0\u00bb, a d\u00e9clar\u00e9 le minist\u00e8re dans un communiqu\u00e9.<\/p>\n\n\n\n<p>\u00ab&nbsp;<em>Les survivantes d&rsquo;Epstein ont attendu bien trop longtemps pour obtenir justice et le Nouveau-Mexique montre la voie dans la qu\u00eate de v\u00e9rit\u00e9<\/em>&nbsp;\u00bb, a estim\u00e9 Melanie Stansbury, d\u00e9put\u00e9e f\u00e9d\u00e9rale de l&rsquo;\u00c9tat, sur X. \u00ab&nbsp;<em>Nous ne n\u00e9gligeons aucune piste&nbsp;<\/em>\u00bb, a-t-elle ajout\u00e9, soulignant que le minist\u00e8re de la Justice du Nouveau-Mexique \u00ab&nbsp;<em>recherche des informations cr\u00e9dibles sur les crimes commis par Epstein et ses associ\u00e9s&nbsp;<\/em>\u00bb dans l&rsquo;\u00c9tat.<\/p>\n\n\n\n<h2 class=\"wp-block-heading\">Deux corps enterr\u00e9s ?<\/h2>\n\n\n\n<p>Selon plusieurs m\u00e9dias am\u00e9ricains, les autorit\u00e9s locales ont demand\u00e9 en f\u00e9vrier au minist\u00e8re f\u00e9d\u00e9ral de la Justice une version non caviard\u00e9e d&rsquo;un courriel de 2019 figurant dans le\u00a0<strong>dossier Epstein<\/strong>. Ce message affirme que le milliardaire aurait fait enterrer les corps de deux jeunes filles \u00e9trang\u00e8res \u00ab<em>\u00a0dans les collines\u00a0<\/em>\u00bb autour du ranch Zorro.<\/p>\n\n\n\n<p>Jeffrey Epstein avait \u00e9t\u00e9 arr\u00eat\u00e9 et inculp\u00e9 en juillet 2019 pour exploitation sexuelle de mineures et association de malfaiteurs. Il a \u00e9t\u00e9 retrouv\u00e9 pendu dans sa cellule le 10 ao\u00fbt 2019, alors qu&rsquo;il attendait son proc\u00e8s. L&rsquo;autopsie a conclu \u00e0 un suicide.<\/p>\n\n\n\n<p>D\u00e9j\u00e0 accus\u00e9 plus de dix ans auparavant en Floride pour avoir eu recours \u00e0 des prostitu\u00e9es mineures, il avait \u00e9t\u00e9 condamn\u00e9 en 2008 \u00e0 une peine am\u00e9nag\u00e9e de 13 mois de prison, selon un accord secret pass\u00e9 avec un procureur, qui lui avait permis d&rsquo;\u00e9chapper \u00e0 des poursuites f\u00e9d\u00e9rales.<\/p>\n\n\n\n<p>Apr\u00e8s la mort de Jeffrey Epstein, une femme identifi\u00e9e sous le pseudonyme de \u00ab&nbsp;<em>Jane Doe 15&nbsp;<\/em>\u00bb a d\u00e9clar\u00e9 aux journalistes que le criminel l&rsquo;avait viol\u00e9e au ranch Zorro lorsqu&rsquo;elle avait 15 ans.<\/p>\n","protected":false},"excerpt":{"rendered":"<p>Des enqu\u00eateurs am\u00e9ricains ont commenc\u00e9 \u00e0 fouiller la propri\u00e9t\u00e9 de Jeffrey Epstein au Nouveau-Mexique, dans le cadre d&rsquo;accusations selon lesquelles<\/p>\n","protected":false},"author":1,"featured_media":69243,"comment_status":"open","ping_status":"open","sticky":false,"template":"","format":"standard","meta":{"footnotes":""},"categories":[51],"tags":[],"class_list":["post-69242","post","type-post","status-publish","format-standard","has-post-thumbnail","hentry","category-general"],"_links":{"self":[{"href":"https:\/\/dekkbi.com\/index.php?rest_route=\/wp\/v2\/posts\/69242","targetHints":{"allow":["GET"]}}],"collection":[{"href":"https:\/\/dekkbi.com\/index.php?rest_route=\/wp\/v2\/posts"}],"about":[{"href":"https:\/\/dekkbi.com\/index.php?rest_route=\/wp\/v2\/types\/post"}],"author":[{"embeddable":true,"href":"https:\/\/dekkbi.com\/index.php?rest_route=\/wp\/v2\/users\/1"}],"replies":[{"embeddable":true,"href":"https:\/\/dekkbi.com\/index.php?rest_route=%2Fwp%2Fv2%2Fcomments&post=69242"}],"version-history":[{"count":1,"href":"https:\/\/dekkbi.com\/index.php?rest_route=\/wp\/v2\/posts\/69242\/revisions"}],"predecessor-version":[{"id":69244,"href":"https:\/\/dekkbi.com\/index.php?rest_route=\/wp\/v2\/posts\/69242\/revisions\/69244"}],"wp:featuredmedia":[{"embeddable":true,"href":"https:\/\/dekkbi.com\/index.php?rest_route=\/wp\/v2\/media\/69243"}],"wp:attachment":[{"href":"https:\/\/dekkbi.com\/index.php?rest_route=%2Fwp%2Fv2%2Fmedia&parent=69242"}],"wp:term":[{"taxonomy":"category","embeddable":true,"href":"https:\/\/dekkbi.com\/index.php?rest_route=%2Fwp%2Fv2%2Fcategories&post=69242"},{"taxonomy":"post_tag","embeddable":true,"href":"https:\/\/dekkbi.com\/index.php?rest_route=%2Fwp%2Fv2%2Ftags&post=69242"}],"curies":[{"name":"wp","href":"https:\/\/api.w.org\/{rel}","templated":true}]}}