{"id":69235,"date":"2026-03-10T14:45:25","date_gmt":"2026-03-10T14:45:25","guid":{"rendered":"https:\/\/dekkbi.com\/?p=69235"},"modified":"2026-03-10T14:48:39","modified_gmt":"2026-03-10T14:48:39","slug":"le-rwanda-affine-sa-strategie-energetique-au-sommet-mondial-du-nucleaire-civil","status":"publish","type":"post","link":"https:\/\/dekkbi.com\/?p=69235","title":{"rendered":"Le Rwanda affine sa strat\u00e9gie \u00e9nerg\u00e9tique au sommet mondial du nucl\u00e9aire civil"},"content":{"rendered":"\n<p>Paris accueille, mardi 10 mars, le deuxi\u00e8me sommet mondial sur l\u2019\u00e9nergie nucl\u00e9aire civile.&nbsp;Parmi les chefs d\u2019\u00c9tat attendus \u00e0 cet \u00e9v\u00e9nement, le pr\u00e9sident rwandais Paul Kagame qui, pour la premi\u00e8re fois depuis quelques ann\u00e9es, exprime&nbsp;ouvertement son ambition de diversifier sa production \u00e9nerg\u00e9tique par l\u2019\u00e9nergie nucl\u00e9aire. La veille,&nbsp;l\u2019Agence internationale de l\u2019\u00e9nergie atomique (AIEA) a&nbsp;conclu une premi\u00e8re mission d\u2019examen int\u00e9gr\u00e9 de l\u2019infrastructure nucl\u00e9aire \u00e0 Kigali. Objectif : \u00e9valuer l\u2019\u00e9tat d\u2019avancement de la strat\u00e9gie et formuler des recommandations.<\/p>\n\n\n\n<p><em>Avec <strong>Lucie Mouillaud<\/strong><\/em> <em>correspondante  RFI \u00e0 Kigali,\u00a0<\/em><\/p>\n\n\n\n<p>C&rsquo;est une d\u00e9marche qui a \u00e9t\u00e9 lanc\u00e9e depuis plusieurs ann\u00e9es : celle de doter le\u00a0<strong>Rwanda<\/strong>\u00a0d&rsquo;\u00e9nergie\u00a0<strong>nucl\u00e9aire<\/strong>\u00a0civile.\u00a0\u00ab\u00a0<em>Nous avons d\u00e9j\u00e0 r\u00e9alis\u00e9 une \u00e9tude de pr\u00e9faisabilit\u00e9 o\u00f9 nous avons pr\u00e9s\u00e9lectionn\u00e9 des sites potentiels qui pourraient accueillir une centrale nucl\u00e9aire<\/em>\u00a0\u00bb, explique<em>\u00a0<\/em>le docteur Fidele Ndahayo, pr\u00e9sident du Bureau rwandais de l\u2019\u00e9nergie atomique (RAEB), cr\u00e9\u00e9 en 2020 pour superviser le secteur dans le pays.<\/p>\n\n\n\n<p>\u00ab<em>&nbsp;Nous avons aussi effectu\u00e9 une premi\u00e8re \u00e9valuation de notre r\u00e9seau \u00e9lectrique pour voir dans quel \u00e9tat il se trouve actuellement et v\u00e9rifier s\u2019il est pr\u00eat \u00e0 recevoir l\u2019\u00e9lectricit\u00e9 qui sera produite par l\u2019\u00e9nergie nucl\u00e9aire<\/em>. \u00bb&nbsp;<\/p>\n\n\n\n<h2 class=\"wp-block-heading\">D\u00e9velopper des petits r\u00e9acteurs nucl\u00e9aires<\/h2>\n\n\n\n<p>Autre avanc\u00e9e r\u00e9alis\u00e9e : la r\u00e9daction de r\u00e9gulations du secteur nucl\u00e9aire. Parmi les principales sources de production d\u2019<strong>\u00e9nergie<\/strong>\u00a0dans le pays aujourd\u2019hui : les barrages et centrales hydrauliques, et le gaz m\u00e9thane du lac Kivu. Mais le Rwanda cherche \u00e0 diversifier son approche \u00e9nerg\u00e9tique.\u00a0<\/p>\n\n\n\n<p>\u00ab&nbsp;<em>Nous anticipons, dans les prochaines ann\u00e9es, un d\u00e9s\u00e9quilibre entre la demande d\u2019\u00e9nergie et la production. Aujourd\u2019hui, avec les technologies de petits r\u00e9acteurs nucl\u00e9aires modulaires (SMR) que nous souhaitons utiliser, nous travaillons avec comme objectif d\u2019avoir une premi\u00e8re unit\u00e9 produisant de l\u2019\u00e9lectricit\u00e9 au Rwanda au d\u00e9but des ann\u00e9es 2030&nbsp;<\/em>\u00bb, pr\u00e9cise le docteur.<\/p>\n\n\n\n<p>Un projet \u00e0 long terme. Au d\u00e9but de la visite de l\u2019<strong>AIEA<\/strong>\u00a0au Rwanda, les experts de l\u2019agence internationale ont rappel\u00e9 que le processus de d\u00e9veloppement de l\u2019\u00e9nergie nucl\u00e9aire prend g\u00e9n\u00e9ralement entre dix et quinze ans de travail.\u00a0<\/p>\n\n\n\n<p>Kigali accueillera d\u2019ailleurs au mois de mai le sommet sur l\u2019innovation en \u00e9nergie nucl\u00e9aire en Afrique. Aujourd&rsquo;hui, l&rsquo;Afrique du Sud est le seul pays du continent \u00e0 avoir une centrale nucl\u00e9aire en op\u00e9ration.&nbsp;<\/p>\n","protected":false},"excerpt":{"rendered":"<p>Paris accueille, mardi 10 mars, le deuxi\u00e8me sommet mondial sur l\u2019\u00e9nergie nucl\u00e9aire civile.&nbsp;Parmi les chefs d\u2019\u00c9tat attendus \u00e0 cet \u00e9v\u00e9nement,<\/p>\n","protected":false},"author":1,"featured_media":10625,"comment_status":"open","ping_status":"open","sticky":false,"template":"","format":"standard","meta":{"footnotes":""},"categories":[51],"tags":[],"class_list":["post-69235","post","type-post","status-publish","format-standard","has-post-thumbnail","hentry","category-general"],"_links":{"self":[{"href":"https:\/\/dekkbi.com\/index.php?rest_route=\/wp\/v2\/posts\/69235","targetHints":{"allow":["GET"]}}],"collection":[{"href":"https:\/\/dekkbi.com\/index.php?rest_route=\/wp\/v2\/posts"}],"about":[{"href":"https:\/\/dekkbi.com\/index.php?rest_route=\/wp\/v2\/types\/post"}],"author":[{"embeddable":true,"href":"https:\/\/dekkbi.com\/index.php?rest_route=\/wp\/v2\/users\/1"}],"replies":[{"embeddable":true,"href":"https:\/\/dekkbi.com\/index.php?rest_route=%2Fwp%2Fv2%2Fcomments&post=69235"}],"version-history":[{"count":1,"href":"https:\/\/dekkbi.com\/index.php?rest_route=\/wp\/v2\/posts\/69235\/revisions"}],"predecessor-version":[{"id":69236,"href":"https:\/\/dekkbi.com\/index.php?rest_route=\/wp\/v2\/posts\/69235\/revisions\/69236"}],"wp:featuredmedia":[{"embeddable":true,"href":"https:\/\/dekkbi.com\/index.php?rest_route=\/wp\/v2\/media\/10625"}],"wp:attachment":[{"href":"https:\/\/dekkbi.com\/index.php?rest_route=%2Fwp%2Fv2%2Fmedia&parent=69235"}],"wp:term":[{"taxonomy":"category","embeddable":true,"href":"https:\/\/dekkbi.com\/index.php?rest_route=%2Fwp%2Fv2%2Fcategories&post=69235"},{"taxonomy":"post_tag","embeddable":true,"href":"https:\/\/dekkbi.com\/index.php?rest_route=%2Fwp%2Fv2%2Ftags&post=69235"}],"curies":[{"name":"wp","href":"https:\/\/api.w.org\/{rel}","templated":true}]}}