{"id":6908,"date":"2023-01-28T09:45:54","date_gmt":"2023-01-28T09:45:54","guid":{"rendered":"https:\/\/dekkbi.com\/?p=6908"},"modified":"2023-01-28T09:45:55","modified_gmt":"2023-01-28T09:45:55","slug":"premier-congres-des-forces-democratiques-du-senegal-fds-guelwars-vers-la-validation-de-la-candidature-de-dr-babacar-diop","status":"publish","type":"post","link":"https:\/\/dekkbi.com\/?p=6908","title":{"rendered":"Premier congres des forces d\u00e9mocratiques du S\u00e9n\u00e9gal (fds\/guelwars) : vers la validation de la candidature de Dr Babacar Diop"},"content":{"rendered":"\n<p>Le premier congr\u00e8s des Forces d\u00e9mocratiques du S\u00e9n\u00e9gal, (FDS\/GUELWARS) s\u2019est ouvert hier, vendredi 27 janvier au Centre international du commerce ext\u00e9rieur du S\u00e9n\u00e9gal (CICES) a\u0300 Dakar. Plac\u00e9 sous le th\u00e8me : \u00ab Reconstruire la souverainet\u00e9\u0301 des peuples \u00bb, cette rencontre qui prendra fin demain, dimanche, pourrait d\u00e9boucher sur la validation de la candidature du maire de Thi\u00e8s et leader des FDS\/GUELWARS, Dr Babacar Diop \u00e0 la prochaine pr\u00e9sidentielle de 2024. Et ce, conform\u00e9ment aux r\u00e9solutions du s\u00e9minaire tenu au mois d\u2019octobre dernier qui avait regroup\u00e9 l\u2019ensemble des d\u00e9l\u00e9gu\u00e9s venant de tous les d\u00e9partements. A l\u2019\u00e9poque, les participants \u00e0 ce conclave avaient pr\u00f4n\u00e9 la candidature de Dr Babacar Diop \u00e0 l\u2019\u00e9lection pr\u00e9sidentielle.Outre la question de la participation \u00e0 la pr\u00e9sidentielle de 2024, ce premier congr\u00e8s des Forces d\u00e9mocratiques du S\u00e9n\u00e9gal va \u00e9galement se pencher sur le fonctionnement du parti. Interpell\u00e9, Assane Kane, charg\u00e9 de la communication renseigne que ces trois jours de travail seront mis \u00e0 contribution pour revoir les orientations id\u00e9ologiques du parti, les statuts du parti mais \u00e9galement le r\u00e8glement int\u00e9rieur \u00bb. Poursuivant son propos, le charg\u00e9 de la communication des Fds pr\u00e9cise \u00e9galement qu\u2019au-del\u00e0 de ce lifting des textes du parti, ce congr\u00e8s va aborder d\u2019autres questions notamment celles relatives \u00e0 l\u2019\u00e9lection du nouveau secr\u00e9taire g\u00e9n\u00e9ral mais aussi du choix du candidat des FDS\/GUELWARS en 2024. \u00ab Nous avons cr\u00e9\u00e9 notre parti en 2018, au bout de 4 ans, il fallait aller \u00e0 un congr\u00e8s, justement, pour renouveler les instances de base du parti et \u00e9lire un nouveau secr\u00e9taire g\u00e9n\u00e9ral. Nous allons \u00e9galement adopter un nouvel organigramme pour le parti. Et enfin, le congr\u00e8s va se prononcer sur l\u2019\u00e9lection pr\u00e9sidentielle de 2024 : est-ce que le parti aura ou non un candidat ? \u00bb, a-t-il renseign\u00e9<\/p>\n\n\n\n<p>NANDO CABRAL GOMIS<\/p>\n\n\n\n<p>SUDONLINE <\/p>\n","protected":false},"excerpt":{"rendered":"<p>Le premier congr\u00e8s des Forces d\u00e9mocratiques du S\u00e9n\u00e9gal, (FDS\/GUELWARS) s\u2019est ouvert hier, vendredi 27 janvier au Centre international du commerce<\/p>\n","protected":false},"author":1,"featured_media":6512,"comment_status":"open","ping_status":"open","sticky":false,"template":"","format":"standard","meta":{"footnotes":""},"categories":[21],"tags":[],"class_list":["post-6908","post","type-post","status-publish","format-standard","has-post-thumbnail","hentry","category-societe"],"_links":{"self":[{"href":"https:\/\/dekkbi.com\/index.php?rest_route=\/wp\/v2\/posts\/6908","targetHints":{"allow":["GET"]}}],"collection":[{"href":"https:\/\/dekkbi.com\/index.php?rest_route=\/wp\/v2\/posts"}],"about":[{"href":"https:\/\/dekkbi.com\/index.php?rest_route=\/wp\/v2\/types\/post"}],"author":[{"embeddable":true,"href":"https:\/\/dekkbi.com\/index.php?rest_route=\/wp\/v2\/users\/1"}],"replies":[{"embeddable":true,"href":"https:\/\/dekkbi.com\/index.php?rest_route=%2Fwp%2Fv2%2Fcomments&post=6908"}],"version-history":[{"count":1,"href":"https:\/\/dekkbi.com\/index.php?rest_route=\/wp\/v2\/posts\/6908\/revisions"}],"predecessor-version":[{"id":6909,"href":"https:\/\/dekkbi.com\/index.php?rest_route=\/wp\/v2\/posts\/6908\/revisions\/6909"}],"wp:featuredmedia":[{"embeddable":true,"href":"https:\/\/dekkbi.com\/index.php?rest_route=\/wp\/v2\/media\/6512"}],"wp:attachment":[{"href":"https:\/\/dekkbi.com\/index.php?rest_route=%2Fwp%2Fv2%2Fmedia&parent=6908"}],"wp:term":[{"taxonomy":"category","embeddable":true,"href":"https:\/\/dekkbi.com\/index.php?rest_route=%2Fwp%2Fv2%2Fcategories&post=6908"},{"taxonomy":"post_tag","embeddable":true,"href":"https:\/\/dekkbi.com\/index.php?rest_route=%2Fwp%2Fv2%2Ftags&post=6908"}],"curies":[{"name":"wp","href":"https:\/\/api.w.org\/{rel}","templated":true}]}}