{"id":6871,"date":"2023-01-28T08:26:09","date_gmt":"2023-01-28T08:26:09","guid":{"rendered":"https:\/\/dekkbi.com\/?p=6871"},"modified":"2023-01-28T11:04:00","modified_gmt":"2023-01-28T11:04:00","slug":"souverainete-alimentaire-une-mise-en-oeuvre-rapide-des-pactes-nationaux-recommandee","status":"publish","type":"post","link":"https:\/\/dekkbi.com\/?p=6871","title":{"rendered":"Souverainet\u00e9 alimentaire: Une mise en \u0153uvre rapide des pactes nationaux, recommand\u00e9e"},"content":{"rendered":"\n<h1 class=\"wp-block-heading\"><\/h1>\n\n\n\n<h3 class=\"wp-block-heading\">Le 2 \u00e8me forum de Dakar sur la souverainet\u00e9 alimentaire et la r\u00e9silience a \u00e9t\u00e9 cl\u00f4tur\u00e9, ce vendredi \u00e0 Diamniadio. A l\u2019issue de cette rencontre, la d\u00e9claration de \u2018\u2019Dakar 2\u2019\u2019, engageant les parties prenantes \u00e0 diligenter les pactes nationaux pour l\u2019alimentation et l\u2019agriculture a \u00e9t\u00e9 lue par le ministre de l\u2019Agriculture, de l\u2019Equipement rural et de la Souverainet\u00e9 alimentaire, Aly Ngouille Ndiaye.<\/h3>\n\n\n\n<p><\/p>\n\n\n\n<figure class=\"wp-block-image\"><a href=\"javascript:void(0)\"><img decoding=\"async\" src=\"https:\/\/www.leral.net\/photo\/art\/grande\/70423166-49121683.jpg?v=1674888321\" alt=\"Souverainet\u00e9 alimentaire: Une mise en \u0153uvre rapide des pactes nationaux, recommand\u00e9e\" title=\"Souverainet\u00e9 alimentaire: Une mise en \u0153uvre rapide des pactes nationaux, recommand\u00e9e\"\/><\/a><\/figure>\n\n\n\n<p>Aly Ngouille Ndiaye a sugg\u00e9r\u00e9 de mettre sur pied des Conseils pr\u00e9sidentiels pour superviser la mise en \u0153uvre des pactes nationaux pour l\u2019alimentation et l\u2019agriculture, afin d\u2019assurer le suivi des d\u00e9cisions du forum. Les participants ont appel\u00e9 \u00e0 \u00abl\u2019adoption de politiques nationales concr\u00e8tes, de mesures d\u2019incitation et des r\u00e9glementations visant \u00e0 cr\u00e9er un environnement propice \u00e0 des investissements plus importants et acc\u00e9l\u00e9r\u00e9s dans le secteur agricole\u00bb.\u00abCette option se fera par la mobilisation des financements internes et externes pour les pactes nationaux pour l\u2019alimentation et l\u2019agriculture aupr\u00e8s d\u2019un large \u00e9ventail de partenaires multilat\u00e9raux et bilat\u00e9raux et du secteur priv\u00e9\u00bb, pr\u00e9cise Aly Ngouille Ndiaye<\/p>\n\n\n\n<p>Ainsi, il a plaid\u00e9 \u00e9galement pour \u00abl\u2019augmentation du financement des budgets nationaux pour soutenir les pactes nationaux pour l\u2019alimentation et l\u2019agriculture conform\u00e9ment \u00e0 la D\u00e9claration de Malabo sur la croissance et la transformation acc\u00e9l\u00e9r\u00e9es de l\u2019agriculture en Afrique en vue d\u2019une prosp\u00e9rit\u00e9 partag\u00e9e et de meilleures conditions de vie en allouant au moins 10 % des d\u00e9penses publiques \u00e0 l\u2019agriculture\u00bb.<\/p>\n\n\n\n<p>Et, le ministre de l\u2019Agriculture a fait savoir que les Etats avec leurs partenaires ont d\u00e9cid\u00e9 de soutenir la mise en \u0153uvre des pactes nationaux pour l\u2019alimentation et l\u2019agriculture avec des indicateurs de r\u00e9ussite clairement mesurables et assortis de d\u00e9lais. Il a \u00e9t\u00e9 aussi d\u00e9cid\u00e9 de \u00abdemander \u00e0 la Commission de l\u2019Union africaine et \u00e0 la Banque africaine de d\u00e9veloppement d\u2019assurer le suivi avec les diff\u00e9rents partenaires au d\u00e9veloppement afin de finaliser le soutien\u00bb.<\/p>\n\n\n\n<p>Source  leral.<\/p>\n","protected":false},"excerpt":{"rendered":"<p>Le 2 \u00e8me forum de Dakar sur la souverainet\u00e9 alimentaire et la r\u00e9silience a \u00e9t\u00e9 cl\u00f4tur\u00e9, ce vendredi \u00e0 Diamniadio.<\/p>\n","protected":false},"author":1,"featured_media":3854,"comment_status":"open","ping_status":"open","sticky":false,"template":"","format":"standard","meta":{"footnotes":""},"categories":[3],"tags":[],"class_list":["post-6871","post","type-post","status-publish","format-standard","has-post-thumbnail","hentry","category-event-more-news"],"_links":{"self":[{"href":"https:\/\/dekkbi.com\/index.php?rest_route=\/wp\/v2\/posts\/6871","targetHints":{"allow":["GET"]}}],"collection":[{"href":"https:\/\/dekkbi.com\/index.php?rest_route=\/wp\/v2\/posts"}],"about":[{"href":"https:\/\/dekkbi.com\/index.php?rest_route=\/wp\/v2\/types\/post"}],"author":[{"embeddable":true,"href":"https:\/\/dekkbi.com\/index.php?rest_route=\/wp\/v2\/users\/1"}],"replies":[{"embeddable":true,"href":"https:\/\/dekkbi.com\/index.php?rest_route=%2Fwp%2Fv2%2Fcomments&post=6871"}],"version-history":[{"count":1,"href":"https:\/\/dekkbi.com\/index.php?rest_route=\/wp\/v2\/posts\/6871\/revisions"}],"predecessor-version":[{"id":6872,"href":"https:\/\/dekkbi.com\/index.php?rest_route=\/wp\/v2\/posts\/6871\/revisions\/6872"}],"wp:featuredmedia":[{"embeddable":true,"href":"https:\/\/dekkbi.com\/index.php?rest_route=\/wp\/v2\/media\/3854"}],"wp:attachment":[{"href":"https:\/\/dekkbi.com\/index.php?rest_route=%2Fwp%2Fv2%2Fmedia&parent=6871"}],"wp:term":[{"taxonomy":"category","embeddable":true,"href":"https:\/\/dekkbi.com\/index.php?rest_route=%2Fwp%2Fv2%2Fcategories&post=6871"},{"taxonomy":"post_tag","embeddable":true,"href":"https:\/\/dekkbi.com\/index.php?rest_route=%2Fwp%2Fv2%2Ftags&post=6871"}],"curies":[{"name":"wp","href":"https:\/\/api.w.org\/{rel}","templated":true}]}}