{"id":6868,"date":"2023-01-28T08:15:59","date_gmt":"2023-01-28T08:15:59","guid":{"rendered":"https:\/\/dekkbi.com\/?p=6868"},"modified":"2023-01-28T08:16:00","modified_gmt":"2023-01-28T08:16:00","slug":"presidentielle-2024-le-decret-de-fixation-de-la-date-toujours-attendu","status":"publish","type":"post","link":"https:\/\/dekkbi.com\/?p=6868","title":{"rendered":"Pr\u00e9sidentielle 2024 : Le d\u00e9cret de fixation de la date toujours attendu"},"content":{"rendered":"\n<h3 class=\"wp-block-heading\">\u00c0 une semaine de la fin du mois de janvier 2023, le d\u00e9cret portant fixation de la date de la prochaine \u00e9lection pr\u00e9sidentielle, n\u2019a toujours pas \u00e9t\u00e9 d\u00e9voil\u00e9 par les autorit\u00e9s. Pr\u00e9sent\u00e9 par le ministre de l\u2019Int\u00e9rieur et sign\u00e9 par le pr\u00e9sident de la R\u00e9publique, il donne le lancement des activit\u00e9s du processus \u00e9lectoral, \u00e0 un an de la tenue du scrutin <\/h3>\n\n\n\n<p>Qui seront les candidats \u00e0 l\u2019\u00e9lection pr\u00e9sidentielle de 2024 ? Si les d\u00e9clarations de candidature foisonnent au sein de l\u2019opposition et que le pr\u00e9sident de la R\u00e9publique reste encore silencieux sur ses intentions, la premi\u00e8re \u00e9tape des op\u00e9rations du processus \u00e9lectoral n\u2019est toujours pas effective.En effet, dans la tradition r\u00e9publicaine, le choix de la date de l\u2019\u00e9lection pr\u00e9sidentielle se fait un an avant la tenue du scrutin. Il ne reste plus qu\u2019une semaine avant que le mois de janvier ne prenne fin. Et le d\u00e9cret n\u2019est toujours pas sign\u00e9 et publi\u00e9 par le pr\u00e9sident de la R\u00e9publique, Macky Sall.Fort d&rsquo;une exp\u00e9rience de 20 ans dans le domaine \u00e9lectoral et de la d\u00e9centralisation, l\u2019expert consultant en d\u00e9mocratie, gouvernance et \u00e9lections, Ndiaga Sylla, estime que ce pr\u00e9alable n\u2019est m\u00eame pas une question de tradition.<\/p>\n\n\n\n<p>Depuis 2012, la fixation de la date des \u00e9lections par d\u00e9cret est devenue une obligation telle que pr\u00e9voit le Code \u00e9lectoral en son article L.63. La r\u00e9vision annuelle des listes \u00e9lectorales a lieu \u00e0 partir du 1er f\u00e9vrier. Toutefois, en ann\u00e9e \u00e9lectorale, comme c&rsquo;est le cas, il est initi\u00e9 une r\u00e9vision annuelle. Voil\u00e0 ce qui justifie que cette semaine soit cruciale pour fixer la date des \u00e9lections, c&rsquo;est-\u00e0-dire avant le 1er f\u00e9vrier 2023 et normalement, au plus tard ce 26 janvier\u201d.<\/p>\n\n\n\n<p>\u00c0 ce jour, d\u00e9lai de rigueur, rien n\u2019a \u00e9t\u00e9 officiellement d\u00e9voil\u00e9. En comparaison \u00e0 la situation qui a pr\u00e9valu \u00e0 l\u2019\u00e9lection pr\u00e9sidentielle du 24 f\u00e9vrier 2019, le d\u00e9cret n\u00b02018-253 portant fixation de la date de la prochaine \u00e9lection pr\u00e9sidentielle, a \u00e9t\u00e9 sign\u00e9 par le pr\u00e9sident de la R\u00e9publique Macky Sall et contresign\u00e9 par son Premier ministre Mahammed Boun Abdallah Dionne, le 22 janvier 2022.<\/p>\n\n\n\n<p>Dans le rapport de pr\u00e9sentation, l&rsquo;article 31 de la Constitution est convoqu\u00e9 en ce qu\u2019il \u201cfixe la p\u00e9riode pendant laquelle l&rsquo;\u00e9lection du pr\u00e9sident de la R\u00e9publique doit se tenir\u201d. Celui-ci dispose : \u201cArticle 31 : le scrutin pour l\u2019\u00e9lection du pr\u00e9sident de la R\u00e9publique a lieu quarante cinq jours francs au plus et trente jours francs au moins avant la date de l\u2019expiration du mandat du pr\u00e9sident de la R\u00e9publique en fonction. Si la pr\u00e9sidence est vacante, par d\u00e9mission, emp\u00eachement d\u00e9finitif ou d\u00e9c\u00e8s, le scrutin aura lieu dans les soixante jours au moins et quatre-vingt-dix jours au plus, apr\u00e8s la constatation de la vacance par le Conseil constitutionnel.\u201d<\/p>\n\n\n\n<p>Cette p\u00e9riode \u00e9tant \u00e9valu\u00e9e entre le samedi 16 f\u00e9vrier 2019 et le lundi 4 mars 2019, la date du dimanche 24 f\u00e9vrier 2019 a \u00e9t\u00e9 propos\u00e9e par le ministre de l\u2019Int\u00e9rieur, en ce qu\u2019elle \u00e9tait \u201cla plus favorable pour une bonne organisation du scrutin. Elle est, en effet, assez \u00e9loign\u00e9e de toute f\u00eate et manifestation religieuse, coutumi\u00e8re ou autres consid\u00e9rations de nature \u00e0 constituer une g\u00eane aussi bien pour l&rsquo;\u00e9lectorat, l&rsquo;Administration que les acteurs politiques\u201d.Tout retard pourrait \u00eatre mal interpr\u00e9t\u00e9Plus important, le rapport de pr\u00e9sentation pr\u00e9cise que la fixation de cette date est un pr\u00e9alable n\u00e9cessaire pour l&rsquo;ex\u00e9cution de toutes les op\u00e9rations \u00e9lectorales, notamment l&rsquo;ouverture de la prochaine r\u00e9vision exceptionnelle des listes \u00e9lectorales.Ce que Ndiaga Sylla confirme, en ces termes : \u201cLe d\u00e9cret convoquant le corps \u00e9lectoral pr\u00e9vu \u00e0 la l&rsquo;article LO.137 du Code \u00e9lectoral est pris 80 jours avant la date de la Pr\u00e9sidentielle. Or, plusieurs actes pr\u00e9paratoires tels que la r\u00e9vision des listes \u00e9lectorales doivent \u00eatre remplis bien avant cette p\u00e9riode. D\u00e8s lors, il est apparu n\u00e9cessaire de fixer la date des \u00e9lections qui conditionne ces actes\u201d<\/p>\n\n\n\n<p>Le S\u00e9n\u00e9gal vit une ann\u00e9e pr\u00e9\u00e9lectorale tendue. La participation au scrutin pr\u00e9sidentiel du pr\u00e9sident sortant fait d\u00e9bat, concernant la l\u00e9galit\u00e9 d\u2019une troisi\u00e8me candidature qu\u2019il a lui-m\u00eame combattue avant d\u2019arriver au pouvoir. Le plus grand opposant au r\u00e9gime est emp\u00eatr\u00e9 dans une affaire juridico-politique, qui pourrait le priver du droit de candidater et plonger le pays dans une p\u00e9riode trouble. Devant ces incertitudes, tout retard de calendrier pourrait \u00eatre mal interpr\u00e9t\u00e9.<\/p>\n\n\n\n<p>Toutefois, Ndiaga Sylla veut rester positif. \u201cMa conviction, assure-t-il, est que le d\u00e9cret sera bient\u00f4t sign\u00e9, car on est dans le cadre du processus de l&rsquo;\u00e9lection pr\u00e9sidentielle, avec des d\u00e9lais strictement encadr\u00e9s\u201d. Interrog\u00e9 malgr\u00e9 tout sur les effets d\u2019une date non fix\u00e9e au courant de la derni\u00e8re semaine du mois de janvier 2023, le Directeur g\u00e9n\u00e9ral du Cabinet d&rsquo;expertise \u00e9lectorale (Ceelect) r\u00e9pond \u201cqu\u2019au pire des cas, on sera oblig\u00e9 de surseoir \u00e0 la r\u00e9vision annuelle, en attendant le d\u00e9cret initiant une r\u00e9vision exceptionnelle des listes \u00e9lectorales comme pendant les missions d&rsquo;audit du fichier et d&rsquo;\u00e9valuation du processus \u00e9lectoral. Sauf qu&rsquo;ici, le d\u00e9calage avait fait l&rsquo;objet d&rsquo;un consensus au sein de la Commission cellulaire charg\u00e9e du dialogue politique\u201d.EnQu\u00eate<\/p>\n","protected":false},"excerpt":{"rendered":"<p>\u00c0 une semaine de la fin du mois de janvier 2023, le d\u00e9cret portant fixation de la date de la<\/p>\n","protected":false},"author":1,"featured_media":1931,"comment_status":"open","ping_status":"open","sticky":false,"template":"","format":"standard","meta":{"footnotes":""},"categories":[6],"tags":[],"class_list":["post-6868","post","type-post","status-publish","format-standard","has-post-thumbnail","hentry","category-politics"],"_links":{"self":[{"href":"https:\/\/dekkbi.com\/index.php?rest_route=\/wp\/v2\/posts\/6868","targetHints":{"allow":["GET"]}}],"collection":[{"href":"https:\/\/dekkbi.com\/index.php?rest_route=\/wp\/v2\/posts"}],"about":[{"href":"https:\/\/dekkbi.com\/index.php?rest_route=\/wp\/v2\/types\/post"}],"author":[{"embeddable":true,"href":"https:\/\/dekkbi.com\/index.php?rest_route=\/wp\/v2\/users\/1"}],"replies":[{"embeddable":true,"href":"https:\/\/dekkbi.com\/index.php?rest_route=%2Fwp%2Fv2%2Fcomments&post=6868"}],"version-history":[{"count":1,"href":"https:\/\/dekkbi.com\/index.php?rest_route=\/wp\/v2\/posts\/6868\/revisions"}],"predecessor-version":[{"id":6870,"href":"https:\/\/dekkbi.com\/index.php?rest_route=\/wp\/v2\/posts\/6868\/revisions\/6870"}],"wp:featuredmedia":[{"embeddable":true,"href":"https:\/\/dekkbi.com\/index.php?rest_route=\/wp\/v2\/media\/1931"}],"wp:attachment":[{"href":"https:\/\/dekkbi.com\/index.php?rest_route=%2Fwp%2Fv2%2Fmedia&parent=6868"}],"wp:term":[{"taxonomy":"category","embeddable":true,"href":"https:\/\/dekkbi.com\/index.php?rest_route=%2Fwp%2Fv2%2Fcategories&post=6868"},{"taxonomy":"post_tag","embeddable":true,"href":"https:\/\/dekkbi.com\/index.php?rest_route=%2Fwp%2Fv2%2Ftags&post=6868"}],"curies":[{"name":"wp","href":"https:\/\/api.w.org\/{rel}","templated":true}]}}