{"id":6843,"date":"2023-01-26T14:27:56","date_gmt":"2023-01-26T14:27:56","guid":{"rendered":"https:\/\/dekkbi.com\/?p=6843"},"modified":"2023-01-26T14:27:57","modified_gmt":"2023-01-26T14:27:57","slug":"video-sonko-mimi-3e-mandat-les-verites-crues-de-me-moussa-diop","status":"publish","type":"post","link":"https:\/\/dekkbi.com\/?p=6843","title":{"rendered":"(VIDEO)-Sonko, Mimi, 3e mandat: Les v\u00e9rit\u00e9s crues de Me Moussa Diop"},"content":{"rendered":"\n<p>Dans une interview accord\u00e9e \u00e0 iGFM, ce mercredi, \u00a0l\u2019ancien Directeur General de Dakar Dem Dikk, Me Mouss Diop a abord\u00e9 tous les sujets de l\u2019heure qui agitent la gazette politico-judiciaire.<\/p>\n\n\n\n<p> D\u00e9ch\u00e9ance de la d\u00e9put\u00e9e Aminata Tour\u00e8, le renvoi du dossier Ousmane Sonko -Adji Sarr devant la chambre criminelle, le 3e mandat de Macky, il livre sans d\u00e9tour et sans langue de bois, sa part de v\u00e9rit\u00e9.<\/p>\n\n\n\n<p><\/p>\n\n\n\n<figure class=\"wp-block-embed is-type-rich is-provider-prise-en-charge-des-contenus-embarques wp-block-embed-prise-en-charge-des-contenus-embarques wp-embed-aspect-16-9 wp-has-aspect-ratio\"><div class=\"wp-block-embed__wrapper\">\n<iframe loading=\"lazy\" title=\"Sonko, Mimi, 3e mandat: Les v\u00e9rit\u00e9s crues de Me Moussa Diop\" width=\"800\" height=\"450\" src=\"https:\/\/www.youtube.com\/embed\/Q0Rz5DqTEdQ?feature=oembed\" frameborder=\"0\" allow=\"accelerometer; autoplay; clipboard-write; encrypted-media; gyroscope; picture-in-picture; web-share\" allowfullscreen><\/iframe>\n<\/div><\/figure>\n","protected":false},"excerpt":{"rendered":"<p>Dans une interview accord\u00e9e \u00e0 iGFM, ce mercredi, \u00a0l\u2019ancien Directeur General de Dakar Dem Dikk, Me Mouss Diop a abord\u00e9<\/p>\n","protected":false},"author":1,"featured_media":6846,"comment_status":"open","ping_status":"open","sticky":false,"template":"","format":"standard","meta":{"footnotes":""},"categories":[6],"tags":[],"class_list":["post-6843","post","type-post","status-publish","format-standard","has-post-thumbnail","hentry","category-politics"],"_links":{"self":[{"href":"https:\/\/dekkbi.com\/index.php?rest_route=\/wp\/v2\/posts\/6843","targetHints":{"allow":["GET"]}}],"collection":[{"href":"https:\/\/dekkbi.com\/index.php?rest_route=\/wp\/v2\/posts"}],"about":[{"href":"https:\/\/dekkbi.com\/index.php?rest_route=\/wp\/v2\/types\/post"}],"author":[{"embeddable":true,"href":"https:\/\/dekkbi.com\/index.php?rest_route=\/wp\/v2\/users\/1"}],"replies":[{"embeddable":true,"href":"https:\/\/dekkbi.com\/index.php?rest_route=%2Fwp%2Fv2%2Fcomments&post=6843"}],"version-history":[{"count":1,"href":"https:\/\/dekkbi.com\/index.php?rest_route=\/wp\/v2\/posts\/6843\/revisions"}],"predecessor-version":[{"id":6847,"href":"https:\/\/dekkbi.com\/index.php?rest_route=\/wp\/v2\/posts\/6843\/revisions\/6847"}],"wp:featuredmedia":[{"embeddable":true,"href":"https:\/\/dekkbi.com\/index.php?rest_route=\/wp\/v2\/media\/6846"}],"wp:attachment":[{"href":"https:\/\/dekkbi.com\/index.php?rest_route=%2Fwp%2Fv2%2Fmedia&parent=6843"}],"wp:term":[{"taxonomy":"category","embeddable":true,"href":"https:\/\/dekkbi.com\/index.php?rest_route=%2Fwp%2Fv2%2Fcategories&post=6843"},{"taxonomy":"post_tag","embeddable":true,"href":"https:\/\/dekkbi.com\/index.php?rest_route=%2Fwp%2Fv2%2Ftags&post=6843"}],"curies":[{"name":"wp","href":"https:\/\/api.w.org\/{rel}","templated":true}]}}