{"id":6836,"date":"2023-01-26T14:18:32","date_gmt":"2023-01-26T14:18:32","guid":{"rendered":"https:\/\/dekkbi.com\/?p=6836"},"modified":"2023-01-26T14:18:33","modified_gmt":"2023-01-26T14:18:33","slug":"non-respect-des-accords-signes-le-saemss-met-en-garde-le-gouvernement","status":"publish","type":"post","link":"https:\/\/dekkbi.com\/?p=6836","title":{"rendered":"Non-respect des accords sign\u00e9s le SAEMSS met en garde le gouvernement"},"content":{"rendered":"\n<p><strong>Face \u00e0 la presse hier, mercredi 25 janvier, le Syndicat autonome des enseignants du moyen et secondaire du S\u00e9n\u00e9gal&nbsp; a d\u00e9nonc\u00e9 les lenteurs not\u00e9es dans la mise en \u0153uvre du protocole d\u2019accord du 26 f\u00e9vrier 2022 avec le gouvernement. Les syndicalistes mettent ainsi en garde le gouvernement contre \u00ab<\/strong><strong>toute tentative de reniement des accords\u00bb.<\/strong><\/p>\n\n\n\n<p>Le Syndicat autonome des enseignants du moyen et secondaire du S\u00e9n\u00e9gal (SAEMSSS) exige la mat\u00e9rialisation des accords sign\u00e9s avec le gouvernement. En conf\u00e9rence de presse hier, mercredi 25 janvier, il a appel\u00e9 le gouvernement \u00e0 diligenter la mise en \u0153uvre du protocole d\u2019accord du 26 f\u00e9vrier.<\/p>\n\n\n\n<p>\u00abDepuis la signature du protocole du 26 f\u00e9vrier 2022, le comit\u00e9 de suivi de l\u2019Accord obtenu entre le Gouvernement et les syndicats d\u2019enseignants repr\u00e9sentatifs, COMSA-22, institu\u00e9 par arr\u00eat\u00e9 n\u00b0 2022-013603 du 09 juin 2022 du Ministre de la Fonction Publique n\u2019a jamais \u00e9t\u00e9 convoqu\u00e9 pour proc\u00e9der \u00e0 l\u2019\u00e9valuation de la mise en \u0153uvre des engagements. Ledit comit\u00e9 qui est compos\u00e9 des minist\u00e8res en charge de l\u2019application des accords, des Institutions du dialogue Social, des syndicats repr\u00e9sentatifs de l\u2019enseignement et des organisations de la soci\u00e9t\u00e9 civile \u0153uvrant dans le secteur de l\u2019\u00e9ducation a pour vocation de veiller \u00e0 la mise en \u0153uvre de l\u2019Accord sign\u00e9 le 26 f\u00e9vrier 2022 entre le Gouvernement et les syndicats d\u2019enseignants repr\u00e9sentatifs, d\u2019\u0153uvrer \u00e0 la pacification de l\u2019espace scolaire\u00bb, a fait savoir le secr\u00e9taire g\u00e9n\u00e9ral national du SAEMSS, El Hadj Malick Youm face \u00e0 la presse hier, mercredi 25 janvier.<\/p>\n\n\n\n<p>Poursuivant son propos, il a ajout\u00e9&nbsp;: \u00abmalgr\u00e9 les missions importantes qui lui sont assign\u00e9es et la p\u00e9riodicit\u00e9 des rencontres fix\u00e9e \u00e0 deux mois, le Gouvernement n\u2019a jamais daign\u00e9 respecter ledit agenda afin d\u2019anticiper sur d\u2019\u00e9ventuels conflits dans le secteur. Nous condamnons avec la derni\u00e8re \u00e9nergie cette violation des dispositions de l\u2019arr\u00eat\u00e9 qui met \u00e0 nu le dilatoire inacceptable auquel se livrent les autorit\u00e9s gouvernementales depuis la signature du protocole. Conscient du r\u00f4le pr\u00e9pond\u00e9rant que doit jouer ce comit\u00e9 pour la stabilit\u00e9 de l\u2019\u00e9cole, le SAEMSS a exig\u00e9 en vain sa convocation pour diligenter la mat\u00e9rialisation des accords et lever toute \u00e9quivoque entre acteurs pouvant \u00eatre source de conflit. Malheureusement, le Gouvernement du S\u00e9n\u00e9gal nous a tendu une sourde oreille nonobstant les nombreux manquements not\u00e9s dans la mise en \u0153uvre des accords\u00bb.<\/p>\n\n\n\n<p>Ces manquements portent, entre autres, sur \u00able retard dans le parach\u00e8vement de la d\u00e9mat\u00e9rialisation des actes et proc\u00e9dures de la fonction publique\u00bb, \u00able retard dans la signature du d\u00e9cret 74-347 du 12 f\u00e9vrier 1974 modifi\u00e9 portant sur l\u2019am\u00e9lioration de la situation des d\u00e9cisionnaires\u00bb, \u00able retard du d\u00e9marrage de la formation des Charg\u00e9s de cours, des professeurs de philosophie titulaires de dipl\u00f4mes en sociologie, des contractuels issus du recrutement sp\u00e9cial de mai 2022 et les demandeurs de mise en position de stage\u00bb.<\/p>\n\n\n\n<p>Face \u00e0 cette situation, le SAEMSS \u00abmet en garde le Gouvernement du S\u00e9n\u00e9gal contre toute tentative de reniement des accords\u00bb et \u00abtient \u00e0 alerter l\u2019opinion publique nationale et internationale que le Gouvernement du S\u00e9n\u00e9gal sera le seul et unique responsable de toutes les perturbations qui adviendront dans l\u2019espace scolaire \u00e0 cause du non-respect de l\u2019accord du 26 f\u00e9vrier 2022\u00bb. Lors de la conf\u00e9rence de presse, les syndicalistes ont \u00e9galement d\u00e9nonc\u00e9 \u00abla hausse continue et injustifiable not\u00e9e au niveau de ligne 623 sur les bulletins de salaires, correspondant \u00e0 l\u2019imp\u00f4t sur le salaire mensuel\u00bb. Pour faire r\u00e9agir le gouvernement, le SAEMSS compte mettre en \u0153uvre un plan d\u2019action. \u00abLe SAEMSS, apr\u00e8s le d\u00e9p\u00f4t de son pr\u00e9avis le 09 janvier 2023, compte entreprendre des activit\u00e9s de sensibilisation et de mobilisation des enseignants du S\u00e9n\u00e9gal en cas de persistance du mutisme gouvernemental face \u00e0 l\u2019acuit\u00e9 des probl\u00e8mes dans le secteur de l\u2019\u00e9ducation et de la formation\u00bb, a d\u00e9clar\u00e9 El Hadj Malick Youm. Qui plus est, \u00able SAEMSS compte adresser une correspondance au Premier Ministre, garant de tous les accords sign\u00e9s, pour exiger la mat\u00e9rialisation diligente de tous les engagements\u00bb.<\/p>\n\n\n\n<p><strong>MARIAME DJIGO<\/strong><\/p>\n\n\n\n<p>SUDONLINE<\/p>\n","protected":false},"excerpt":{"rendered":"<p>Face \u00e0 la presse hier, mercredi 25 janvier, le Syndicat autonome des enseignants du moyen et secondaire du S\u00e9n\u00e9gal&nbsp; a<\/p>\n","protected":false},"author":1,"featured_media":6838,"comment_status":"open","ping_status":"open","sticky":false,"template":"","format":"standard","meta":{"footnotes":""},"categories":[21],"tags":[],"class_list":["post-6836","post","type-post","status-publish","format-standard","has-post-thumbnail","hentry","category-societe"],"_links":{"self":[{"href":"https:\/\/dekkbi.com\/index.php?rest_route=\/wp\/v2\/posts\/6836","targetHints":{"allow":["GET"]}}],"collection":[{"href":"https:\/\/dekkbi.com\/index.php?rest_route=\/wp\/v2\/posts"}],"about":[{"href":"https:\/\/dekkbi.com\/index.php?rest_route=\/wp\/v2\/types\/post"}],"author":[{"embeddable":true,"href":"https:\/\/dekkbi.com\/index.php?rest_route=\/wp\/v2\/users\/1"}],"replies":[{"embeddable":true,"href":"https:\/\/dekkbi.com\/index.php?rest_route=%2Fwp%2Fv2%2Fcomments&post=6836"}],"version-history":[{"count":1,"href":"https:\/\/dekkbi.com\/index.php?rest_route=\/wp\/v2\/posts\/6836\/revisions"}],"predecessor-version":[{"id":6839,"href":"https:\/\/dekkbi.com\/index.php?rest_route=\/wp\/v2\/posts\/6836\/revisions\/6839"}],"wp:featuredmedia":[{"embeddable":true,"href":"https:\/\/dekkbi.com\/index.php?rest_route=\/wp\/v2\/media\/6838"}],"wp:attachment":[{"href":"https:\/\/dekkbi.com\/index.php?rest_route=%2Fwp%2Fv2%2Fmedia&parent=6836"}],"wp:term":[{"taxonomy":"category","embeddable":true,"href":"https:\/\/dekkbi.com\/index.php?rest_route=%2Fwp%2Fv2%2Fcategories&post=6836"},{"taxonomy":"post_tag","embeddable":true,"href":"https:\/\/dekkbi.com\/index.php?rest_route=%2Fwp%2Fv2%2Ftags&post=6836"}],"curies":[{"name":"wp","href":"https:\/\/api.w.org\/{rel}","templated":true}]}}