{"id":6822,"date":"2023-01-26T10:30:08","date_gmt":"2023-01-26T10:30:08","guid":{"rendered":"https:\/\/dekkbi.com\/?p=6822"},"modified":"2023-01-26T10:30:09","modified_gmt":"2023-01-26T10:30:09","slug":"gouvernance-parlementaire-benno-et-wallu-linter-coalition-liberale","status":"publish","type":"post","link":"https:\/\/dekkbi.com\/?p=6822","title":{"rendered":"Gouvernance parlementaire : Benno et Wallu, l\u2019inter-coalition lib\u00e9rale"},"content":{"rendered":"\n<p><strong>La Coalition Benno bokk yaakaar g\u00e8re les dossiers les plus importants \u00e0 l\u2019Assembl\u00e9e en duo avec Wallu. Le vote du budget du gouvernement et des institutions, le rejet de la motion de censure introduite par Yaw, l\u2019exclusion de Mimi ont \u00e9t\u00e9 possibles gr\u00e2ce au soutien des d\u00e9put\u00e9s du Pds et de ses alli\u00e9s (24). Dans la gouvernance parlementaire, les deux coalitions ont r\u00e9ussi \u00e0 trouver le moyen de cohabiter contre toute attente. Qu\u2019est-ce qui fait courir Wallu, qui a pris ses distances avec Yaw ? Sans doute l\u2019amnistie de Karim qui fait languir tous les Lib\u00e9raux\u2026<\/strong><\/p>\n\n\n\n<p><strong>Par Justin GOMIS<\/strong>&nbsp;\u2013 Le r\u00e9gime Sall ne devrait plus avoir peur de l\u2019Assembl\u00e9e nationale. Avec 82 d\u00e9put\u00e9s du soir du scrutin l\u00e9gislatif du 31 juillet, tous les analystes lui pr\u00e9disaient une vie difficile, faite de compromis et de compromissions \u00e0 l\u2019H\u00e9micycle. Mais non&nbsp;! M\u00eame s\u2019il n\u2019est pas sur un boulevard, il roule sur une avenue, qui n\u2019est pas du tout encombr\u00e9e. Ce n\u2019est plus une apparence, mais une \u00e9vidence.<\/p>\n\n\n\n<p>Avec cette d\u00e9ch\u00e9ance de Mimi Tour\u00e9, Bby montre que cette l\u00e9gislature ne lui \u00e9chappe pas. En r\u00e9ussissant une improbable alliance circonstancielle -qui se syst\u00e9matise- avec Wallu (24 d\u00e9put\u00e9s), la coalition pr\u00e9sidentielle s\u2019assure la troisi\u00e8me force du Parlement. L\u2019exclusion de Mimi a \u00e9t\u00e9 possible gr\u00e2ce au soutien du Pds. Apr\u00e8s sa D\u00e9claration de politique g\u00e9n\u00e9rale (Dpg), le Premier ministre a \u00e9t\u00e9 convoqu\u00e9 \u00e0 l\u2019H\u00e9micycle pour faire face \u00e0 la motion de censure d\u00e9pos\u00e9e par la coalition de l\u2019opposition Yewwi askan wi (56 d\u00e9put\u00e9s)\u2026 Finalement, tout le monde a constat\u00e9 l\u2019implosion de l\u2019inter-coalition, car Wallu a refus\u00e9 de voter la motion de censure. Ce qui a permis au chef du gouvernement de s\u2019en sortir sans \u00e9gratignures\u2026 Et tout le budget des diff\u00e9rents minist\u00e8res est pass\u00e9 sans couacs gr\u00e2ce \u00e0 des voix lib\u00e9rales ajout\u00e9es \u00e0 celles du pouvoir.<\/p>\n\n\n\n<p>Qui l\u2019eut cru&nbsp;? Comment est-ce possible&nbsp;? Pourquoi ce revirement \u00e0 plus de 360 degr\u00e9s des Lib\u00e9raux&nbsp;? Au d\u00e9but de cette 14\u00e8me L\u00e9gislature, personne ne s\u2019y attendait. Arriv\u00e9e \u00e0 l\u2019Assembl\u00e9e nationale comme une coalition jumelle de Yaw, Wallu a pris ses distances avec les autres d\u00e9put\u00e9s de l\u2019opposition d\u00e8s l\u2019installation de la l\u00e9gislature. Fond\u00e9e pour des raisons \u00e9lectoralistes et par r\u00e9alisme politique lors des L\u00e9gislatives, l\u2019inter-coalition a vol\u00e9 en \u00e9clats dans l\u2019exercice du pouvoir l\u00e9gislatif. Il y a la guerre des postes qui a pr\u00e9cipit\u00e9 la fin de l\u2019entente.<\/p>\n\n\n\n<p>En analysant son comportement et ses actes \u00e0 l\u2019Assembl\u00e9e, le Pds ne cache plus sa proximit\u00e9 avec le pouvoir. Un gentleman agreement existerait-il entre Wallu et Benno bokk yaakaar\u00a0?<\/p>\n\n\n\n<p><br>La haine nourrie \u00e0 l\u2019endroit de Mimi Tour\u00e9, \u00e9g\u00e9rie de la traque des biens mal acquis sous l\u2019impulsion du Pr\u00e9sident Sall, est de notori\u00e9t\u00e9 publique. Mais, elle ne peut pas constituer l\u2019\u00e9nergie qui pousse le Pds \u00e0 poser autant d\u2019actes qui le rapprochent du r\u00e9gime. Il ne faut pas oublier que le dossier d\u2019amnistie de Karim Wade, exil\u00e9 au Qatar depuis 2016, dort dans les tiroirs de la Pr\u00e9sidence. Evidemment, le vote du Pds a toujours un rapport avec cette \u00e9ventualit\u00e9. Pour Me Abdoulaye Wade, c\u2019est le dernier combat d\u2019une fin de vie uniquement d\u00e9di\u00e9e \u00e0 la d\u00e9fense, \u00e0 la r\u00e9habilitation et au triomphe de Karim.<\/p>\n\n\n\n<p><br><strong>justin@lequotidien.sn<\/strong><\/p>\n\n\n\n<p><\/p>\n","protected":false},"excerpt":{"rendered":"<p>La Coalition Benno bokk yaakaar g\u00e8re les dossiers les plus importants \u00e0 l\u2019Assembl\u00e9e en duo avec Wallu. Le vote du<\/p>\n","protected":false},"author":1,"featured_media":6823,"comment_status":"open","ping_status":"open","sticky":false,"template":"","format":"standard","meta":{"footnotes":""},"categories":[6],"tags":[],"class_list":["post-6822","post","type-post","status-publish","format-standard","has-post-thumbnail","hentry","category-politics"],"_links":{"self":[{"href":"https:\/\/dekkbi.com\/index.php?rest_route=\/wp\/v2\/posts\/6822","targetHints":{"allow":["GET"]}}],"collection":[{"href":"https:\/\/dekkbi.com\/index.php?rest_route=\/wp\/v2\/posts"}],"about":[{"href":"https:\/\/dekkbi.com\/index.php?rest_route=\/wp\/v2\/types\/post"}],"author":[{"embeddable":true,"href":"https:\/\/dekkbi.com\/index.php?rest_route=\/wp\/v2\/users\/1"}],"replies":[{"embeddable":true,"href":"https:\/\/dekkbi.com\/index.php?rest_route=%2Fwp%2Fv2%2Fcomments&post=6822"}],"version-history":[{"count":1,"href":"https:\/\/dekkbi.com\/index.php?rest_route=\/wp\/v2\/posts\/6822\/revisions"}],"predecessor-version":[{"id":6824,"href":"https:\/\/dekkbi.com\/index.php?rest_route=\/wp\/v2\/posts\/6822\/revisions\/6824"}],"wp:featuredmedia":[{"embeddable":true,"href":"https:\/\/dekkbi.com\/index.php?rest_route=\/wp\/v2\/media\/6823"}],"wp:attachment":[{"href":"https:\/\/dekkbi.com\/index.php?rest_route=%2Fwp%2Fv2%2Fmedia&parent=6822"}],"wp:term":[{"taxonomy":"category","embeddable":true,"href":"https:\/\/dekkbi.com\/index.php?rest_route=%2Fwp%2Fv2%2Fcategories&post=6822"},{"taxonomy":"post_tag","embeddable":true,"href":"https:\/\/dekkbi.com\/index.php?rest_route=%2Fwp%2Fv2%2Ftags&post=6822"}],"curies":[{"name":"wp","href":"https:\/\/api.w.org\/{rel}","templated":true}]}}