{"id":6779,"date":"2023-01-24T16:18:54","date_gmt":"2023-01-24T16:18:54","guid":{"rendered":"https:\/\/dekkbi.com\/?p=6779"},"modified":"2023-01-24T16:18:55","modified_gmt":"2023-01-24T16:18:55","slug":"open-daustralie-le-mystere-de-la-cuisse-de-djokovic","status":"publish","type":"post","link":"https:\/\/dekkbi.com\/?p=6779","title":{"rendered":"Open d&rsquo;Australie: le myst\u00e8re de la cuisse de Djokovic"},"content":{"rendered":"\n<p><a href=\"https:\/\/www.addthis.com\/bookmark.php?v=300\"><\/a><a href=\"https:\/\/www.addthis.com\/bookmark.php?v=300\"><\/a><a rel=\"noreferrer noopener\" href=\"https:\/\/www.addthis.com\/bookmark.php?v=300\" target=\"_blank\"><\/a><a rel=\"noreferrer noopener\" href=\"https:\/\/www.addthis.com\/bookmark.php?v=300\" target=\"_blank\"><\/a>De la douleur et des pol\u00e9miques: voil\u00e0 ce qui sort de la cuisse gauche de Novak Djokovic \u00e0 l&rsquo;Open d&rsquo;Australie, o\u00f9 le Serbe a retrouv\u00e9 un niveau stratosph\u00e9rique en 8e de finale apr\u00e8s avoir \u00e9t\u00e9 \u00e0 l&rsquo;agonie durant deux tours.<\/p>\n\n\n\n<p>\u00ab\u00a0Aujourd&rsquo;hui, je n&rsquo;ai ressenti aucune douleur\u00a0\u00bb, a d\u00e9clar\u00e9 en anglais le \u00ab\u00a0Djoker\u00a0\u00bb, lundi soir, apr\u00e8s avoir lamin\u00e9 6-2, 6-1, 6-2 Alex De Minaur, lui-m\u00eame en extase devant le jeu pratiqu\u00e9 par le Serbe.<\/p>\n\n\n\n<p>\u00ab\u00a0J&rsquo;ai probablement affront\u00e9 un Novak tr\u00e8s proche de son meilleur niveau, a estim\u00e9 l&rsquo;Australien. S&rsquo;il conserve ce niveau, je pense sans aucun doute qu&rsquo;il est le gars qui remportera le titre\u00a0\u00bb.<\/p>\n\n\n\n<p>Or, au vu du handicap caus\u00e9 par sa cuisse contre le modeste Enzo Couacaud et l&rsquo;exp\u00e9riment\u00e9 Grigor Dimitrov, qu&rsquo;il a n\u00e9anmoins effac\u00e9 en trois sets, personne ne s&rsquo;attendait \u00e0 voir Djokovic aussi \u00e0 l&rsquo;aise physiquement, ni aussi soudainement.<\/p>\n\n\n\n<p>\u00ab\u00a0Le plan \u00e9tait de le faire bouger&#8230; Ca ne m&rsquo;a pas tellement r\u00e9ussi\u00a0\u00bb, a confirm\u00e9 De Minaur.<\/p>\n\n\n\n<p>\u00ab\u00a0Tout le monde a vu ce qu&rsquo;il s&rsquo;est pass\u00e9 ces deux derni\u00e8res semaines. On n&rsquo;a parl\u00e9 que de \u00e7a (la cuisse gauche de Djokovic, ndlr). Aujourd&rsquo;hui, j&rsquo;\u00e9tais contre lui sur le court et, soit je ne joue pas assez bien pour utiliser sa faiblesse, soit (&#8230;) il m&rsquo;a paru bien, \u00e0 moi. Il \u00e9tait simplement trop fort dans tous les domaines\u00a0\u00bb, a-t-il ajout\u00e9.<\/p>\n\n\n\n<p>&#8211; Doutes &#8211;<\/p>\n\n\n\n<p>L&rsquo;\u00e9clatante victoire a \u00e9galement d\u00e9clench\u00e9 une vague de commentaires peu am\u00e8nes sur les r\u00e9seaux sociaux et des interrogations dans les m\u00e9dias. Et, par ricochet, la col\u00e8re de Djokovic.<\/p>\n\n\n\n<p>En 2021, ici m\u00eame, il s&rsquo;\u00e9tait bless\u00e9 au troisi\u00e8me tour face \u00e0 Taylor Fritz et avait sembl\u00e9 au bord de l&rsquo;abandon. Il avait fini par se qualifier et avait jou\u00e9 les tours suivants avec un gros empl\u00e2tre visible sur le ventre, apr\u00e8s avoir expliqu\u00e9 s&rsquo;\u00eatre d\u00e9chir\u00e9 les muscles abdominaux. Sa victoire finale avait soulev\u00e9 des doutes sur la r\u00e9alit\u00e9 de sa blessure.<\/p>\n\n\n\n<p>Cette ann\u00e9e, un gros bandage enserre sa cuisse gauche, mais il refuse de divulguer la nature de sa blessure. Et ses victoires font aussi douter.<\/p>\n\n\n\n<p>S&rsquo;il est rest\u00e9 tr\u00e8s politiquement correct devant la presse \u00e9trang\u00e8re, il a \u00e9t\u00e9 bien plus v\u00e9h\u00e9ment en serbe aupr\u00e8s des m\u00e9dias de son pays.<\/p>\n\n\n\n<p>\u00ab\u00a0Je laisse les gens qui doutent le faire. Qu\u2019ils continuent de douter!\u00a0\u00bb a lanc\u00e9 Djokovic, selon des propos rapport\u00e9s par la cha\u00eene de t\u00e9l\u00e9vision serbe B92.<\/p>\n\n\n\n<p>\u00ab\u00a0Mais c\u2019est int\u00e9ressant qu\u2019on doute seulement de ma blessure. Lorsque quelqu\u2019un d\u2019autre est bless\u00e9, il est une victime. Quand c&rsquo;est moi, je suis le joueur qui fait semblant\u00a0\u00bb, s&rsquo;est-il emport\u00e9.<\/p>\n\n\n\n<p>&#8211; \u00ab\u00a0Les masques vont tomber\u00a0\u00bb &#8211;<\/p>\n\n\n\n<p>Sans le nommer, il faisait vraisemblablement allusion \u00e0 Rafael Nadal, qui a souffert ces deux derni\u00e8res ann\u00e9es notamment d&rsquo;un pied et des abdominaux, mais qui a \u00e9t\u00e9 f\u00eat\u00e9 en h\u00e9ros lorsqu&rsquo;il a remport\u00e9 l&rsquo;Open d&rsquo;Australie 2022 -en l&rsquo;absence de Djokovic expuls\u00e9 du pays pour sa non vaccination contre le Covid- puis Roland-Garros.<\/p>\n\n\n\n<p>L&rsquo;Espagnol a encore \u00e9t\u00e9 salu\u00e9 pour son courage cette ann\u00e9e \u00e0 Melbourne, o\u00f9 il a refus\u00e9 d&rsquo;abandonner malgr\u00e9 une blessure \u00e0 une hanche qui l&rsquo;a n\u00e9anmoins condamn\u00e9 d\u00e8s le deuxi\u00e8me tour.<\/p>\n\n\n\n<p>\u00ab\u00a0Je n\u2019ai pas le sentiment de devoir prouver quoi que ce soit \u00e0 quiconque. J\u2019ai l\u2019imagerie d\u2019il y a deux ans et de cette ann\u00e9e, aussi bien l\u2019IRM que l\u2019\u00e9chographie\u00a0\u00bb, a affirm\u00e9 Djokovic qui envisage de \u00ab\u00a0les rendre publiques\u00a0\u00bb.<\/p>\n\n\n\n<p>Entre ces deux \u00e9ditions, il y a eu son expulsion d&rsquo;Australie en 2022, apr\u00e8s avoir \u00e9t\u00e9 plac\u00e9 une semaine dans un centre de r\u00e9tention.<\/p>\n\n\n\n<p>Sa position de principe concernant la vaccination anti-Covid, Djokovic a continu\u00e9 de l&rsquo;assumer en manquant les tourn\u00e9es am\u00e9ricaines du printemps et de l&rsquo;\u00e9t\u00e9, y compris l&rsquo;US Open. Et, cette ann\u00e9e, il devrait de nouveau rater les Masters 1000 d&rsquo;Indian Wells et Miami, au moins.<\/p>\n\n\n\n<p>Mais beaucoup l&rsquo;ont encore critiqu\u00e9 \u00e0 ce sujet et, lundi, le Serbe leur en voulait toujours.<\/p>\n\n\n\n<p>\u00ab\u00a0Beaucoup de masques vont tomber. Surtout les masques datant de ces deux derni\u00e8res ann\u00e9es, de situations cr\u00e9\u00e9es pendant la pand\u00e9mie. Ca m\u2019int\u00e9resse vraiment de savoir ce que l\u2019avenir nous r\u00e9serve, et pas seulement dans le sport\u00a0\u00bb, a-t-il lanc\u00e9 de fa\u00e7on un peu cryptique.<\/p>\n\n\n\n<p>Sur le plan tennistique, il assure \u00eatre capable, par \u00ab\u00a0habitude\u00a0\u00bb d\u00e9sormais, de transformer en motivation toutes ces critiques. Mais, d\u00e9cid\u00e9ment, et \u00e0 son grand dam, il sera toujours le \u00ab\u00a0m\u00e9chant\u00a0\u00bb du \u00ab\u00a0Big Three\u00a0\u00bb.<\/p>\n\n\n\n<p>Par Igor GEDILAGHINE<\/p>\n\n\n\n<p><a href=\"https:\/\/information.tv5monde.com\/auteur\/afp\">AF<\/a><\/p>\n","protected":false},"excerpt":{"rendered":"<p>De la douleur et des pol\u00e9miques: voil\u00e0 ce qui sort de la cuisse gauche de Novak Djokovic \u00e0 l&rsquo;Open d&rsquo;Australie,<\/p>\n","protected":false},"author":1,"featured_media":6780,"comment_status":"open","ping_status":"open","sticky":false,"template":"","format":"standard","meta":{"footnotes":""},"categories":[9],"tags":[],"class_list":["post-6779","post","type-post","status-publish","format-standard","has-post-thumbnail","hentry","category-sports"],"_links":{"self":[{"href":"https:\/\/dekkbi.com\/index.php?rest_route=\/wp\/v2\/posts\/6779","targetHints":{"allow":["GET"]}}],"collection":[{"href":"https:\/\/dekkbi.com\/index.php?rest_route=\/wp\/v2\/posts"}],"about":[{"href":"https:\/\/dekkbi.com\/index.php?rest_route=\/wp\/v2\/types\/post"}],"author":[{"embeddable":true,"href":"https:\/\/dekkbi.com\/index.php?rest_route=\/wp\/v2\/users\/1"}],"replies":[{"embeddable":true,"href":"https:\/\/dekkbi.com\/index.php?rest_route=%2Fwp%2Fv2%2Fcomments&post=6779"}],"version-history":[{"count":1,"href":"https:\/\/dekkbi.com\/index.php?rest_route=\/wp\/v2\/posts\/6779\/revisions"}],"predecessor-version":[{"id":6781,"href":"https:\/\/dekkbi.com\/index.php?rest_route=\/wp\/v2\/posts\/6779\/revisions\/6781"}],"wp:featuredmedia":[{"embeddable":true,"href":"https:\/\/dekkbi.com\/index.php?rest_route=\/wp\/v2\/media\/6780"}],"wp:attachment":[{"href":"https:\/\/dekkbi.com\/index.php?rest_route=%2Fwp%2Fv2%2Fmedia&parent=6779"}],"wp:term":[{"taxonomy":"category","embeddable":true,"href":"https:\/\/dekkbi.com\/index.php?rest_route=%2Fwp%2Fv2%2Fcategories&post=6779"},{"taxonomy":"post_tag","embeddable":true,"href":"https:\/\/dekkbi.com\/index.php?rest_route=%2Fwp%2Fv2%2Ftags&post=6779"}],"curies":[{"name":"wp","href":"https:\/\/api.w.org\/{rel}","templated":true}]}}