{"id":6776,"date":"2023-01-24T16:10:54","date_gmt":"2023-01-24T16:10:54","guid":{"rendered":"https:\/\/dekkbi.com\/?p=6776"},"modified":"2023-01-24T16:10:55","modified_gmt":"2023-01-24T16:10:55","slug":"cote-divoire-les-49-soldats-rentres-du-mali-decores-de-lordre-national-ivoirien","status":"publish","type":"post","link":"https:\/\/dekkbi.com\/?p=6776","title":{"rendered":"C\u00f4te d&rsquo;Ivoire: les 49 soldats rentr\u00e9s du Mali d\u00e9cor\u00e9s de l&rsquo;Ordre national ivoirien"},"content":{"rendered":"\n<p>Les 49 soldats ivoiriens arr\u00eat\u00e9s en juillet au Mali et graci\u00e9s en janvier ont \u00e9t\u00e9 d\u00e9cor\u00e9s ce 24 janvier par le chef d&rsquo;\u00e9tat-major de l&rsquo;arm\u00e9e ivoirienne. La C\u00f4te d&rsquo;Ivoire a toujours soutenu qu&rsquo;ils \u00e9taient en mission pour l&rsquo;ONU. Le gouvernement ivoirien a annonc\u00e9 en novembre le retrait progressif de ses troupes au sein de la Minusma d&rsquo;ici ao\u00fbt 2023.<\/p>\n\n\n\n<p><br>Rentr\u00e9s et accueillis comme des h\u00e9ros le 8 janvier, les 49 soldats ivoiriens incarc\u00e9r\u00e9s depuis le 10 juillet au Mali font partie des 850 hommes de l\u2019arm\u00e9e ivoirienne qui ont \u00e9t\u00e9 d\u00e9cor\u00e9s par l\u2019\u00c9tat ivoirien.<\/p>\n\n\n\n<p>En tout, 852 militaires &#8211; 850 soldats et deux gendarmes &#8211; d\u00e9ploy\u00e9s dans le cadre de la Mission des Nations unies au Mali (Minusma) ont \u00e9t\u00e9 faits chevaliers de l&rsquo;Ordre national ivoirien lors d&rsquo;une c\u00e9r\u00e9monie \u00ab\u00a0particuli\u00e8re et charg\u00e9e de symbole\u00a0\u00bb, selon le chef d&rsquo;\u00e9tat-major, Lassina Doumbia.<\/p>\n\n\n\n<p>\u00ab\u00a0Cette pr\u00e9sence a contribu\u00e9 \u00e0 garantir la s\u00e9curit\u00e9 de nos fronti\u00e8res\u00a0\u00bb a-t-il poursuivi, d\u00e9plorant toutefois \u00ab\u00a0un \u00e9pisode malencontreux\u00a0\u00bb, en r\u00e9f\u00e9rence \u00e0 l&rsquo;arrestation des 49 soldats.<\/p>\n\n\n\n<p>La C\u00f4te d&rsquo;Ivoire \u00ab\u00a0mettra toujours tout en \u0153uvre pour leur garantir protection et s\u00e9curit\u00e9, surtout lorsqu&rsquo;aucun acte d\u00e9lictueux n&rsquo;a \u00e9t\u00e9 commis\u00a0\u00bb, a-t-il martel\u00e9.<\/p>\n\n\n\n<p>Arr\u00eat\u00e9s le 10 juillet \u00e0 Bamako, ces soldats \u00e9taient accus\u00e9s par le Mali d&rsquo;\u00eatre des \u00ab\u00a0mercenaires\u00a0\u00bb.<\/p>\n\n\n\n<p>Ils avaient \u00e9t\u00e9 condamn\u00e9s le 30 d\u00e9cembre \u00e0 20 ans de r\u00e9clusion criminelle par un tribunal de Bamako. Trois femmes soldats, lib\u00e9r\u00e9es en septembre avaient \u00e9t\u00e9 condamn\u00e9es \u00e0 la peine de mort par contumace.<\/p>\n\n\n\n<p>Tous avaient \u00e9t\u00e9 d\u00e9clar\u00e9s coupables d'\u00a0\u00bbattentat et complot contre le gouvernement\u00a0\u00bb, \u00ab\u00a0atteinte \u00e0 la s\u00fbret\u00e9 ext\u00e9rieure de l&rsquo;\u00c9tat\u00a0\u00bb, \u00ab\u00a0d\u00e9tention, port et transport d&rsquo;armes et de munitions de guerre (\u2026) ayant pour but de troubler l&rsquo;ordre public par l&rsquo;intimidation ou la terreur\u00a0\u00bb.<\/p>\n\n\n\n<p>De son c\u00f4t\u00e9, la CEDEAO a d\u00e9cid\u00e9 de ne pas sanctionner le gouvernement malien.<\/p>\n\n\n\n<p>La C\u00f4te d&rsquo;Ivoire a toujours affirm\u00e9 qu&rsquo;ils \u00e9taient en mission pour l&rsquo;ONU, dans le cadre d&rsquo;op\u00e9rations de soutien logistique \u00e0 la Minusma. En novembre, elle a annonc\u00e9 le retrait progressif de ses troupes au sein de la Minusma d&rsquo;ici ao\u00fbt 2023.<\/p>\n\n\n\n<p>870 soldats ivoiriens sont actuellement d\u00e9ploy\u00e9s dans ce cadre, 650 \u00e0 Tombouctou (nord-ouest) et 220 \u00e0 Mopti (centre), selon un responsable de la communication de l&rsquo;arm\u00e9e ivoirienne.<\/p>\n\n\n\n<p>Apr\u00e8s des mois de tensions croissantes entre la C\u00f4te d&rsquo;Ivoire et le Mali, en particulier au moment de l&rsquo;arrestation des soldats, le pr\u00e9sident ivoirien Alassane Ouattara a d\u00e9clar\u00e9 le jour de leur retour \u00ab\u00a0maintenant que cette crise est derri\u00e8re nous, nous pourrons reprendre des relations normales avec le pays fr\u00e8re qu&rsquo;est le Mali, qui a besoin de nous et dont nous avons besoin \u00e9galement\u00a0\u00bb.<\/p>\n\n\n\n<p>Apr\u00e8s avoir pouss\u00e9 vers la sortie l&rsquo;ancien alli\u00e9 fran\u00e7ais, qui a achev\u00e9 son retrait du Mali en ao\u00fbt 2022, les colonels au pouvoir \u00e0 Bamako s&rsquo;en sont pris plusieurs fois oralement \u00e0 la Minusma, d\u00e9ploy\u00e9e depuis 2013, dont le mandat a encore \u00e9t\u00e9 renouvel\u00e9 en juin pour un an.<\/p>\n\n\n\n<p>TV5MONDE<\/p>\n\n\n\n<p>AFP<br>Mise \u00e0 jour 24.01.2023 \u00e0 16:<\/p>\n","protected":false},"excerpt":{"rendered":"<p>Les 49 soldats ivoiriens arr\u00eat\u00e9s en juillet au Mali et graci\u00e9s en janvier ont \u00e9t\u00e9 d\u00e9cor\u00e9s ce 24 janvier par<\/p>\n","protected":false},"author":1,"featured_media":6777,"comment_status":"open","ping_status":"open","sticky":false,"template":"","format":"standard","meta":{"footnotes":""},"categories":[51],"tags":[],"class_list":["post-6776","post","type-post","status-publish","format-standard","has-post-thumbnail","hentry","category-general"],"_links":{"self":[{"href":"https:\/\/dekkbi.com\/index.php?rest_route=\/wp\/v2\/posts\/6776","targetHints":{"allow":["GET"]}}],"collection":[{"href":"https:\/\/dekkbi.com\/index.php?rest_route=\/wp\/v2\/posts"}],"about":[{"href":"https:\/\/dekkbi.com\/index.php?rest_route=\/wp\/v2\/types\/post"}],"author":[{"embeddable":true,"href":"https:\/\/dekkbi.com\/index.php?rest_route=\/wp\/v2\/users\/1"}],"replies":[{"embeddable":true,"href":"https:\/\/dekkbi.com\/index.php?rest_route=%2Fwp%2Fv2%2Fcomments&post=6776"}],"version-history":[{"count":1,"href":"https:\/\/dekkbi.com\/index.php?rest_route=\/wp\/v2\/posts\/6776\/revisions"}],"predecessor-version":[{"id":6778,"href":"https:\/\/dekkbi.com\/index.php?rest_route=\/wp\/v2\/posts\/6776\/revisions\/6778"}],"wp:featuredmedia":[{"embeddable":true,"href":"https:\/\/dekkbi.com\/index.php?rest_route=\/wp\/v2\/media\/6777"}],"wp:attachment":[{"href":"https:\/\/dekkbi.com\/index.php?rest_route=%2Fwp%2Fv2%2Fmedia&parent=6776"}],"wp:term":[{"taxonomy":"category","embeddable":true,"href":"https:\/\/dekkbi.com\/index.php?rest_route=%2Fwp%2Fv2%2Fcategories&post=6776"},{"taxonomy":"post_tag","embeddable":true,"href":"https:\/\/dekkbi.com\/index.php?rest_route=%2Fwp%2Fv2%2Ftags&post=6776"}],"curies":[{"name":"wp","href":"https:\/\/api.w.org\/{rel}","templated":true}]}}