{"id":67391,"date":"2026-01-30T13:35:24","date_gmt":"2026-01-30T13:35:24","guid":{"rendered":"https:\/\/dekkbi.com\/?p=67391"},"modified":"2026-01-30T16:41:55","modified_gmt":"2026-01-30T16:41:55","slug":"au-burkina-faso-le-regime-militaire-du-president-ibrahim-traore-met-fin-a-lexistence-des-partis-politiques","status":"publish","type":"post","link":"https:\/\/dekkbi.com\/?p=67391","title":{"rendered":"Burkina Faso:  fin \u00e0 l&rsquo;existence des partis politiques"},"content":{"rendered":"\n<p>Le gouvernement burkinab\u00e9 annonce un projet de loi visant \u00e0 dissoudre les partis politiques en guise de \u00ab\u00a0<em>r\u00e9forme en profondeur de la gouvernance politique<\/em>\u00ab\u00a0. Les partis avaient d\u00e9j\u00e0 d\u00fb suspendre leurs activit\u00e9s apr\u00e8s la prise du pouvoir du capitaine Ibrahim Traor\u00e9 en septembre &nbsp;2022.<\/p>\n\n\n\n<p>Le r\u00e9gime militaire au pouvoir au Burkina Faso a annonc\u00e9 ce jeudi 29 janvier vouloir dissoudre les partis politiques, dont les activit\u00e9s \u00e9taient suspendues depuis la prise du pouvoir par les putschistes en 2022.\u00a0Le capitaine Ibrahim Traor\u00e9 est arriv\u00e9 au pouvoir en septembre 2022\u00a0en renversant un autre r\u00e9gime militaire d\u00e9j\u00e0 au pouvoir et a s\u00e9v\u00e8rement accru la r\u00e9pression des voix dissidentes depuis.<\/p>\n\n\n\n<p><em>\u00ab\u00a0Le gouvernement estime que la multiplication des partis politiques a entra\u00een\u00e9 des d\u00e9rives, favorisant la division des citoyens et fragilisant le tissu social\u00a0\u00bb,<\/em>&nbsp;a estim\u00e9 la pr\u00e9sidence du Burkina Faso dans un compte-rendu du conseil des ministres.<\/p>\n\n\n\n<h2 class=\"wp-block-heading\">Le Burkina Faso n&rsquo;est \u00ab\u00a0<em>pas une d\u00e9mocratie<\/em>\u00ab\u00a0<\/h2>\n\n\n\n<p>Un projet de loi visant \u00e0 dissoudre les partis politiques sera donc&nbsp;<em>\u00ab\u00a0transmis \u00e0 l&rsquo;Assembl\u00e9e l\u00e9gislative de transition dans les meilleurs d\u00e9lais\u00a0\u00bb<\/em>, a indiqu\u00e9 le ministre de l&rsquo;Administration territoriale et de la Mobilit\u00e9, \u00c9mile Zerbo, qui a annonc\u00e9 la d\u00e9cision, souhaitant que&nbsp;<em>\u00ab\u00a0le patrimoine des partis dissous soit d\u00e9volu \u00e0 l&rsquo;\u00c9tat\u00a0\u00bb<\/em>. \u00c9mile Zerbo a expliqu\u00e9 que cette d\u00e9cision faisait suite&nbsp;<em>\u00ab\u00a0\u00e0 un diagnostic profond du syst\u00e8me partisan qui a relev\u00e9 de nombreuses d\u00e9rives dans l&rsquo;application du r\u00e9gime juridique des partis et formations politiques de notre pays\u00a0\u00bb.<\/em><\/p>\n\n\n\n<p>La dissolution des partis politiques&nbsp;<em>\u00ab\u00a0vise donc \u00e0 pr\u00e9server l&rsquo;unit\u00e9 nationale, renforcer la coh\u00e9rence de l&rsquo;action gouvernementale, ouvrir la voie \u00e0 une r\u00e9forme du mode de gouvernance politique\u00a0\u00bb,<\/em>&nbsp;a-t-il poursuivi.&nbsp;<\/p>\n\n\n\n<p>Le Ministre de l\u2019Administration territoriale et de la Mobilit\u00e9, Monsieur Emile ZERBO, annonce le d\u00e9cret &nbsp;sur la dissolution des partis politiques, 29 janvier 2026, \u00e0 Ouagadougou, Burkina Faso.<\/p>\n\n\n\n<p>Les activit\u00e9s des partis politiques \u00e9taient suspendues depuis le coup d&rsquo;\u00c9tat du 30 septembre 2022, le deuxi\u00e8me en huit mois, ayant port\u00e9 au pouvoir le capitaine Traor\u00e9. Avant ce coup d&rsquo;\u00c9tat, le Burkina Faso \u00e9tait dirig\u00e9 depuis janvier par un autre militaire putschiste, le lieutenant-colonel Paul-Henri Sandaogo Damiba.&nbsp;Les partis politiques n&rsquo;avaient alors pas le droit d&rsquo;organiser des r\u00e9unions publiques mais pouvaient maintenir leurs activit\u00e9s.&nbsp;<\/p>\n\n\n\n<p>\u00a0Paul-Henri Sandaogo Damiba, accus\u00e9 par la junte actuelle d&rsquo;\u00eatre le cerveau de plusieurs tentatives de putsch, a r\u00e9cemment \u00e9t\u00e9 extrad\u00e9 le 20 janvier du Togo, o\u00f9 il s&rsquo;\u00e9tait r\u00e9fugi\u00e9, vers le Burkina Faso<\/p>\n\n\n\n<p>Le r\u00e9gime du capitaine Traor\u00e9, qui d\u00e9fend une politique dite souverainiste, anti-imp\u00e9rialiste et d\u00e9coloniale, assume&nbsp;<em>\u00ab\u00a0ne pas \u00eatre une d\u00e9mocratie\u00a0\u00bb.&nbsp;<\/em>Ibrahim Traor\u00e9, qui revendique une politique tournant le dos aux puissances occidentales, la France en t\u00eate, a fait adopter en mai une charte lui permettant de rester cinq ans de plus au pouvoir.<\/p>\n","protected":false},"excerpt":{"rendered":"<p>Le gouvernement burkinab\u00e9 annonce un projet de loi visant \u00e0 dissoudre les partis politiques en guise de \u00ab\u00a0r\u00e9forme en profondeur<\/p>\n","protected":false},"author":1,"featured_media":36953,"comment_status":"open","ping_status":"open","sticky":false,"template":"","format":"standard","meta":{"footnotes":""},"categories":[51],"tags":[],"class_list":["post-67391","post","type-post","status-publish","format-standard","has-post-thumbnail","hentry","category-general"],"_links":{"self":[{"href":"https:\/\/dekkbi.com\/index.php?rest_route=\/wp\/v2\/posts\/67391","targetHints":{"allow":["GET"]}}],"collection":[{"href":"https:\/\/dekkbi.com\/index.php?rest_route=\/wp\/v2\/posts"}],"about":[{"href":"https:\/\/dekkbi.com\/index.php?rest_route=\/wp\/v2\/types\/post"}],"author":[{"embeddable":true,"href":"https:\/\/dekkbi.com\/index.php?rest_route=\/wp\/v2\/users\/1"}],"replies":[{"embeddable":true,"href":"https:\/\/dekkbi.com\/index.php?rest_route=%2Fwp%2Fv2%2Fcomments&post=67391"}],"version-history":[{"count":2,"href":"https:\/\/dekkbi.com\/index.php?rest_route=\/wp\/v2\/posts\/67391\/revisions"}],"predecessor-version":[{"id":67393,"href":"https:\/\/dekkbi.com\/index.php?rest_route=\/wp\/v2\/posts\/67391\/revisions\/67393"}],"wp:featuredmedia":[{"embeddable":true,"href":"https:\/\/dekkbi.com\/index.php?rest_route=\/wp\/v2\/media\/36953"}],"wp:attachment":[{"href":"https:\/\/dekkbi.com\/index.php?rest_route=%2Fwp%2Fv2%2Fmedia&parent=67391"}],"wp:term":[{"taxonomy":"category","embeddable":true,"href":"https:\/\/dekkbi.com\/index.php?rest_route=%2Fwp%2Fv2%2Fcategories&post=67391"},{"taxonomy":"post_tag","embeddable":true,"href":"https:\/\/dekkbi.com\/index.php?rest_route=%2Fwp%2Fv2%2Ftags&post=67391"}],"curies":[{"name":"wp","href":"https:\/\/api.w.org\/{rel}","templated":true}]}}