{"id":67388,"date":"2026-01-30T13:24:03","date_gmt":"2026-01-30T13:24:03","guid":{"rendered":"https:\/\/dekkbi.com\/?p=67388"},"modified":"2026-01-30T13:24:04","modified_gmt":"2026-01-30T13:24:04","slug":"niger-la-junte-accuse-la-france-le-benin-et-la-cote-divoire-apres-lattaque-de-laeroport-de-niamey","status":"publish","type":"post","link":"https:\/\/dekkbi.com\/?p=67388","title":{"rendered":"Niger: la junte accuse la France, le B\u00e9nin et la C\u00f4te d&rsquo;Ivoire apr\u00e8s l&rsquo;attaque de l&rsquo;a\u00e9roport de Niamey"},"content":{"rendered":"\n<p>Jeudi 29 janvier, au lendemain de l&rsquo;attaque de l&rsquo;a\u00e9roport de Niamey par des hommes arm\u00e9s, la vie a repris son cours dans la capitale. Le pr\u00e9sident Abdourahamane Tiani s&rsquo;est rendu dans la partie de l&rsquo;a\u00e9roport o\u00f9 se trouve la flotte a\u00e9rienne de l&rsquo;arm\u00e9e. Il a salu\u00e9 la bravoure des soldats nig\u00e9riens mais aussi russes qui ont repouss\u00e9 les assaillants, et tanc\u00e9 les pr\u00e9sidents fran\u00e7ais, b\u00e9ninois et ivoirien&nbsp;; Tiani a d\u00e9clar\u00e9 qu&rsquo;ils ont \u00e9t\u00e9 les soutiens des mercenaires responsables de l&rsquo;attaque.<\/p>\n\n\n\n<p><strong>Par : RF<a href=\"https:\/\/www.rfi.fr\/fr\/auteur\/rfi\/\">I<\/a><\/strong><\/p>\n\n\n\n<p>On en sait un peu plus sur cette attaque d&rsquo;envergure sur la base a\u00e9rienne de Niamey, survenue tard dans la nuit du mercredi 28 au jeudi 29 janvier. Selon un bilan du minist\u00e8re de la D\u00e9fense nationale, vingt assaillants, qualifi\u00e9s de \u00ab\u00a0<em>mercenaires<\/em>\u00a0\u00bb, ont \u00e9t\u00e9 neutralis\u00e9s et onze ont \u00e9t\u00e9 arr\u00eates. Le reportage de la t\u00e9l\u00e9vision d&rsquo;\u00c9tat RTN assure qu&rsquo;un Fran\u00e7ais figure parmi les assaillants tu\u00e9s, sans fournir d&rsquo;\u00e9l\u00e9ments. Dans les rangs de l&rsquo;arm\u00e9e du\u00a0<strong>Niger<\/strong>, quatre soldats ont \u00e9t\u00e9 gri\u00e8vement bless\u00e9s.<\/p>\n\n\n\n<p>En se rendant ce jeudi sur la base de l&rsquo;Escadrille nationale, le chef de la junte, le g\u00e9n\u00e9ral\u00a0<strong>Abdourahamane Tiani<\/strong>, a tenu \u00e0 saluer les soldats et leurs partenaires russes qui, gr\u00e2ce \u00e0 leur \u00ab\u00a0<em>prompte r\u00e9action<\/em>\u00a0\u00bb, ont pu, selon lui, \u00ab\u00a0<em>mettre en d\u00e9route\u00a0l&rsquo;ennemi dans les 20 minutes<\/em>\u00a0\u00bb qui ont suivi les premiers coups de feu.<\/p>\n\n\n\n<h2 class=\"wp-block-heading\">Macron, Talon et Ouattara \u00ab&nbsp;<em>sponsors des mercenaires<\/em>&nbsp;\u00bb<\/h2>\n\n\n\n<p>Adoptant un ton tr\u00e8s virulent, le pr\u00e9sident Tiani s&rsquo;en est ensuite pris \u00e0 ceux qu&rsquo;il a appel\u00e9s les \u00ab&nbsp;<em>sponsors de ces mercenaires<\/em>&nbsp;\u00bb&nbsp;: le pr\u00e9sident fran\u00e7ais Emmanuel Macron, le pr\u00e9sident b\u00e9ninois Patrice Talon et le pr\u00e9sident ivoirien Alassane Ouattara.&nbsp;\u00ab&nbsp;<em>Nous les avons suffisamment \u00e9cout\u00e9s aboyer. Qu&rsquo;ils s&rsquo;appr\u00eatent, eux aussi \u00e0 leur tour, \u00e0 nous \u00e9couter rugir<\/em>&nbsp;\u00bb, a-t-il pr\u00e9venu. Des menaces qu&rsquo;Abdourahamane Tiani n&rsquo;a pas pr\u00e9cis\u00e9es.<\/p>\n\n\n\n<blockquote class=\"wp-block-quote is-layout-flow wp-block-quote-is-layout-flow\">\n<p>Nous rappelons aux sponsors de ces mercenaires que nous les avons suffisamment \u00e9cout\u00e9s aboyer, qu&rsquo;ils s&rsquo;appr\u00eatent \u00e0 leur tour \u00e0 nous \u00e9couter rugir.<\/p>\n<\/blockquote>\n\n\n\n<p>Jeudi, durant toute la journ\u00e9e, deux grands meetings se sont tenus sur la place de l&rsquo;Assembl\u00e9e nationale et sur le grand carrefour de l&rsquo;Escadrille nationale.<\/p>\n\n\n\n<p>Toujours selon le bilan du minist\u00e8re de la D\u00e9fense nationale, d&rsquo;importants d\u00e9g\u00e2ts mat\u00e9riels sur des a\u00e9ronefs ont \u00e9t\u00e9 occasionn\u00e9s lors de l&rsquo;attaque, notamment contre deux avions de la compagnie Asky et un de la compagnie a\u00e9rienne Air C\u00f4te d&rsquo;Ivoire. Aucune pr\u00e9cision n&rsquo;a \u00e9t\u00e9 donn\u00e9e sur les d\u00e9g\u00e2ts dans la partie militaire de l&rsquo;a\u00e9roport. L&rsquo;agence nationale de l&rsquo;aviation civile indique de son c\u00f4t\u00e9 que les activit\u00e9s de l&rsquo;a\u00e9roport&nbsp;\u00ab&nbsp;<em>se poursuivent normalement<\/em>&nbsp;\u00bb.<\/p>\n","protected":false},"excerpt":{"rendered":"<p>Jeudi 29 janvier, au lendemain de l&rsquo;attaque de l&rsquo;a\u00e9roport de Niamey par des hommes arm\u00e9s, la vie a repris son<\/p>\n","protected":false},"author":1,"featured_media":67389,"comment_status":"open","ping_status":"open","sticky":false,"template":"","format":"standard","meta":{"footnotes":""},"categories":[51],"tags":[],"class_list":["post-67388","post","type-post","status-publish","format-standard","has-post-thumbnail","hentry","category-general"],"_links":{"self":[{"href":"https:\/\/dekkbi.com\/index.php?rest_route=\/wp\/v2\/posts\/67388","targetHints":{"allow":["GET"]}}],"collection":[{"href":"https:\/\/dekkbi.com\/index.php?rest_route=\/wp\/v2\/posts"}],"about":[{"href":"https:\/\/dekkbi.com\/index.php?rest_route=\/wp\/v2\/types\/post"}],"author":[{"embeddable":true,"href":"https:\/\/dekkbi.com\/index.php?rest_route=\/wp\/v2\/users\/1"}],"replies":[{"embeddable":true,"href":"https:\/\/dekkbi.com\/index.php?rest_route=%2Fwp%2Fv2%2Fcomments&post=67388"}],"version-history":[{"count":1,"href":"https:\/\/dekkbi.com\/index.php?rest_route=\/wp\/v2\/posts\/67388\/revisions"}],"predecessor-version":[{"id":67390,"href":"https:\/\/dekkbi.com\/index.php?rest_route=\/wp\/v2\/posts\/67388\/revisions\/67390"}],"wp:featuredmedia":[{"embeddable":true,"href":"https:\/\/dekkbi.com\/index.php?rest_route=\/wp\/v2\/media\/67389"}],"wp:attachment":[{"href":"https:\/\/dekkbi.com\/index.php?rest_route=%2Fwp%2Fv2%2Fmedia&parent=67388"}],"wp:term":[{"taxonomy":"category","embeddable":true,"href":"https:\/\/dekkbi.com\/index.php?rest_route=%2Fwp%2Fv2%2Fcategories&post=67388"},{"taxonomy":"post_tag","embeddable":true,"href":"https:\/\/dekkbi.com\/index.php?rest_route=%2Fwp%2Fv2%2Ftags&post=67388"}],"curies":[{"name":"wp","href":"https:\/\/api.w.org\/{rel}","templated":true}]}}