{"id":67355,"date":"2026-01-30T11:01:38","date_gmt":"2026-01-30T11:01:38","guid":{"rendered":"https:\/\/dekkbi.com\/?p=67355"},"modified":"2026-01-30T12:20:04","modified_gmt":"2026-01-30T12:20:04","slug":"saint-lazare-de-bethanie-sature-larchidiocese-de-dakar-cherche-500-millions-pour-louverture-dun-nouveau-cimetiere-catholique-a-guediawaye","status":"publish","type":"post","link":"https:\/\/dekkbi.com\/?p=67355","title":{"rendered":"L\u2019archidioc\u00e8se de Dakar cherche 500 millions pour l\u2019ouverture d\u2019un nouveau cimeti\u00e8re catholique"},"content":{"rendered":"\n<p><strong>Le cimeti\u00e8re Saint Lazare de B\u00e9thanie ne pourra bient\u00f4t plus accueillir de d\u00e9funts. Sous peu, les familles catholiques de Dakar se retrouveront sans solution pour inhumer leurs proches. Face \u00e0 cette urgence pastorale, l\u2019Archev\u00eaque de Dakar, Mgr Andr\u00e9 Gueye, lance une collecte de 500 millions FCFA pour ouvrir le nouveau site de Gu\u00e9diawaye.<\/strong><\/p>\n\n\n\n<p>Le 18 janvier 2026, lors du p\u00e8lerinage dioc\u00e9sain \u00e0 Popenguine, Mgr Andr\u00e9 Gu\u00e8ye a fait du cimeti\u00e8re de Gu\u00e9diawaye l\u2019une des trois priorit\u00e9s absolues de l\u2019Archidioc\u00e8se de Dakar, aux c\u00f4t\u00e9s du Sanctuaire de Grand-Yoff et du centre de pastorale familiale de Diamniadio. Une d\u00e9cision qui r\u00e9pond \u00e0 une situation qui devient chaque jour plus critique pour les personnes endeuill\u00e9es.<\/p>\n\n\n\n<p><em>\u00abC\u2019est un projet tr\u00e8s urgent, celui de l\u2019am\u00e9nagement des cimeti\u00e8res de Gu\u00e9diawaye, pour pallier la saturation du cimeti\u00e8re Saint-Lazare, pour ensevelir d\u00e9cemment nos morts et prier pour eux\u00bb,<\/em>&nbsp;a d\u00e9clar\u00e9 l\u2019archev\u00eaque devant des centaines de fid\u00e8les. Derri\u00e8re ces mots se cache une r\u00e9alit\u00e9 douloureuse que vivent quotidiennement les responsables du dossier.<\/p>\n\n\n\n<p>De fait, l\u2019abb\u00e9 Jean-No\u00ebl Di\u00e8ne Diouf, charg\u00e9 de coordonner les travaux, t\u00e9moigne de cette d\u00e9tresse :&nbsp;<em>\u00abNous recevons des appels tous les jours. Des gens d\u00e9sempar\u00e9s, parfois en col\u00e8re. Ils ont raison. Nous devons agir maintenant.\u00bb<\/em>&nbsp;Des sollicitations qui racontent toutes la m\u00eame histoire : des personnes qui viennent de perdre un \u00eatre cher et d\u00e9couvrent qu\u2019elles ne peuvent pas l\u2019inhumer dignement dans leur ville.<\/p>\n\n\n\n<p>Le cimeti\u00e8re Saint-Lazare de B\u00e9thanie a servi les communaut\u00e9s catholiques de Dakar pendant des d\u00e9cennies. Cependant, la croissance d\u00e9mographique de la capitale et l\u2019extension urbaine ont fini par rattraper ce qui \u00e9tait autrefois un espace suffisant. Aujourd\u2019hui, la saturation est totale et les proches des d\u00e9funts se heurtent \u00e0 l\u2019impossibilit\u00e9 de trouver une place pour leurs morts.<\/p>\n\n\n\n<p>Or, cette situation ne concerne pas seulement l\u2019aspect mat\u00e9riel de l\u2019inhumation. Elle touche au c\u0153ur m\u00eame de la dignit\u00e9 humaine et de la foi catholique. Dans la tradition de l\u2019\u00c9glise, ensevelir les morts et prier pour eux constitue une \u0153uvre de mis\u00e9ricorde fondamentale. Mgr Andr\u00e9 Gu\u00e8ye l\u2019a d\u2019ailleurs rappel\u00e9 en ces termes :&nbsp;<em>\u00abJe demande \u00e0 tous d\u2019adh\u00e9rer aux dispositions, mais d\u2019abord et surtout de participer g\u00e9n\u00e9reusement au financement des travaux d\u2019am\u00e9nagement. C\u2019est une \u0153uvre de mis\u00e9ricorde.\u00bb<\/em><\/p>\n\n\n\n<p>Face \u00e0 cette urgence, l\u2019archidioc\u00e8se de Dakar a pr\u00e9par\u00e9 un plan concret et r\u00e9aliste. Le terrain de Gu\u00e9diawaye est identifi\u00e9 depuis plusieurs mois. Un comit\u00e9 technique travaille actuellement sur l\u2019am\u00e9nagement qui permettra une occupation rationnelle de l\u2019espace. Les \u00e9tudes sont achev\u00e9es et les d\u00e9marches administratives suivent leur cours. Tous les \u00e9l\u00e9ments sont en place, \u00e0 une exception pr\u00e8s : le financement des travaux.<\/p>\n\n\n\n<p>Concr\u00e8tement, la premi\u00e8re phase n\u00e9cessite 500 millions FCFA. Ce montant permettra de r\u00e9aliser les infrastructures essentielles sans lesquelles le site ne peut pas ouvrir. Le terrassement et la viabilisation du terrain constitueront la base de l\u2019am\u00e9nagement. Le b\u00e2timent administratif offrira aux proches un espace d\u2019accueil digne lors des moments difficiles. L\u2019installation d\u2019eau potable par forage garantira l\u2019autonomie en eau du lieu. Enfin, l\u2019alimentation \u00e9lectrique solaire assurera un fonctionnement durable et respectueux de l\u2019environnement.<\/p>\n\n\n\n<p>Une fois ces travaux achev\u00e9s, le cimeti\u00e8re pourra accueillir les premiers d\u00e9funts. La deuxi\u00e8me phase viendra ensuite compl\u00e9ter l\u2019ensemble avec les voies de circulation internes, les espaces verts, les jardins du souvenir et la signal\u00e9tique. Toutefois, cette seconde \u00e9tape ne pourra d\u00e9marrer que si la premi\u00e8re est r\u00e9alis\u00e9e rapidement.<\/p>\n\n\n\n<p>\u00c0 ce sujet, Simon Dioh, coordinateur de la collecte, rappelle que l\u2019objectif est \u00e0 port\u00e9e de main si la mobilisation est collective :&nbsp;<em>\u00abNous avons besoin de 500 millions. Cela semble \u00e9norme, mais si 50.000 personnes donnent 10.000 FCFA, nous y arrivons. Si 500 entreprises donnent 1 million, le projet d\u00e9marre demain.\u00bb<\/em><\/p>\n\n\n\n<p>D\u2019ailleurs, l\u2019appel s\u2019adresse en premier lieu aux fid\u00e8les de l\u2019Archidioc\u00e8se, mais il va au-del\u00e0 des fronti\u00e8res de la seule communaut\u00e9 catholique. Les entreprises s\u00e9n\u00e9galaises peuvent s\u2019engager par le m\u00e9c\u00e9nat et associer leur nom \u00e0 un ouvrage d\u2019int\u00e9r\u00eat social. Par ailleurs, la diaspora catholique s\u00e9n\u00e9galaise repr\u00e9sente \u00e9galement un levier important pour cette initiative.<\/p>\n\n\n\n<p>Il faut souligner que l\u2019urgence de cette op\u00e9ration s\u2019inscrit dans le plan pastoral triennal que l\u2019Archidioc\u00e8se a adopt\u00e9 :&nbsp;<em>\u00abPour une \u00e9glise synodale, autonome, au service de la justice et de la paix.\u00bb<\/em>&nbsp;Et donner aujourd\u2019hui, c\u2019est permettre \u00e0 ces personnes d\u2019accomplir leur devoir envers leurs morts dans des conditions dignes. C\u2019est r\u00e9pondre concr\u00e8tement \u00e0 l\u2019appel de Mgr Andr\u00e9 Gu\u00e8ye. C\u2019est participer \u00e0 une \u0153uvre de mis\u00e9ricorde qui honore la vie jusqu\u2019\u00e0 son terme.<\/p>\n\n\n\n<p><strong>Avec Ucs.sn<\/strong><\/p>\n","protected":false},"excerpt":{"rendered":"<p>Le cimeti\u00e8re Saint Lazare de B\u00e9thanie ne pourra bient\u00f4t plus accueillir de d\u00e9funts. Sous peu, les familles catholiques de Dakar<\/p>\n","protected":false},"author":1,"featured_media":67356,"comment_status":"open","ping_status":"open","sticky":false,"template":"","format":"standard","meta":{"footnotes":""},"categories":[26],"tags":[],"class_list":["post-67355","post","type-post","status-publish","format-standard","has-post-thumbnail","hentry","category-fait-divers"],"_links":{"self":[{"href":"https:\/\/dekkbi.com\/index.php?rest_route=\/wp\/v2\/posts\/67355","targetHints":{"allow":["GET"]}}],"collection":[{"href":"https:\/\/dekkbi.com\/index.php?rest_route=\/wp\/v2\/posts"}],"about":[{"href":"https:\/\/dekkbi.com\/index.php?rest_route=\/wp\/v2\/types\/post"}],"author":[{"embeddable":true,"href":"https:\/\/dekkbi.com\/index.php?rest_route=\/wp\/v2\/users\/1"}],"replies":[{"embeddable":true,"href":"https:\/\/dekkbi.com\/index.php?rest_route=%2Fwp%2Fv2%2Fcomments&post=67355"}],"version-history":[{"count":3,"href":"https:\/\/dekkbi.com\/index.php?rest_route=\/wp\/v2\/posts\/67355\/revisions"}],"predecessor-version":[{"id":67374,"href":"https:\/\/dekkbi.com\/index.php?rest_route=\/wp\/v2\/posts\/67355\/revisions\/67374"}],"wp:featuredmedia":[{"embeddable":true,"href":"https:\/\/dekkbi.com\/index.php?rest_route=\/wp\/v2\/media\/67356"}],"wp:attachment":[{"href":"https:\/\/dekkbi.com\/index.php?rest_route=%2Fwp%2Fv2%2Fmedia&parent=67355"}],"wp:term":[{"taxonomy":"category","embeddable":true,"href":"https:\/\/dekkbi.com\/index.php?rest_route=%2Fwp%2Fv2%2Fcategories&post=67355"},{"taxonomy":"post_tag","embeddable":true,"href":"https:\/\/dekkbi.com\/index.php?rest_route=%2Fwp%2Fv2%2Ftags&post=67355"}],"curies":[{"name":"wp","href":"https:\/\/api.w.org\/{rel}","templated":true}]}}