{"id":67350,"date":"2026-01-30T10:30:30","date_gmt":"2026-01-30T10:30:30","guid":{"rendered":"https:\/\/dekkbi.com\/?p=67350"},"modified":"2026-01-30T10:59:37","modified_gmt":"2026-01-30T10:59:37","slug":"pressions-sur-la-cour-des-comptes-le-premier-president-mamadou-faye-vide-ses-comptes","status":"publish","type":"post","link":"https:\/\/dekkbi.com\/?p=67350","title":{"rendered":"Pressions sur la Cour des comptes : Le Premier pr\u00e9sident Mamadou Faye vide ses comptes"},"content":{"rendered":"\n<p><strong>Pour moderniser et rendre ses services plus performants, la Cour des comptes s\u2019est dot\u00e9e d\u2019un nouveau Plan strat\u00e9gique de d\u00e9veloppement (Psd) pour la p\u00e9riode 2026-2030. Le document a \u00e9t\u00e9 soumis \u00e0 l\u2019appr\u00e9ciation des diff\u00e9rentes parties prenantes et aux Partenaires techniques et financiers (Ptf) pour sa validation.<\/strong><\/p>\n\n\n\n<p><strong>Par Justin GOMIS \u2013<\/strong>\u00a0Apr\u00e8s avoir \u00e9labor\u00e9 son nouveau Plan strat\u00e9gique de d\u00e9veloppement (Psd), la Cour des comptes a pr\u00e9sent\u00e9 hier le document aux diff\u00e9rentes parties prenantes et aux Parte\u00adnaires techniques et financiers (Ptf) pour sa validation. A travers ce document qui couvre la p\u00e9riode 2026-2030, l\u2019institution sup\u00e9rieure de contr\u00f4le vise \u00e0 moderniser et rendre ses services plus performants. \u00abLa validation de ce plan marque un nouveau d\u00e9part dans leur qu\u00eate permanente de progr\u00e8s vers la r\u00e9alisation de leurs ambitions d\u2019\u00e9riger la Cour des comptes en une institution sup\u00e9rieure de contr\u00f4le performante qui assure le leadership dans la promotion de la transparence et de la bonne gouvernance dans la gestion des finances publiques\u00bb, a expliqu\u00e9 le Premier pr\u00e9sident de la Cour des comptes. Pour atteindre ces objectifs, indique Mamadou Faye, la Cour des comptes veut s\u2019appuyer sur des leviers en faisant un suivi-\u00e9valuation des actions afin de pouvoir faire des rectifications \u00e0 temps.<\/p>\n\n\n\n<p>Le Psd 2026-2030 prend en compte, selon le magistrat, \u00ables r\u00e9sultats tangibles d\u2019un pr\u00e9c\u00e9dent plan, celui mis en \u0153uvre par la Cour des comptes de 2020 \u00e0 2024. Ce qui n\u00e9cessite une correction des insuffisances relev\u00e9es dans le rapport d\u2019\u00e9valuation du Plan strat\u00e9gique 2020-2024. Ces insuffisances sont essentiellement relatives au cadre juridique de la Cour des comptes, qui doit \u00eatre r\u00e9vis\u00e9 pour prendre en compte les nouvelles priorit\u00e9s de l\u2019institution. Elles sont relatives en m\u00eame temps \u00e0 son cadre organisationnel, qui doit s\u2019adapter aux mutations technologiques en cours, la transformation digitale notamment, dans le but d\u2019am\u00e9liorer les proc\u00e9dures de contr\u00f4le et de gestion\u00bb.<\/p>\n\n\n\n<p>Toutefois, rappelle M. Faye, la Cour des comptes doit jouir d\u2019une ind\u00e9pendance totale dans l\u2019exercice de ses fonctions. \u00abChers coll\u00e8gues, il nous faudra rester magistrats. Nous ne devons pas perdre de vue les exigences que nous impose la Cour, \u00e0 savoir l\u2019exigence de conformit\u00e9 avec notre statut, qui nous impose des obligations importantes\u00a0; l\u2019exigence d\u2019ind\u00e9pendance et d\u2019impartialit\u00e9, que nous conf\u00e8re notre statut, et sans lesquelles il ne saurait y avoir de contr\u00f4le externe digne d\u2019un syst\u00e8me d\u00e9mocratique\u00a0; ind\u00e9pendance vis-\u00e0-vis de l\u2019Ex\u00e9cutif, vis-\u00e0-vis du L\u00e9gislatif et vis-\u00e0-vis du politique, mais aussi ind\u00e9pendance vis-\u00e0-vis de tous les autres lobbies. Exigence de comp\u00e9tence et d\u2019expertise, gage de la cr\u00e9dibilit\u00e9 de l\u2019institution, qui appelle une mise \u00e0 jour permanente des savoirs et comp\u00e9tences que nous nous transmettons au fil des ans. Cette exigence nous oblige \u00e0 faire montre, dans notre travail, d\u2019une expertise d\u2019autant plus impartiale qu\u2019elle s\u2019exerce dans la coll\u00e9gialit\u00e9, dans le respect du secret de l\u2019institution et de la proc\u00e9dure contradictoire\u2026 en un mot dans le souci d\u2019une Justice \u00e9quitable. Exigence de professionnalisation de nos personnels de contr\u00f4le, magistrats assistants de v\u00e9rification, par le d\u00e9veloppement de leurs capacit\u00e9s techniques et professionnelles. Exigence de r\u00e9alisation d\u2019une production de haute qualit\u00e9, en quantit\u00e9 et dans les d\u00e9lais. Exigence d\u2019objectivit\u00e9 et d\u2019humilit\u00e9, pour mieux prendre en compte les droits des justiciables et fournir une information fiable. Exigence de c\u00e9l\u00e9rit\u00e9 dans le traitement des dossiers, pour garantir l\u2019actualit\u00e9 de la production de l\u2019institution, notamment celles relatives au rapport public et au rapport sur l\u2019ex\u00e9cution des droits des finances, que nous devons \u00e0 l\u2019Assembl\u00e9e nationale\u00bb, recommande le Premier pr\u00e9sident de la Cour. Qui pr\u00e9cise qu\u2019il n\u2019a jamais \u00e9t\u00e9 appel\u00e9 par un homme politique ou un membre d\u2019un lobby depuis qu\u2019il a pris fonction en 2018\u00a0\u00e0 la t\u00eate de cette institution de contr\u00f4le. \u00abJe peux vous assurer que depuis que je suis \u00e0 la t\u00eate de cet important organisme, je n\u2019ai jamais eu l\u2019occasion d\u2019\u00eatre contact\u00e9 par un homme politique ou bien par un autre levier\u00bb, assure M. Faye.<\/p>\n\n\n\n<p><strong>justin@lequotidien.sn<\/strong><\/p>\n","protected":false},"excerpt":{"rendered":"<p>Pour moderniser et rendre ses services plus performants, la Cour des comptes s\u2019est dot\u00e9e d\u2019un nouveau Plan strat\u00e9gique de d\u00e9veloppement<\/p>\n","protected":false},"author":1,"featured_media":67351,"comment_status":"open","ping_status":"open","sticky":false,"template":"","format":"standard","meta":{"footnotes":""},"categories":[6],"tags":[],"class_list":["post-67350","post","type-post","status-publish","format-standard","has-post-thumbnail","hentry","category-politics"],"_links":{"self":[{"href":"https:\/\/dekkbi.com\/index.php?rest_route=\/wp\/v2\/posts\/67350","targetHints":{"allow":["GET"]}}],"collection":[{"href":"https:\/\/dekkbi.com\/index.php?rest_route=\/wp\/v2\/posts"}],"about":[{"href":"https:\/\/dekkbi.com\/index.php?rest_route=\/wp\/v2\/types\/post"}],"author":[{"embeddable":true,"href":"https:\/\/dekkbi.com\/index.php?rest_route=\/wp\/v2\/users\/1"}],"replies":[{"embeddable":true,"href":"https:\/\/dekkbi.com\/index.php?rest_route=%2Fwp%2Fv2%2Fcomments&post=67350"}],"version-history":[{"count":1,"href":"https:\/\/dekkbi.com\/index.php?rest_route=\/wp\/v2\/posts\/67350\/revisions"}],"predecessor-version":[{"id":67352,"href":"https:\/\/dekkbi.com\/index.php?rest_route=\/wp\/v2\/posts\/67350\/revisions\/67352"}],"wp:featuredmedia":[{"embeddable":true,"href":"https:\/\/dekkbi.com\/index.php?rest_route=\/wp\/v2\/media\/67351"}],"wp:attachment":[{"href":"https:\/\/dekkbi.com\/index.php?rest_route=%2Fwp%2Fv2%2Fmedia&parent=67350"}],"wp:term":[{"taxonomy":"category","embeddable":true,"href":"https:\/\/dekkbi.com\/index.php?rest_route=%2Fwp%2Fv2%2Fcategories&post=67350"},{"taxonomy":"post_tag","embeddable":true,"href":"https:\/\/dekkbi.com\/index.php?rest_route=%2Fwp%2Fv2%2Ftags&post=67350"}],"curies":[{"name":"wp","href":"https:\/\/api.w.org\/{rel}","templated":true}]}}