{"id":67333,"date":"2026-01-30T09:57:30","date_gmt":"2026-01-30T09:57:30","guid":{"rendered":"https:\/\/dekkbi.com\/?p=67333"},"modified":"2026-01-30T09:57:30","modified_gmt":"2026-01-30T09:57:30","slug":"porokhane-sokhna-mame-diarra-bousso-un-symbole-pour-la-republique-selon-mouhamadou-bamba-cisse","status":"publish","type":"post","link":"https:\/\/dekkbi.com\/?p=67333","title":{"rendered":"Porokhane : Sokhna Mame Diarra Bousso, \u2018\u2019un symbole\u2019\u2019 pour la R\u00e9publique, selon Mouhamadou Bamba Ciss\u00e9"},"content":{"rendered":"\n<p>Porokhane, 29 jan (APS) \u2013 Le ministre de l\u2019Int\u00e9rieur et de la S\u00e9curit\u00e9 publique, Mouhamadou Bamba Ciss\u00e9, a fait part&nbsp; jeudi du \u2018\u2019symbole\u2019\u2019 que repr\u00e9sente Sokhna Mame Diarra Bousso (1833-1866) pour la R\u00e9publique, la v\u00e9n\u00e9r\u00e9e m\u00e8re du fondateur du Mouridisme, Cheikh Ahmadou Bamba Mback\u00e9 (1853-1927).<\/p>\n\n\n\n<p>\u2018\u2019Il est toujours important de rappeler ce genre de personnes. Je peux dire qu\u2019elle est un symbole pour la R\u00e9publique, pas seulement pour S\u00e9n\u00e9gal ou pour l\u2019Afrique, mais pour le monde entier, en termes d\u2019exemplarit\u00e9 pour une femme dans un foyer et dans la religion\u2019\u2019, a d\u00e9clar\u00e9 le ministre lors de la c\u00e9r\u00e9monie officielle du Magal annuel de Porokhane, dans le d\u00e9partement de Nioro du Rip (Kaolack, centre),<\/p>\n\n\n\n<p>Selon le ministre de l\u2019Int\u00e9rieur et de la S\u00e9curit\u00e9 publique qui rendait hommage \u00e0 Mame Diarra Bousso , \u201dce sont des valeurs de femme mod\u00e8le et de musulmane d\u2019une pi\u00e9t\u00e9 irr\u00e9prochable qui ont valu au monde d\u2019avoir Cheikh Ahmadou Bamba\u201d.<\/p>\n\n\n\n<p>\u2018\u2019Sokhna Dariyatoulahi (l\u2019autre appellation de Sokhna Mame Diarra Bousso) est aussi un symbole dans la religion au S\u00e9n\u00e9gal. Une personne impressionnante en termes de foi en Dieu, de pi\u00e9t\u00e9, de respect vis-\u00e0-vis de Mame Mor Anta Sali Mback\u00e9 (p\u00e8re de Cheikh Ahmadou Bamba)\u2019\u2019, a magnifi\u00e9 M. Ciss\u00e9.<\/p>\n\n\n\n<p>A la t\u00eate d\u2019une d\u00e9l\u00e9gation gouvernementale compos\u00e9e, entre autres, des ministres Moustapha Mamba Guirassy (Education Nationale), Yankhoba Di\u00e9m\u00e9 (Transports terrestres et a\u00e9riens), ainsi que du gouverneur de la r\u00e9gion de Kaolack, Mouhamadou Moctar Watt, il est venu pr\u00e9sider la c\u00e9r\u00e9monie officielle de cet \u00e9v\u00e8nement religieux.<\/p>\n\n\n\n<p>Plusieurs dignitaires de la communaut\u00e9 Mouride, parmi lesquels Serigne Bassirou Mback\u00e9 \u201dPorokhane\u201d, pr\u00e9sident du Comit\u00e9 d\u2019organisation du Magal et Serigne Bassirou Abdou Khadre Mback\u00e9, porte-parole du khalife g\u00e9n\u00e9ral des Mourides ont pris part \u00e0 la rencontre, en pr\u00e9sence de nombreux fid\u00e8les venus des quatre coins du pays et de l\u2019\u00e9tranger.<\/p>\n\n\n\n<p>\u2018\u2019Je repr\u00e9sente ici le chef de l\u2019Etat, Bassirou Diomaye Faye, et le Premier ministre Ousmane Sonko, qui, depuis hier, ne cesse de m\u2019appeler pour me demander de r\u00e9affirmer leurs liens avec Porokhane et recueillir des pri\u00e8res\u2019\u2019, a rapport\u00e9 Mouhamadou Bamba Ciss\u00e9.<\/p>\n\n\n\n<p>Il a profit\u00e9 de l\u2019occasion pour pr\u00e9senter ses condol\u00e9ances au khalife g\u00e9n\u00e9ral des Mourides suite au rappel \u00e0 Dieu de sa petite-s\u0153ur, Sokhna Mously Mback\u00e9.<\/p>\n\n\n\n<p>Le ministre a jug\u00e9 \u2018\u2019remarquable\u2019\u2019 l\u2019\u00e9cole coranique commun\u00e9ment appel\u00e9e \u2018\u2019Daara Mame Diarra\u2019\u2019 de Porokhane qui regroupe \u2018\u2019500 homonymes\u2019\u2019 de Sokhna Mame Diarra Bousso, toutes en r\u00e9gime internat, pour apprendre le Coran et les fondamentaux de l\u2019Islam, en plus de leur apprentissage pour les t\u00e2ches m\u00e9nag\u00e8res.<\/p>\n\n\n\n<p>\u2018\u2019Tout ceci est bas\u00e9 sur les pr\u00e9ceptes de l\u2019Islam, les recommandations du Proph\u00e8te Mohamed (PSL) ainsi que sur l\u2019h\u00e9ritage de Sokhna Mame Diarra Bousso et les enseignements de Cheikh Ahmadou Bamba\u2019\u2019, a-t-il soulign\u00e9, ajoutant que \u2018\u2019quiconque \u0153uvre pour l\u2019Islam, ouvre aussi pour Cheikh Ahmadou Bamba Mback\u00e9\u2019.<\/p>\n\n\n\n<p>\u2018\u2019L\u2019Etat exhorte tout le monde \u00e0 prendre pour mod\u00e8le cette femme sainte. Femmes du S\u00e9n\u00e9gal, de l\u2019Afrique et du monde, vous avez un exemple \u00e0 suivre ! Pas besoin d\u2019aller voir ailleurs, parce que, en Sokhna Diarra, vous avez un mod\u00e8le sur comment une femme doit g\u00e9rer son foyer, comment une femme doit se comporter vis-\u00e0-vis de son \u00e9poux pour esp\u00e9rer avoir des enfants d\u2019une belle exemplarit\u00e9\u2019\u2019, a insist\u00e9 Mouhamadou Bamba Ciss\u00e9.<\/p>\n\n\n\n<p>Pour lui, le Magal de Porokhane montre que le Mouridisme place la femme au c\u0153ur de ses pr\u00e9occupations, \u2018\u2019parce que la femme est au centre de la communaut\u00e9 mouride et de l\u2019enseignement de Cheikh Ahmadou Bamba. C\u2019est pourquoi nous n\u2019avons sans cesse interpel\u00e9 le gouverneur pour le rappeler que nous voulons que cet \u00e9v\u00e8nement soit une grande r\u00e9ussite\u2019\u2019, a fait valoir le ministre de l\u2019Int\u00e9rieur.<\/p>\n\n\n\n<p>Il a aussi sollicit\u00e9 des pri\u00e8res pour la paix et pour un S\u00e9n\u00e9gal stable.<\/p>\n\n\n\n<p>ADE\/FKS\/MTN<\/p>\n","protected":false},"excerpt":{"rendered":"<p>Porokhane, 29 jan (APS) \u2013 Le ministre de l\u2019Int\u00e9rieur et de la S\u00e9curit\u00e9 publique, Mouhamadou Bamba Ciss\u00e9, a fait part&nbsp;<\/p>\n","protected":false},"author":1,"featured_media":67334,"comment_status":"open","ping_status":"open","sticky":false,"template":"","format":"standard","meta":{"footnotes":""},"categories":[21],"tags":[],"class_list":["post-67333","post","type-post","status-publish","format-standard","has-post-thumbnail","hentry","category-societe"],"_links":{"self":[{"href":"https:\/\/dekkbi.com\/index.php?rest_route=\/wp\/v2\/posts\/67333","targetHints":{"allow":["GET"]}}],"collection":[{"href":"https:\/\/dekkbi.com\/index.php?rest_route=\/wp\/v2\/posts"}],"about":[{"href":"https:\/\/dekkbi.com\/index.php?rest_route=\/wp\/v2\/types\/post"}],"author":[{"embeddable":true,"href":"https:\/\/dekkbi.com\/index.php?rest_route=\/wp\/v2\/users\/1"}],"replies":[{"embeddable":true,"href":"https:\/\/dekkbi.com\/index.php?rest_route=%2Fwp%2Fv2%2Fcomments&post=67333"}],"version-history":[{"count":1,"href":"https:\/\/dekkbi.com\/index.php?rest_route=\/wp\/v2\/posts\/67333\/revisions"}],"predecessor-version":[{"id":67335,"href":"https:\/\/dekkbi.com\/index.php?rest_route=\/wp\/v2\/posts\/67333\/revisions\/67335"}],"wp:featuredmedia":[{"embeddable":true,"href":"https:\/\/dekkbi.com\/index.php?rest_route=\/wp\/v2\/media\/67334"}],"wp:attachment":[{"href":"https:\/\/dekkbi.com\/index.php?rest_route=%2Fwp%2Fv2%2Fmedia&parent=67333"}],"wp:term":[{"taxonomy":"category","embeddable":true,"href":"https:\/\/dekkbi.com\/index.php?rest_route=%2Fwp%2Fv2%2Fcategories&post=67333"},{"taxonomy":"post_tag","embeddable":true,"href":"https:\/\/dekkbi.com\/index.php?rest_route=%2Fwp%2Fv2%2Ftags&post=67333"}],"curies":[{"name":"wp","href":"https:\/\/api.w.org\/{rel}","templated":true}]}}