{"id":67330,"date":"2026-01-30T09:51:53","date_gmt":"2026-01-30T09:51:53","guid":{"rendered":"https:\/\/dekkbi.com\/?p=67330"},"modified":"2026-01-30T09:51:54","modified_gmt":"2026-01-30T09:51:54","slug":"sommet-cemac-stabilite-monetaire-ou-chaos-social-la-position-sans-ambiguite-du-gabon","status":"publish","type":"post","link":"https:\/\/dekkbi.com\/?p=67330","title":{"rendered":"Sommet CEMAC : Stabilit\u00e9 mon\u00e9taire ou chaos social ? La position sans ambigu\u00eft\u00e9 du Gabon"},"content":{"rendered":"\n<p>Avec Justine Judith Lekogo, d\u00e9put\u00e9e \u00e9lue et ancienne \u00e9conomiste locale du Fonds mon\u00e9taire international (FMI)<\/p>\n\n\n\n<p><strong>Madame la D\u00e9put\u00e9e, comment qualifiez-vous ce sommet extraordinaire des chefs d\u2019\u00c9tat de la CEMAC ?<\/strong><\/p>\n\n\n\n<p>Justine Judith Lekogo :<\/p>\n\n\n\n<p>Ce sommet est avant tout un sommet de clarification politique. On a trop longtemps pr\u00e9sent\u00e9 les questions mon\u00e9taires comme des sujets purement techniques r\u00e9serv\u00e9s aux experts. Or, ce que les chefs d\u2019\u00c9tat ont clairement assum\u00e9 ici, c\u2019est que la stabilit\u00e9 mon\u00e9taire et la d\u00e9fense du pouvoir d\u2019achat sont des enjeux profond\u00e9ment politiques, qui engagent directement leur responsabilit\u00e9 devant les peuples.<a href=\"https:\/\/account.microsoft.com\/privacy\/ad-settings\" target=\"_blank\" rel=\"noreferrer noopener\"><\/a><\/p>\n\n\n\n<p>Le message est clair : sans stabilit\u00e9 du franc CFA, il n\u2019y a ni cr\u00e9dibilit\u00e9 des \u00c9tats, ni paix sociale durable. C\u2019est une prise de conscience importante.<\/p>\n\n\n\n<p><strong>Les dirigeants parlent pourtant d\u2019une am\u00e9lioration des indicateurs macro\u00e9conomiques. Pourquoi les populations ne le ressentent-elles pas ?<\/strong><\/p>\n\n\n\n<p>C\u2019est justement l\u2019un des constats lucides du sommet. Oui, il y a une am\u00e9lioration relative de la croissance et une inflation mieux ma\u00eetris\u00e9e dans certains pays. Mais il existe un d\u00e9calage structurel profond entre la stabilit\u00e9 macro\u00e9conomique et le v\u00e9cu quotidien des m\u00e9nages.<\/p>\n\n\n\n<p>C\u2019est un probl\u00e8me ancien dans la zone CEMAC : la croissance ne se transmet pas suffisamment vers les populations, faute de politiques redistributives efficaces, de diversification \u00e9conomique et de qualit\u00e9 de la d\u00e9pense publique.<\/p>\n\n\n\n<p><strong>Quelles sont, selon vous, les principales d\u00e9cisions issues de ce sommet ?<\/strong><a target=\"_blank\" rel=\"noreferrer noopener\"><\/a><a target=\"_blank\" rel=\"noreferrer noopener\"><\/a><a target=\"_blank\" rel=\"noreferrer noopener\"><\/a><\/p>\n\n\n\n<p>Cinq axes majeurs se d\u00e9gagent tr\u00e8s clairement :<\/p>\n\n\n\n<p><strong>1.La d\u00e9fense ferme de la stabilit\u00e9 du franc CFA,<\/strong><\/p>\n\n\n\n<p><strong>2.Le rapatriement effectif des recettes d\u2019exportation,<\/strong><\/p>\n\n\n\n<p><strong>3.La discipline budg\u00e9taire et le respect des crit\u00e8res de convergence,<\/strong><\/p>\n\n\n\n<p><strong>4.Le renforcement de la gouvernance financi\u00e8re, notamment \u00e0 travers le Compte Unique du Tr\u00e9sor et la digitalisation,<\/strong><\/p>\n\n\n\n<p><strong>5.La souverainet\u00e9 \u00e9conomique et alimentaire.<\/strong><\/p>\n\n\n\n<p>Ces mesures ne sont pas nouvelles en soi, mais la diff\u00e9rence aujourd\u2019hui, c\u2019est qu\u2019elles sont port\u00e9es au plus haut niveau politique, ce qui peut r\u00e9ellement changer la donne si la mise en \u0153uvre suit.<\/p>\n\n\n\n<p><strong>Quelle a \u00e9t\u00e9 la position sp\u00e9cifique du Gabon lors de ce sommet ?<\/strong><\/p>\n\n\n\n<p>La position du Gabon a \u00e9t\u00e9 claire, coh\u00e9rente et assum\u00e9e. Le Pr\u00e9sident de la R\u00e9publique, Son Excellence Brice Clotaire Oligui Nguema, a d\u00e9fendu sans ambigu\u00eft\u00e9 la stabilit\u00e9 du franc CFA, en la pr\u00e9sentant non pas comme un dogme, mais comme un outil de protection \u00e9conomique et sociale.<a target=\"_blank\" rel=\"noreferrer noopener\"><\/a><a target=\"_blank\" rel=\"noreferrer noopener\"><\/a><a target=\"_blank\" rel=\"noreferrer noopener\"><\/a><\/p>\n\n\n\n<p>Le franc CFA reste aujourd\u2019hui :<\/p>\n\n\n\n<p><strong>\u2022un bouclier contre l\u2019inflation import\u00e9e,<\/strong><\/p>\n\n\n\n<p><strong>\u2022un facteur de confiance pour les partenaires internationaux,<\/strong><\/p>\n\n\n\n<p><strong>\u2022et, paradoxalement, un levier de souverainet\u00e9 \u00e9conomique \u00e0 court et moyen terme, dans un contexte r\u00e9gional fragile.<\/strong><\/p>\n\n\n\n<p>Le Gabon a fait le choix de la stabilit\u00e9 pragmatique, plut\u00f4t que des aventures mon\u00e9taires populistes sans solutions techniques cr\u00e9dibles.<\/p>\n\n\n\n<p><strong>Peut-on dire que le Gabon joue un r\u00f4le moteur dans la CEMAC ?<\/strong><\/p>\n\n\n\n<p>Oui, clairement. La participation active du Gabon traduit une volont\u00e9 de leadership r\u00e9gional responsable. Elle renforce aussi la cr\u00e9dibilit\u00e9 du pays vis-\u00e0-vis des partenaires techniques et financiers, d\u2019autant plus que cette position est coh\u00e9rente avec les r\u00e9formes internes engag\u00e9es en mati\u00e8re de finances publiques et de gouvernance.<\/p>\n\n\n\n<p>C\u2019est une posture politiquement prudente, mais \u00e9conomiquement solide, que je tiens \u00e0 saluer.<\/p>\n\n\n\n<p><strong>Quels sont aujourd\u2019hui les principaux risques pour la zone CEMAC ?<\/strong><\/p>\n\n\n\n<p>Ils sont multiples.<\/p>\n\n\n\n<p>Sur le plan macro\u00e9conomique :<\/p>\n\n\n\n<p><strong>\u2022l\u2019\u00e9rosion des r\u00e9serves de change si le rapatriement des devises reste insuffisant,<\/strong><\/p>\n\n\n\n<p><strong>\u2022la forte d\u00e9pendance aux mati\u00e8res premi\u00e8res,<\/strong><\/p>\n\n\n\n<p><strong>\u2022et les pressions inflationnistes import\u00e9es, notamment sur l\u2019alimentation et l\u2019\u00e9nergie.<\/strong><\/p>\n\n\n\n<p>Sur le plan budg\u00e9taire :<\/p>\n\n\n\n<p><strong>\u2022les d\u00e9rapages pr\u00e9-\u00e9lectoraux,<\/strong><\/p>\n\n\n\n<p><strong>\u2022la faible qualit\u00e9 de la d\u00e9pense publique,<\/strong><\/p>\n\n\n\n<p><strong>\u2022et l\u2019accumulation d\u2019arri\u00e9r\u00e9s int\u00e9rieurs, qui p\u00e9nalisent le secteur priv\u00e9.<\/strong><\/p>\n\n\n\n<p>Mais les risques les plus sensibles sont sociaux et politiques : perte de confiance des populations, mont\u00e9e de discours anti-CFA sans solutions viables, et fragilisation du contrat social, surtout en milieu urbain.<\/p>\n\n\n\n<p><strong>En tant qu\u2019ancienne \u00e9conomiste du FMI, quel diagnostic structurel posez-vous sur la CEMAC ?<\/strong><\/p>\n\n\n\n<p>Le diagnostic est connu, mais il faut le regarder en face :<\/p>\n\n\n\n<p><strong>\u2022des \u00e9conomies peu diversifi\u00e9es,<\/strong><\/p>\n\n\n\n<p><strong>\u2022une int\u00e9gration r\u00e9gionale tr\u00e8s faible,<\/strong><\/p>\n\n\n\n<p><strong>\u2022des syst\u00e8mes fiscaux \u00e9troits et peu \u00e9quitables,<\/strong><\/p>\n\n\n\n<p><strong>\u2022une gouvernance financi\u00e8re in\u00e9gale,<\/strong><\/p>\n\n\n\n<p><strong>\u2022et une d\u00e9pendance alimentaire pr\u00e9occupante.<\/strong><\/p>\n\n\n\n<p>Tant que ces probl\u00e8mes structurels ne seront pas trait\u00e9s, la stabilit\u00e9 macro\u00e9conomique restera fragile et socialement peu visible.<\/p>\n\n\n\n<p><strong>Quelles recommandations concr\u00e8tes portez-vous aujourd\u2019hui en tant que d\u00e9put\u00e9e ?<\/strong><\/p>\n\n\n\n<p>\u00c0 court terme, il faut \u00eatre ferme :<\/p>\n\n\n\n<p><strong>\u2022rendre contraignant le rapatriement des devises, avec des sanctions r\u00e9elles,<\/strong><\/p>\n\n\n\n<p><strong>\u2022prot\u00e9ger le pouvoir d\u2019achat par des subventions cibl\u00e9es et temporaires,<\/strong><\/p>\n\n\n\n<p><strong>\u2022acc\u00e9l\u00e9rer la mise en \u0153uvre du Compte Unique du Tr\u00e9sor, avec des audits ind\u00e9pendants.<\/strong><\/p>\n\n\n\n<p>\u00c0 moyen terme :<\/p>\n\n\n\n<p><strong>\u2022faire de la discipline budg\u00e9taire un v\u00e9ritable choix politique, inscrit dans les lois de finances,<\/strong><\/p>\n\n\n\n<p><strong>\u2022placer la souverainet\u00e9 alimentaire au c\u0153ur des budgets nationaux,<\/strong><\/p>\n\n\n\n<p><strong>\u2022et diversifier les sources de croissance, notamment via les PME et la transformation locale.<\/strong><\/p>\n\n\n\n<p>Enfin, sur le plan institutionnel, il faut renforcer les pouvoirs de la Commission CEMAC et instaurer un dialogue mon\u00e9taire p\u00e9dagogique, loin des d\u00e9bats \u00e9motionnels.<\/p>\n\n\n\n<p><strong>Quel message souhaitez-vous adresser aux d\u00e9cideurs gabonais ?<\/strong><\/p>\n\n\n\n<p>Un message simple mais fondamental :<\/p>\n\n\n\n<p>la stabilit\u00e9 mon\u00e9taire n\u2019est pas une fin en soi, mais sans stabilit\u00e9 mon\u00e9taire, aucune politique sociale durable n\u2019est possible.<\/p>\n\n\n\n<p>Le Gabon a aujourd\u2019hui une opportunit\u00e9 historique :<\/p>\n\n\n\n<p><strong>\u2022consolider sa cr\u00e9dibilit\u00e9 \u00e9conomique,<\/strong><\/p>\n\n\n\n<p><strong>\u2022peser davantage dans les d\u00e9cisions r\u00e9gionales,<\/strong><\/p>\n\n\n\n<p><strong>\u2022et d\u00e9montrer qu\u2019une discipline \u00e9conomique peut aller de pair avec la justice sociale, \u00e0 condition d\u2019\u00eatre bien expliqu\u00e9e et bien cibl\u00e9e.<\/strong><\/p>\n\n\n\n<p>Je tiens \u00e0 f\u00e9liciter l\u2019\u00c9tat gabonais et le Pr\u00e9sident de la R\u00e9publique pour leur engagement clair et responsable lors de ce sommet. C\u2019est une ligne que nous devons collectivement soutenir.<\/p>\n\n\n\n<p><strong>Propos recueillis par L J\/MT<\/strong> &#8211; Provided by SyndiGate Media Inc. (<\/p>\n","protected":false},"excerpt":{"rendered":"<p>Avec Justine Judith Lekogo, d\u00e9put\u00e9e \u00e9lue et ancienne \u00e9conomiste locale du Fonds mon\u00e9taire international (FMI) Madame la D\u00e9put\u00e9e, comment qualifiez-vous<\/p>\n","protected":false},"author":1,"featured_media":67331,"comment_status":"open","ping_status":"open","sticky":false,"template":"","format":"standard","meta":{"footnotes":""},"categories":[3],"tags":[],"class_list":["post-67330","post","type-post","status-publish","format-standard","has-post-thumbnail","hentry","category-event-more-news"],"_links":{"self":[{"href":"https:\/\/dekkbi.com\/index.php?rest_route=\/wp\/v2\/posts\/67330","targetHints":{"allow":["GET"]}}],"collection":[{"href":"https:\/\/dekkbi.com\/index.php?rest_route=\/wp\/v2\/posts"}],"about":[{"href":"https:\/\/dekkbi.com\/index.php?rest_route=\/wp\/v2\/types\/post"}],"author":[{"embeddable":true,"href":"https:\/\/dekkbi.com\/index.php?rest_route=\/wp\/v2\/users\/1"}],"replies":[{"embeddable":true,"href":"https:\/\/dekkbi.com\/index.php?rest_route=%2Fwp%2Fv2%2Fcomments&post=67330"}],"version-history":[{"count":1,"href":"https:\/\/dekkbi.com\/index.php?rest_route=\/wp\/v2\/posts\/67330\/revisions"}],"predecessor-version":[{"id":67332,"href":"https:\/\/dekkbi.com\/index.php?rest_route=\/wp\/v2\/posts\/67330\/revisions\/67332"}],"wp:featuredmedia":[{"embeddable":true,"href":"https:\/\/dekkbi.com\/index.php?rest_route=\/wp\/v2\/media\/67331"}],"wp:attachment":[{"href":"https:\/\/dekkbi.com\/index.php?rest_route=%2Fwp%2Fv2%2Fmedia&parent=67330"}],"wp:term":[{"taxonomy":"category","embeddable":true,"href":"https:\/\/dekkbi.com\/index.php?rest_route=%2Fwp%2Fv2%2Fcategories&post=67330"},{"taxonomy":"post_tag","embeddable":true,"href":"https:\/\/dekkbi.com\/index.php?rest_route=%2Fwp%2Fv2%2Ftags&post=67330"}],"curies":[{"name":"wp","href":"https:\/\/api.w.org\/{rel}","templated":true}]}}