{"id":67325,"date":"2026-01-29T13:31:25","date_gmt":"2026-01-29T13:31:25","guid":{"rendered":"https:\/\/dekkbi.com\/?p=67325"},"modified":"2026-01-29T13:36:23","modified_gmt":"2026-01-29T13:36:23","slug":"dans-louest-canadien-des-albertains-revent-dindependance-sous-loeil-attentif-des-maga-americains","status":"publish","type":"post","link":"https:\/\/dekkbi.com\/?p=67325","title":{"rendered":"Dans l&rsquo;Ouest canadien, des Albertains r\u00eavent d&rsquo;ind\u00e9pendance sous l&rsquo;\u0153il attentif des MAGA am\u00e9ricains"},"content":{"rendered":"\n<p>Le vent de patriotisme qui souffle au Canada depuis le retour de Donald Trump n&rsquo;est pas partag\u00e9 par tous, notamment en Alberta. Dans cette province p\u00e9troli\u00e8re de l&rsquo;ouest, certains r\u00eavent d&rsquo;ind\u00e9pendance, suivis de pr\u00e8s par le mouvement MAGA au sud de la fronti\u00e8re.<\/p>\n\n\n\n<p>Dans les campagnes comme dans les villes de la r\u00e9gion, ils sont nombreux, m\u00eame au c\u0153ur de l&rsquo;hiver, \u00e0 se presser pour venir signer une p\u00e9tition exigeant la tenue d&rsquo;un r\u00e9f\u00e9rendum ou pour \u00e9couter des orateurs plaidant en faveur d&rsquo;une province ma\u00eetresse de son destin.<\/p>\n\n\n\n<p>Lundi soir, ils \u00e9taient plusieurs milliers r\u00e9unis \u00e0 Calgary, la principale ville de l&rsquo;Alberta. Dans la salle, beaucoup d&rsquo;hommes portent des chapeaux de cowboys, des pancartes \u00ab\u00a0Ind\u00e9pendance de l&rsquo;Alberta\u00a0\u00bb sont en vente et les drapeaux de la province, frapp\u00e9s d&rsquo;un blason royal avec les Montagnes Rocheuses, fleurissent.<\/p>\n\n\n\n<p>Jordan Fritz a nou\u00e9 le sien autour du cou. Tout sourire, il d\u00e9borde d&rsquo;enthousiasme.<\/p>\n\n\n\n<p>\u00ab\u00a0Nous avons besoin d&rsquo;ol\u00e9oducs ici en Alberta. Et si le gouvernement canadien ne nous aide pas, je suis s\u00fbr que les Am\u00e9ricains le feront\u00a0\u00bb, explique-t-il \u00e0 l&rsquo;AFP.<\/p>\n\n\n\n<p>\u00ab\u00a0Nous avons besoin du soutien des Am\u00e9ricains.\u00a0\u00bb<\/p>\n\n\n\n<p>Contrairement au mouvement ind\u00e9pendantiste qu\u00e9b\u00e9cois, vieux de plusieurs d\u00e9cennies et tr\u00e8s organis\u00e9, le camp s\u00e9paratiste est ici disparate et n&rsquo;a jamais jusqu&rsquo;\u00e0 pr\u00e9sent \u00e9t\u00e9 consid\u00e9r\u00e9 comme une menace s\u00e9rieuse pour l&rsquo;unit\u00e9 canadienne.<\/p>\n\n\n\n<h2 class=\"wp-block-heading\">\u00ab\u00a0Ne plus payer\u00a0\u00bb<\/h2>\n\n\n\n<p>Dans la province, \u00ab\u00a0au d\u00e9part, c&rsquo;\u00e9tait surtout une id\u00e9e \u00e9conomique, celle de ne plus payer pour le reste du Canada\u00a0\u00bb, explique \u00e0 l&rsquo;AFP Fr\u00e9d\u00e9ric Boily, professeur \u00e0 l&rsquo;Universit\u00e9 de l&rsquo;Alberta, \u00e0 propos de cette pouss\u00e9e ind\u00e9pendantiste apparue autour de 2018 et qui s&rsquo;appuie \u00e9galement sur un fort rejet des \u00e9lites de l&rsquo;est du pays.<\/p>\n\n\n\n<p>A l&rsquo;\u00e9poque, les politiques environnementales de l&rsquo;ancien Premier ministre Justin Trudeau avaient ulc\u00e9r\u00e9 une partie des Albertains qui les consid\u00e9raient comme ouvertement hostiles au secteur p\u00e9trolier et gazier.<\/p>\n\n\n\n<p>Et m\u00eame si l&rsquo;actuel chef du gouvernement Mark Carney a mis sur pause une partie de ces mesures et annonc\u00e9 une entente pour la construction d&rsquo;un nouvel ol\u00e9oduc, le mouvement ne semble pas reculer.<\/p>\n\n\n\n<p>\u00ab\u00a0Cela fait longtemps que nous ne sommes plus repr\u00e9sent\u00e9s par notre gouvernement f\u00e9d\u00e9ral\u00a0\u00bb, estime Jennifer Wiebe, qui porte un pull \u00ab\u00a0R\u00e9publique albertaine\u00a0\u00bb. Elle est venue avec sa fille pour le rassemblement \u00e0 Calgary.<\/p>\n\n\n\n<p>Selon elle, \u00ab\u00a0l&rsquo;Alberta pourrait \u00eatre plus prosp\u00e8re et plus libre si elle \u00e9tait ind\u00e9pendante.\u00a0\u00bb<\/p>\n\n\n\n<p>Non loin, Jesse Woodroof dit s&rsquo;inqui\u00e9ter \u00e0 cause des \u00ab\u00a0immigrants qui affluent dans le pays\u00a0\u00bb, laissant entendre qu&rsquo;une Alberta souveraine adopterait une approche diff\u00e9rente.<\/p>\n\n\n\n<p>C&rsquo;est dans ce contexte qu&rsquo;un groupe appel\u00e9 \u00ab\u00a0Alberta Prosperity Project\u00a0\u00bb a \u00e9t\u00e9 autoris\u00e9 \u00e0 lancer une p\u00e9tition, qui doit recueillir 178.000 signatures d&rsquo;ici le 2 mai, pour qu&rsquo;un r\u00e9f\u00e9rendum ait lieu.<\/p>\n\n\n\n<p>Cette question pourrait alors \u00eatre soumise aux Albertains: \u00ab\u00a0\u00cates-vous d&rsquo;accord pour que la province de l&rsquo;Alberta cesse de faire partie du Canada pour devenir un Etat ind\u00e9pendant ?\u00a0\u00bb<\/p>\n\n\n\n<p>D&rsquo;apr\u00e8s plusieurs sondages r\u00e9cents, seulement un tiers des Albertains voteraient pour l&rsquo;ind\u00e9pendance. Mais certains s&rsquo;inqui\u00e8tent d&rsquo;une possible ing\u00e9rence des alli\u00e9s de Donald Trump en cas de r\u00e9f\u00e9rendum.<\/p>\n\n\n\n<p>\u00ab\u00a0Il est certain que l&rsquo;agitation au sud de la fronti\u00e8re a un impact sur ce qui se passe en Alberta\u00a0\u00bb, glisse Fr\u00e9d\u00e9ric Boily, en r\u00e9f\u00e9rence aux menaces r\u00e9p\u00e9t\u00e9es du pr\u00e9sident am\u00e9ricain d&rsquo;annexer le Canada et de taxer lourdement ses exportations.<\/p>\n\n\n\n<h2 class=\"wp-block-heading\">\u00ab\u00a0Prochaine Ukraine\u00a0\u00bb<\/h2>\n\n\n\n<p>Le ministre am\u00e9ricain des Finances Scott Bessent a r\u00e9cemment sembl\u00e9 apporter son soutien \u00e0 l&rsquo;id\u00e9e d&rsquo;une Alberta ind\u00e9pendante parlant lors du Forum \u00e9conomique mondial de Davos d&rsquo;un \u00ab\u00a0partenaire naturel pour les Etats-Unis\u00a0\u00bb, comme s&rsquo;il s&rsquo;agissait d&rsquo;un Etat \u00e0 part enti\u00e8re<\/p>\n\n\n\n<p>\u00ab\u00a0Les Albertains sont des gens tr\u00e8s ind\u00e9pendants\u00a0\u00bb, a-t-il ajout\u00e9.<\/p>\n\n\n\n<p>L&rsquo;ancien conseiller de Donald Trump Steve Bannon s&rsquo;est montr\u00e9 encore plus explicite dans son podcast. D&rsquo;apr\u00e8s lui, c&rsquo;est tout le Canada qui rel\u00e8ve des \u00ab\u00a0int\u00e9r\u00eats de s\u00e9curit\u00e9 vitaux des Etats-Unis\u00a0\u00bb car ce pays \u00ab\u00a0pourrait \u00eatre la prochaine Ukraine\u00a0\u00bb, menac\u00e9 via l&rsquo;Arctique par la Russie.<\/p>\n\n\n\n<p>A la t\u00eate de l&rsquo;Alberta, la conservatrice Danielle Smith entretient depuis longtemps des relations \u00e9troites avec la sph\u00e8re trumpiste. Elle s&rsquo;\u00e9tait rendu en Floride dans la r\u00e9sidence du pr\u00e9sident am\u00e9ricain quelques jours avant son retour \u00e0 la Maison Blanche.<\/p>\n\n\n\n<p>Au Canada, elle est l&rsquo;une des rares \u00e9lus \u00e0 refuser de critiquer ouvertement Donald Trump.<\/p>\n\n\n\n<p>SOURCE TV5<\/p>\n","protected":false},"excerpt":{"rendered":"<p>Le vent de patriotisme qui souffle au Canada depuis le retour de Donald Trump n&rsquo;est pas partag\u00e9 par tous, notamment<\/p>\n","protected":false},"author":1,"featured_media":67326,"comment_status":"open","ping_status":"open","sticky":false,"template":"","format":"standard","meta":{"footnotes":""},"categories":[51],"tags":[],"class_list":["post-67325","post","type-post","status-publish","format-standard","has-post-thumbnail","hentry","category-general"],"_links":{"self":[{"href":"https:\/\/dekkbi.com\/index.php?rest_route=\/wp\/v2\/posts\/67325","targetHints":{"allow":["GET"]}}],"collection":[{"href":"https:\/\/dekkbi.com\/index.php?rest_route=\/wp\/v2\/posts"}],"about":[{"href":"https:\/\/dekkbi.com\/index.php?rest_route=\/wp\/v2\/types\/post"}],"author":[{"embeddable":true,"href":"https:\/\/dekkbi.com\/index.php?rest_route=\/wp\/v2\/users\/1"}],"replies":[{"embeddable":true,"href":"https:\/\/dekkbi.com\/index.php?rest_route=%2Fwp%2Fv2%2Fcomments&post=67325"}],"version-history":[{"count":2,"href":"https:\/\/dekkbi.com\/index.php?rest_route=\/wp\/v2\/posts\/67325\/revisions"}],"predecessor-version":[{"id":67329,"href":"https:\/\/dekkbi.com\/index.php?rest_route=\/wp\/v2\/posts\/67325\/revisions\/67329"}],"wp:featuredmedia":[{"embeddable":true,"href":"https:\/\/dekkbi.com\/index.php?rest_route=\/wp\/v2\/media\/67326"}],"wp:attachment":[{"href":"https:\/\/dekkbi.com\/index.php?rest_route=%2Fwp%2Fv2%2Fmedia&parent=67325"}],"wp:term":[{"taxonomy":"category","embeddable":true,"href":"https:\/\/dekkbi.com\/index.php?rest_route=%2Fwp%2Fv2%2Fcategories&post=67325"},{"taxonomy":"post_tag","embeddable":true,"href":"https:\/\/dekkbi.com\/index.php?rest_route=%2Fwp%2Fv2%2Ftags&post=67325"}],"curies":[{"name":"wp","href":"https:\/\/api.w.org\/{rel}","templated":true}]}}