{"id":67318,"date":"2026-01-29T13:02:55","date_gmt":"2026-01-29T13:02:55","guid":{"rendered":"https:\/\/dekkbi.com\/?p=67318"},"modified":"2026-01-29T13:03:12","modified_gmt":"2026-01-29T13:03:12","slug":"le-president-bassirou-diomaye-faye-annonce-une-tournee-a-tambacounda-et-kedougou-du-5-au-9-fevrier","status":"publish","type":"post","link":"https:\/\/dekkbi.com\/?p=67318","title":{"rendered":"Le pr\u00e9sident Bassirou Diomaye Faye annonce une tourn\u00e9e \u00e0 Tambacounda et K\u00e9dougou du 5 au 9 f\u00e9vrier"},"content":{"rendered":"\n<p>Le chef de l\u2019\u00c9tat s\u00e9n\u00e9galais, Bassirou Diomaye Faye, a annonc\u00e9 ce mercredi lors du conseil des ministres qu\u2019il effectuera une tourn\u00e9e officielle dans les r\u00e9gions de Tambacounda et de K\u00e9dougou du 5 au 9 f\u00e9vrier 2026.<\/p>\n\n\n\n<p>Cette visite pr\u00e9sidentielle dans l\u2019est du S\u00e9n\u00e9gal s\u2019inscrit dans le cadre des d\u00e9placements du chef de l\u2019\u00c9tat \u00e0 travers le territoire national. Les r\u00e9gions de Tambacounda et K\u00e9dougou, situ\u00e9es dans la zone sud-est du pays, constituent des territoires strat\u00e9giques tant sur le plan \u00e9conomique qu\u2019en mati\u00e8re de d\u00e9veloppement.<\/p>\n\n\n\n<p>La tourn\u00e9e, qui s\u2019\u00e9talera sur cinq jours, devrait permettre au pr\u00e9sident Faye de prendre contact direct avec les populations locales, d\u2019\u00e9valuer l\u2019\u00e9tat d\u2019avancement des projets de d\u00e9veloppement dans ces r\u00e9gions et d\u2019\u00e9changer avec les autorit\u00e9s administratives et traditionnelles.<\/p>\n\n\n\n<p><br>DAKARACTU<\/p>\n","protected":false},"excerpt":{"rendered":"<p>Le chef de l\u2019\u00c9tat s\u00e9n\u00e9galais, Bassirou Diomaye Faye, a annonc\u00e9 ce mercredi lors du conseil des ministres qu\u2019il effectuera une<\/p>\n","protected":false},"author":1,"featured_media":65511,"comment_status":"open","ping_status":"open","sticky":false,"template":"","format":"standard","meta":{"footnotes":""},"categories":[6],"tags":[],"class_list":["post-67318","post","type-post","status-publish","format-standard","has-post-thumbnail","hentry","category-politics"],"_links":{"self":[{"href":"https:\/\/dekkbi.com\/index.php?rest_route=\/wp\/v2\/posts\/67318","targetHints":{"allow":["GET"]}}],"collection":[{"href":"https:\/\/dekkbi.com\/index.php?rest_route=\/wp\/v2\/posts"}],"about":[{"href":"https:\/\/dekkbi.com\/index.php?rest_route=\/wp\/v2\/types\/post"}],"author":[{"embeddable":true,"href":"https:\/\/dekkbi.com\/index.php?rest_route=\/wp\/v2\/users\/1"}],"replies":[{"embeddable":true,"href":"https:\/\/dekkbi.com\/index.php?rest_route=%2Fwp%2Fv2%2Fcomments&post=67318"}],"version-history":[{"count":1,"href":"https:\/\/dekkbi.com\/index.php?rest_route=\/wp\/v2\/posts\/67318\/revisions"}],"predecessor-version":[{"id":67319,"href":"https:\/\/dekkbi.com\/index.php?rest_route=\/wp\/v2\/posts\/67318\/revisions\/67319"}],"wp:featuredmedia":[{"embeddable":true,"href":"https:\/\/dekkbi.com\/index.php?rest_route=\/wp\/v2\/media\/65511"}],"wp:attachment":[{"href":"https:\/\/dekkbi.com\/index.php?rest_route=%2Fwp%2Fv2%2Fmedia&parent=67318"}],"wp:term":[{"taxonomy":"category","embeddable":true,"href":"https:\/\/dekkbi.com\/index.php?rest_route=%2Fwp%2Fv2%2Fcategories&post=67318"},{"taxonomy":"post_tag","embeddable":true,"href":"https:\/\/dekkbi.com\/index.php?rest_route=%2Fwp%2Fv2%2Ftags&post=67318"}],"curies":[{"name":"wp","href":"https:\/\/api.w.org\/{rel}","templated":true}]}}