{"id":67293,"date":"2026-01-29T10:53:50","date_gmt":"2026-01-29T10:53:50","guid":{"rendered":"https:\/\/dekkbi.com\/?p=67293"},"modified":"2026-01-29T10:53:51","modified_gmt":"2026-01-29T10:53:51","slug":"thies-va-accueillir-ledition-2026-de-la-fete-de-lindependance-annonce-le-president-faye","status":"publish","type":"post","link":"https:\/\/dekkbi.com\/?p=67293","title":{"rendered":"Thi\u00e8s va accueillir l\u2019\u00e9dition 2026 de la f\u00eate de l\u2019ind\u00e9pendance, annonce le pr\u00e9sident Faye"},"content":{"rendered":"\n<p>Dakar, (APS) \u2013 La ville de Thi\u00e8s va accueillir, cette ann\u00e9e, la c\u00e9l\u00e9bration de la f\u00eate nationale du 4 avril, dans le cadre du \u201cProgramme Ind\u00e9pendance\u201d, a annonc\u00e9 le chef de l\u2019Etat, mercredi, en Conseil des ministres.<\/p>\n\n\n\n<p>Le pr\u00e9sident de la R\u00e9publique a annonc\u00e9 aux membres du gouvernement \u201csa d\u00e9cision de d\u00e9localiser, \u00e0 Thi\u00e8s, la c\u00e9l\u00e9bration de la F\u00eate nationale du 4 avril 2026\u201d, rapporte le communiqu\u00e9 du Conseil des ministres.<\/p>\n\n\n\n<p>\u201cPartant de sa d\u00e9cision de lancer un nouveau programme de modernisation des villes et territoires, d\u00e9nomm\u00e9 \u201cProgramme Ind\u00e9pendance\u201d, \u00e0 d\u00e9rouler \u00e0 partir de l\u2019ann\u00e9e 2026, le Chef de l\u2019Etat r\u00e9it\u00e8re sa volont\u00e9 de d\u00e9localiser la F\u00eate nationale du 4 avril dans un chef-lieu de r\u00e9gion, avec les meilleures conditions d\u2019accueil et de d\u00e9roulement en termes de disponibilit\u00e9 d\u2019infrastructures et de commodit\u00e9s essentielles\u201d, souligne le texte.<\/p>\n\n\n\n<p>Bassirou Diomaye Faye a demand\u00e9 au gouvernement de faire le point sur les \u201cchoix prioritaires\u201d retenus, la programmation des r\u00e9alisations sur une p\u00e9riode triennale et l\u2019\u00e9tat d\u2019avancement global du programme prioritaire \u201cInd\u00e9pendance\u201d de l\u2019Agenda national de Transformation, S\u00e9n\u00e9gal 2050.<\/p>\n\n\n\n<p>Le 19 novembre, le Pr\u00e9sident Faye avait annonc\u00e9, en Conseil des ministres, la d\u00e9centralisation de la c\u00e9l\u00e9bration de la f\u00eate nationale dans les capitales r\u00e9gionales, d\u00e8s 2026, une initiative qui sera soutenue par un plan de modernisation des infrastructures \u201cProgramme Ind\u00e9pendance\u201d.<\/p>\n\n\n\n<p>HK\/BK<\/p>\n","protected":false},"excerpt":{"rendered":"<p>Dakar, (APS) \u2013 La ville de Thi\u00e8s va accueillir, cette ann\u00e9e, la c\u00e9l\u00e9bration de la f\u00eate nationale du 4 avril,<\/p>\n","protected":false},"author":1,"featured_media":67294,"comment_status":"open","ping_status":"open","sticky":false,"template":"","format":"standard","meta":{"footnotes":""},"categories":[6],"tags":[],"class_list":["post-67293","post","type-post","status-publish","format-standard","has-post-thumbnail","hentry","category-politics"],"_links":{"self":[{"href":"https:\/\/dekkbi.com\/index.php?rest_route=\/wp\/v2\/posts\/67293","targetHints":{"allow":["GET"]}}],"collection":[{"href":"https:\/\/dekkbi.com\/index.php?rest_route=\/wp\/v2\/posts"}],"about":[{"href":"https:\/\/dekkbi.com\/index.php?rest_route=\/wp\/v2\/types\/post"}],"author":[{"embeddable":true,"href":"https:\/\/dekkbi.com\/index.php?rest_route=\/wp\/v2\/users\/1"}],"replies":[{"embeddable":true,"href":"https:\/\/dekkbi.com\/index.php?rest_route=%2Fwp%2Fv2%2Fcomments&post=67293"}],"version-history":[{"count":1,"href":"https:\/\/dekkbi.com\/index.php?rest_route=\/wp\/v2\/posts\/67293\/revisions"}],"predecessor-version":[{"id":67295,"href":"https:\/\/dekkbi.com\/index.php?rest_route=\/wp\/v2\/posts\/67293\/revisions\/67295"}],"wp:featuredmedia":[{"embeddable":true,"href":"https:\/\/dekkbi.com\/index.php?rest_route=\/wp\/v2\/media\/67294"}],"wp:attachment":[{"href":"https:\/\/dekkbi.com\/index.php?rest_route=%2Fwp%2Fv2%2Fmedia&parent=67293"}],"wp:term":[{"taxonomy":"category","embeddable":true,"href":"https:\/\/dekkbi.com\/index.php?rest_route=%2Fwp%2Fv2%2Fcategories&post=67293"},{"taxonomy":"post_tag","embeddable":true,"href":"https:\/\/dekkbi.com\/index.php?rest_route=%2Fwp%2Fv2%2Ftags&post=67293"}],"curies":[{"name":"wp","href":"https:\/\/api.w.org\/{rel}","templated":true}]}}