{"id":67290,"date":"2026-01-29T10:50:54","date_gmt":"2026-01-29T10:50:54","guid":{"rendered":"https:\/\/dekkbi.com\/?p=67290"},"modified":"2026-01-29T10:50:55","modified_gmt":"2026-01-29T10:50:55","slug":"conference-de-lonu-sur-leau-2026-la-societe-civile-mondiale-appelle-a-une-gouvernance-mondiale-fondee-sur-les-droits-humains","status":"publish","type":"post","link":"https:\/\/dekkbi.com\/?p=67290","title":{"rendered":"Conf\u00e9rence de l\u2019ONU sur l\u2019eau 2026 : la soci\u00e9t\u00e9 civile mondiale appelle \u00e0 une gouvernance mondiale fond\u00e9e sur les droits humains"},"content":{"rendered":"\n<p><strong>En marge de la r\u00e9union pr\u00e9paratoire de la Conf\u00e9rence des Nations Unies sur l\u2019Eau 2026, les organisations de la soci\u00e9t\u00e9 civile ont lanc\u00e9 un appel fort en faveur d\u2019une gouvernance mondiale de l\u2019eau fond\u00e9e sur les droits humains, la participation citoyenne et la responsabilit\u00e9 publique. R\u00e9unis autour du lancement de la Plateforme sociale pour l\u2019eau, mouvements sociaux, syndicats, ONG, r\u00e9seaux communautaires et repr\u00e9sentants des peuples autochtones ont d\u00e9nonc\u00e9 la mainmise croissante des int\u00e9r\u00eats priv\u00e9s sur la politique mondiale de l\u2019eau.<\/strong><\/p>\n\n\n\n<p>Pour les acteurs pr\u00e9sents, l\u2019eau ne peut \u00eatre g\u00e9r\u00e9e comme une marchandise ni laiss\u00e9e aux seules logiques de march\u00e9. Elle doit rester un bien commun et un droit humain fondamental, garanti par des politiques publiques fortes et des investissements publics \u00e0 la hauteur des besoins.<\/p>\n\n\n\n<p>La Plateforme sociale pour l\u2019eau, en cours de construction, vise \u00e0 rassembler un large \u00e9ventail d\u2019acteurs : mouvements citoyens, peuples autochtones, organisations confessionnelles, syndicats, ONG, gestionnaires communautaires de l\u2019eau et collectivit\u00e9s locales. Son objectif est de peser dans le processus pr\u00e9paratoire de la Conf\u00e9rence de 2026 afin que les communaut\u00e9s les plus affect\u00e9es par la crise de l\u2019eau puissent r\u00e9ellement participer \u00e0 la d\u00e9finition des solutions.<\/p>\n\n\n\n<p>Les participants ont insist\u00e9 sur la n\u00e9cessit\u00e9 de d\u00e9passer les forums domin\u00e9s par les multinationales et les investisseurs priv\u00e9s, pour replacer l\u2019Organisation des Nations Unies au c\u0153ur de la gouvernance mondiale de l\u2019eau. Selon eux, la Conf\u00e9rence de 2026 doit marquer un tournant : elle ne doit pas \u00eatre une vitrine diplomatique de plus, mais un espace o\u00f9 les droits des populations, en particulier celles priv\u00e9es d\u2019acc\u00e8s \u00e0 l\u2019eau potable et \u00e0 l\u2019assainissement, sont au centre des d\u00e9cisions.<\/p>\n\n\n\n<p>Les organisations ont \u00e9galement d\u00e9nonc\u00e9 la criminalisation croissante des communaut\u00e9s qui d\u00e9fendent leur droit \u00e0 l\u2019eau face aux projets de privatisation ou d\u2019accaparement. Elles r\u00e9clament des m\u00e9canismes contraignants pour les \u00c9tats, afin de garantir l\u2019acc\u00e8s universel \u00e0 l\u2019eau potable et \u00e0 l\u2019assainissement, dans un contexte de crise climatique et de pressions \u00e9conomiques accrues.<\/p>\n\n\n\n<p>La r\u00e9union de Dakar appara\u00eet ainsi comme une \u00e9tape cl\u00e9 pour structurer une mobilisation internationale capable d\u2019influencer les choix politiques qui seront faits \u00e0 Abu Dhabi en 2026.<\/p>\n\n\n\n<p><strong>Pedro Arrojo Agudo Rapporteur sp\u00e9cial des Nations Unies sur les droits humains \u00e0 l\u2019eau potable&nbsp;&nbsp; :<\/strong>&nbsp;\u201c<em>L\u2019eau ne peut pas \u00eatre gouvern\u00e9e par les lobbies priv\u00e9s\u201d<\/em><\/p>\n\n\n\n<p>Rapporteur sp\u00e9cial des Nations Unies sur les droits humains \u00e0 l\u2019eau potable et \u00e0 l\u2019assainissement, Pedro Arrojo Agudo a livr\u00e9 une intervention tr\u00e8s remarqu\u00e9e.<\/p>\n\n\n\n<p>\u00ab&nbsp;<em>Imaginez un monde sans Organisation mondiale de la sant\u00e9, o\u00f9 ce serait le lobby pharmaceutique qui convoquerait tous les trois ans des conf\u00e9rences pour d\u00e9cider de la sant\u00e9 mondiale, du Covid et des pand\u00e9mies. C\u2019est exactement ce qui se passe aujourd\u2019hui pour l\u2019eau&nbsp;<\/em>\u00bb, a-t-il expliqu\u00e9.<\/p>\n\n\n\n<p>Selon lui, l\u2019absence d\u2019une v\u00e9ritable institution onusienne d\u00e9di\u00e9e \u00e0 l\u2019eau et \u00e0 l\u2019assainissement a laiss\u00e9 le champ libre aux int\u00e9r\u00eats priv\u00e9s pour organiser la gouvernance mondiale de ce secteur vital. \u00ab&nbsp;<em>La Conf\u00e9rence de l\u2019ONU sur l\u2019eau de 2023, malgr\u00e9 ses limites, et celle pr\u00e9vue en 2026, placent d\u00e9sormais les Nations Unies devant leur responsabilit\u00e9 : assumer pleinement leur r\u00f4le de garant des droits humains<\/em>. \u00bb<\/p>\n\n\n\n<p>Pedro Arrojo Agudo plaide pour que la Conf\u00e9rence sur l\u2019eau soit institutionnalis\u00e9e sous l\u2019autorit\u00e9 des Nations Unies et guid\u00e9e par une approche fond\u00e9e sur les droits humains. Il insiste aussi sur la n\u00e9cessit\u00e9 d\u2019une participation sociale massive, en particulier des \u00ab titulaires de droits \u00bb : les populations qui ont le droit \u00e0 l\u2019eau mais qui, dans la r\u00e9alit\u00e9, en sont priv\u00e9es et souvent r\u00e9prim\u00e9es lorsqu\u2019elles revendiquent ce droit.<\/p>\n\n\n\n<p>\u00ab&nbsp;<em>L\u2019eau est g\u00e9r\u00e9e localement. Il est donc indispensable de convoquer aussi les communaut\u00e9s, les r\u00e9seaux de gestion communautaire et les municipalit\u00e9s, qui sont aujourd\u2019hui largement exclues des espaces internationaux de d\u00e9cision<\/em>&nbsp;\u00bb, a-t-il soulign\u00e9.<\/p>\n\n\n\n<p>Avec de nombreuses organisations \u00e0 travers le monde, le Rapporteur sp\u00e9cial soutient la cr\u00e9ation de la Plateforme sociale pour l\u2019eau, destin\u00e9e \u00e0 f\u00e9d\u00e9rer les peuples autochtones, les mouvements contre la privatisation, les r\u00e9seaux interreligieux, les ONG et les collectivit\u00e9s locales autour d\u2019un m\u00eame objectif : faire de l\u2019eau un droit effectif, et non une marchandise.<\/p>\n\n\n\n<p>\u00ab&nbsp;<em>Au final, ce sont les gouvernements qui d\u00e9cident. Mais avant de d\u00e9cider, ils doivent \u00e9couter<\/em>&nbsp;\u00bb, a-t-il conclu.<\/p>\n\n\n\n<p><strong>Moussa Thiam<\/strong><br>SUDQUOTIDIEN<\/p>\n","protected":false},"excerpt":{"rendered":"<p>En marge de la r\u00e9union pr\u00e9paratoire de la Conf\u00e9rence des Nations Unies sur l\u2019Eau 2026, les organisations de la soci\u00e9t\u00e9<\/p>\n","protected":false},"author":1,"featured_media":67291,"comment_status":"open","ping_status":"open","sticky":false,"template":"","format":"standard","meta":{"footnotes":""},"categories":[3],"tags":[],"class_list":["post-67290","post","type-post","status-publish","format-standard","has-post-thumbnail","hentry","category-event-more-news"],"_links":{"self":[{"href":"https:\/\/dekkbi.com\/index.php?rest_route=\/wp\/v2\/posts\/67290","targetHints":{"allow":["GET"]}}],"collection":[{"href":"https:\/\/dekkbi.com\/index.php?rest_route=\/wp\/v2\/posts"}],"about":[{"href":"https:\/\/dekkbi.com\/index.php?rest_route=\/wp\/v2\/types\/post"}],"author":[{"embeddable":true,"href":"https:\/\/dekkbi.com\/index.php?rest_route=\/wp\/v2\/users\/1"}],"replies":[{"embeddable":true,"href":"https:\/\/dekkbi.com\/index.php?rest_route=%2Fwp%2Fv2%2Fcomments&post=67290"}],"version-history":[{"count":1,"href":"https:\/\/dekkbi.com\/index.php?rest_route=\/wp\/v2\/posts\/67290\/revisions"}],"predecessor-version":[{"id":67292,"href":"https:\/\/dekkbi.com\/index.php?rest_route=\/wp\/v2\/posts\/67290\/revisions\/67292"}],"wp:featuredmedia":[{"embeddable":true,"href":"https:\/\/dekkbi.com\/index.php?rest_route=\/wp\/v2\/media\/67291"}],"wp:attachment":[{"href":"https:\/\/dekkbi.com\/index.php?rest_route=%2Fwp%2Fv2%2Fmedia&parent=67290"}],"wp:term":[{"taxonomy":"category","embeddable":true,"href":"https:\/\/dekkbi.com\/index.php?rest_route=%2Fwp%2Fv2%2Fcategories&post=67290"},{"taxonomy":"post_tag","embeddable":true,"href":"https:\/\/dekkbi.com\/index.php?rest_route=%2Fwp%2Fv2%2Ftags&post=67290"}],"curies":[{"name":"wp","href":"https:\/\/api.w.org\/{rel}","templated":true}]}}