{"id":67286,"date":"2026-01-29T10:43:24","date_gmt":"2026-01-29T10:43:24","guid":{"rendered":"https:\/\/dekkbi.com\/?p=67286"},"modified":"2026-01-29T10:43:25","modified_gmt":"2026-01-29T10:43:25","slug":"memoire-du-littoral-quand-lart-interroge-la-cote-la-migration-et-la-memoire-collective","status":"publish","type":"post","link":"https:\/\/dekkbi.com\/?p=67286","title":{"rendered":"M\u00e9moire du littoral : Quand l\u2019art interroge la c\u00f4te, la migration et la m\u00e9moire collective"},"content":{"rendered":"\n<p>Dans le cadre de la 14<sup>e<\/sup>&nbsp;\u00e9dition de Partcours, \u00e9v\u00e9nement phare de l\u2019art contemporain au S\u00e9n\u00e9gal, la galerie Loman Art a inaugur\u00e9, lundi 1er d\u00e9cembre dernier, l\u2019exposition&nbsp;<em>\u00abM\u00e9moire du littoral\u00bb<\/em>. Jusqu\u2019au 31 janvier 2026, cette proposition artistique invite \u00e0 une m\u00e9ditation sensible sur les paysages c\u00f4tiers, leurs transformations et les r\u00e9cits qu\u2019ils portent en eux.<\/p>\n\n\n\n<p>Ouverte au public dans l\u2019espace de la galerie situ\u00e9e aux Mamelles, l\u2019exposition rassemble les \u0153uvres de cinq artistes, dont Ibrahima Ciss\u00e9 D\u00e9b\u2019s, Ibrahima \u201cIbou\u201d Gningue et Mbaye Ndoye, tous trois porteurs de visions singuli\u00e8res sur la relation entre l\u2019homme, la terre et la mer.<\/p>\n\n\n\n<p>Ibrahima Ciss\u00e9 D\u00e9b\u2019s, peintre \u00e0 l\u2019univers chromatique inspir\u00e9 du batik, propose des toiles o\u00f9 la texture et la couleur \u00e9voquent les liens sociaux et les attaches \u00e0 la terre. Passant de l\u2019abstrait au figuratif, il repr\u00e9sente des \u00eatres de lumi\u00e8re et d\u2019ombres, comme pour saisir l\u2019ambigu\u00eft\u00e9 des pr\u00e9sences humaines sur le littoral, entre ancrage et mobilit\u00e9.<\/p>\n\n\n\n<p>Le plasticien Ibou Gningue, lui, se concentre sur les tenues traditionnelles des femmes l\u00e9bous, gardiennes culturelles des territoires c\u00f4tiers. Ses \u0153uvres, expos\u00e9es jusqu\u2019\u00e0 Monaco et reconnues par des distinctions internationales, tissent un pont entre patrimoine immat\u00e9riel et regard contemporain, interrogeant la permanence des identit\u00e9s face aux mutations des paysages urbains et naturels.<\/p>\n\n\n\n<p>Quant \u00e0 Mbaye Ndoye, laur\u00e9at du Prix de l\u2019Union europ\u00e9enne \u00e0 Dak\u2019Art en 2008, il apporte une dimension \u00e0 la fois politique et po\u00e9tique. Son travail r\u00e9cent, dont l\u2019\u0153uvre marquante&nbsp;\u00abBar\u00e7a ou Barsax\u00bb&nbsp;sur l\u2019\u00e9migration irr\u00e9guli\u00e8re, rappelle que le littoral n\u2019est pas seulement un espace de beaut\u00e9, mais aussi de d\u00e9part, de r\u00eave et souvent de souffrance.<\/p>\n\n\n\n<p>Pour Loman Pawlitschek, galeriste et directrice artistique de Loman Art,&nbsp;<em>\u00abM\u00e9moire du littoral\u00bb<\/em>&nbsp;vise \u00e0 cr\u00e9er un dialogue visuel et sensoriel autour des th\u00e8mes du passage, de la m\u00e9moire et de la transformation.&nbsp;<em>\u00abChaque artiste puise dans des histoires personnelles et des paysages culturels partag\u00e9s pour \u00e9voquer la texture de la vie c\u00f4ti\u00e8re, ces lieux de rencontres, de migrations et de m\u00e9tamorphoses permanentes\u00bb<\/em>, explique-t-elle.<\/p>\n\n\n\n<p>L\u2019exposition cherche aussi \u00e0 d\u00e9passer la simple contemplation, pour engager une r\u00e9flexion sur les d\u00e9fis environnementaux et sociaux qui traversent ces zones fragiles et vitales. Pr\u00e9senter une telle exposition dans le contexte actuel n\u2019est pas sans d\u00e9fis. Il s\u2019agit de concilier approche esth\u00e9tique et profondeur th\u00e9matique, tout en touchant un public diversifi\u00e9.<\/p>\n\n\n\n<p><strong>LAMINE DIEDHIOU<\/strong><br>SUDQUOTIDIEN<\/p>\n","protected":false},"excerpt":{"rendered":"<p>Dans le cadre de la 14e&nbsp;\u00e9dition de Partcours, \u00e9v\u00e9nement phare de l\u2019art contemporain au S\u00e9n\u00e9gal, la galerie Loman Art a<\/p>\n","protected":false},"author":1,"featured_media":67287,"comment_status":"open","ping_status":"open","sticky":false,"template":"","format":"standard","meta":{"footnotes":""},"categories":[21],"tags":[],"class_list":["post-67286","post","type-post","status-publish","format-standard","has-post-thumbnail","hentry","category-societe"],"_links":{"self":[{"href":"https:\/\/dekkbi.com\/index.php?rest_route=\/wp\/v2\/posts\/67286","targetHints":{"allow":["GET"]}}],"collection":[{"href":"https:\/\/dekkbi.com\/index.php?rest_route=\/wp\/v2\/posts"}],"about":[{"href":"https:\/\/dekkbi.com\/index.php?rest_route=\/wp\/v2\/types\/post"}],"author":[{"embeddable":true,"href":"https:\/\/dekkbi.com\/index.php?rest_route=\/wp\/v2\/users\/1"}],"replies":[{"embeddable":true,"href":"https:\/\/dekkbi.com\/index.php?rest_route=%2Fwp%2Fv2%2Fcomments&post=67286"}],"version-history":[{"count":1,"href":"https:\/\/dekkbi.com\/index.php?rest_route=\/wp\/v2\/posts\/67286\/revisions"}],"predecessor-version":[{"id":67288,"href":"https:\/\/dekkbi.com\/index.php?rest_route=\/wp\/v2\/posts\/67286\/revisions\/67288"}],"wp:featuredmedia":[{"embeddable":true,"href":"https:\/\/dekkbi.com\/index.php?rest_route=\/wp\/v2\/media\/67287"}],"wp:attachment":[{"href":"https:\/\/dekkbi.com\/index.php?rest_route=%2Fwp%2Fv2%2Fmedia&parent=67286"}],"wp:term":[{"taxonomy":"category","embeddable":true,"href":"https:\/\/dekkbi.com\/index.php?rest_route=%2Fwp%2Fv2%2Fcategories&post=67286"},{"taxonomy":"post_tag","embeddable":true,"href":"https:\/\/dekkbi.com\/index.php?rest_route=%2Fwp%2Fv2%2Ftags&post=67286"}],"curies":[{"name":"wp","href":"https:\/\/api.w.org\/{rel}","templated":true}]}}