{"id":67265,"date":"2026-01-29T10:11:35","date_gmt":"2026-01-29T10:11:35","guid":{"rendered":"https:\/\/dekkbi.com\/?p=67265"},"modified":"2026-01-29T10:11:36","modified_gmt":"2026-01-29T10:11:36","slug":"la-commission-de-discipline-de-la-caf-rejette-la-plainte-de-la-frmf-et-inflige-des-sanctions-allegees-a-la-federation-senegalaise","status":"publish","type":"post","link":"https:\/\/dekkbi.com\/?p=67265","title":{"rendered":"La commission de discipline de la CAF rejette la plainte de la FRMF et inflige des sanctions all\u00e9g\u00e9es \u00e0 la F\u00e9d\u00e9ration s\u00e9n\u00e9galaise"},"content":{"rendered":"\n<p><strong>La Conf\u00e9d\u00e9ration Africaine de Football (CAF) a annonc\u00e9, aux premi\u00e8res heures de ce jeudi, une s\u00e9rie de sanctions disciplinaires \u00e0 l\u2019encontre de la F\u00e9d\u00e9ration S\u00e9n\u00e9galaise de Football, de la F\u00e9d\u00e9ration Royale Marocaine de Football (FRMF), ainsi que de plusieurs joueurs et officiels.<\/strong><\/p>\n\n\n\n<p>Ces d\u00e9cisions font suite aux \u00e9v\u00e9nements survenus lors de la finale de la Coupe d\u2019Afrique des Nations 2025, qui a oppos\u00e9 les s\u00e9lections du S\u00e9n\u00e9gal et du Maroc \u00e0 Rabat et s\u2019est sold\u00e9e par le sacre du S\u00e9n\u00e9gal. La Conf\u00e9d\u00e9ration a pr\u00e9cis\u00e9 dans un communiqu\u00e9 officiel que ces sanctions ont \u00e9t\u00e9 prises en raison d\u2019infractions aux r\u00e8gles de conduite et \u00e0 l\u2019ordre sportif, ainsi que de violations des principes de fair-play et d\u2019esprit sportif soulign\u00e9s par le code disciplinaire de la CAF.<\/p>\n\n\n\n<p>Concernant les sanctions contre la F\u00e9d\u00e9ration S\u00e9n\u00e9galaise de Football, les d\u00e9cisions disciplinaires incluent la suspension de l\u2019entra\u00eeneur du S\u00e9n\u00e9gal, Pape Bouna Thiaw, pour cinq matchs officiels dans les comp\u00e9titions continentales, assortie d\u2019une amende de 100 000 dollars pour comportement antisportif et impact n\u00e9gatif sur l\u2019image du jeu. Il a \u00e9galement \u00e9t\u00e9 d\u00e9cid\u00e9 de suspendre les joueurs s\u00e9n\u00e9galais Iliman Cheikh Baroy Ndiaye et Isma\u00efla Sarr pour deux matchs officiels chacun, en raison de leur comportement antisportif envers l\u2019arbitre de la finale.<\/p>\n\n\n\n<p>Par ailleurs, la CAF a inflig\u00e9 une amende de 300 000 dollars \u00e0 la F\u00e9d\u00e9ration s\u00e9n\u00e9galaise pour le comportement inappropri\u00e9 de ses supporters, une amende suppl\u00e9mentaire de 300 000 dollars pour le comportement des joueurs et du staff technique contraire aux principes de l\u2019esprit sportif, ainsi qu\u2019une autre amende de 15 000 dollars suite \u00e0 l\u2019avertissement de cinq joueurs durant la rencontre.<\/p>\n\n\n\n<p>Pour ce qui est de la F\u00e9d\u00e9ration Royale Marocaine de Football, les sanctions comprennent la suspension du joueur Achraf Hakimi pour deux matchs officiels dans les comp\u00e9titions de la CAF (avec un sursis d\u2019un an pour un match) pour comportement antisportif, ainsi que la suspension du joueur Ismael Saibari pour trois matchs officiels accompagn\u00e9e d\u2019une amende de 100 000 dollars, \u00e9galement pour comportement antisportif.<\/p>\n\n\n\n<p>La CAF a aussi inflig\u00e9 une amende de 200 000 dollars \u00e0 la F\u00e9d\u00e9ration marocaine en raison du comportement inappropri\u00e9 des ramasseurs de balles sur le terrain, et 100 000 dollars suppl\u00e9mentaires suite \u00e0 l\u2019intrusion de joueurs et du staff technique dans la zone de la VAR, ce qui a entrav\u00e9 le travail des arbitres. Le communiqu\u00e9 ajoute une autre amende de 15 000 dollars en raison de l\u2019utilisation de lasers par les supporters marocains pendant le match.<\/p>\n\n\n\n<p>Enfin, la commission de discipline de la CAF a rejet\u00e9 la plainte d\u00e9pos\u00e9e par la F\u00e9d\u00e9ration Royale Marocaine de Football contre la F\u00e9d\u00e9ration s\u00e9n\u00e9galaise, laquelle r\u00e9clamait des sanctions suppl\u00e9mentaires sur la base de violations des articles 82 et 84 du r\u00e8glement de la Coupe d\u2019Afrique des Nations.<\/p>\n\n\n\n<p>The post\u00a0La commission de discipline de la CAF rejette la plainte de la FRMF et inflige des sanctions all\u00e9g\u00e9es \u00e0 la F\u00e9d\u00e9ration s\u00e9n\u00e9galaise\u00a0appeared first on\u00a0Hespress Fran\u00e7ais &#8211; Actualit\u00e9s du Maroc.<\/p>\n","protected":false},"excerpt":{"rendered":"<p>La Conf\u00e9d\u00e9ration Africaine de Football (CAF) a annonc\u00e9, aux premi\u00e8res heures de ce jeudi, une s\u00e9rie de sanctions disciplinaires \u00e0<\/p>\n","protected":false},"author":1,"featured_media":67066,"comment_status":"open","ping_status":"open","sticky":false,"template":"","format":"standard","meta":{"footnotes":""},"categories":[9],"tags":[],"class_list":["post-67265","post","type-post","status-publish","format-standard","has-post-thumbnail","hentry","category-sports"],"_links":{"self":[{"href":"https:\/\/dekkbi.com\/index.php?rest_route=\/wp\/v2\/posts\/67265","targetHints":{"allow":["GET"]}}],"collection":[{"href":"https:\/\/dekkbi.com\/index.php?rest_route=\/wp\/v2\/posts"}],"about":[{"href":"https:\/\/dekkbi.com\/index.php?rest_route=\/wp\/v2\/types\/post"}],"author":[{"embeddable":true,"href":"https:\/\/dekkbi.com\/index.php?rest_route=\/wp\/v2\/users\/1"}],"replies":[{"embeddable":true,"href":"https:\/\/dekkbi.com\/index.php?rest_route=%2Fwp%2Fv2%2Fcomments&post=67265"}],"version-history":[{"count":1,"href":"https:\/\/dekkbi.com\/index.php?rest_route=\/wp\/v2\/posts\/67265\/revisions"}],"predecessor-version":[{"id":67266,"href":"https:\/\/dekkbi.com\/index.php?rest_route=\/wp\/v2\/posts\/67265\/revisions\/67266"}],"wp:featuredmedia":[{"embeddable":true,"href":"https:\/\/dekkbi.com\/index.php?rest_route=\/wp\/v2\/media\/67066"}],"wp:attachment":[{"href":"https:\/\/dekkbi.com\/index.php?rest_route=%2Fwp%2Fv2%2Fmedia&parent=67265"}],"wp:term":[{"taxonomy":"category","embeddable":true,"href":"https:\/\/dekkbi.com\/index.php?rest_route=%2Fwp%2Fv2%2Fcategories&post=67265"},{"taxonomy":"post_tag","embeddable":true,"href":"https:\/\/dekkbi.com\/index.php?rest_route=%2Fwp%2Fv2%2Ftags&post=67265"}],"curies":[{"name":"wp","href":"https:\/\/api.w.org\/{rel}","templated":true}]}}