{"id":67255,"date":"2026-01-28T12:14:33","date_gmt":"2026-01-28T12:14:33","guid":{"rendered":"https:\/\/dekkbi.com\/?p=67255"},"modified":"2026-01-28T12:14:34","modified_gmt":"2026-01-28T12:14:34","slug":"senegal-une-academie-pour-preparer-les-talents-africains-aux-joj-de-dakar-2026","status":"publish","type":"post","link":"https:\/\/dekkbi.com\/?p=67255","title":{"rendered":"S\u00e9n\u00e9gal: une acad\u00e9mie pour pr\u00e9parer les talents africains aux JOJ de Dakar 2026"},"content":{"rendered":"\n<p>\u00c0 un peu plus d\u2019un an des premiers Jeux olympiques de la jeunesse jamais organis\u00e9s sur le continent africain, le comit\u00e9 d\u2019organisation mise sur la formation. Plus de 400 jeunes venus de toute l\u2019Afrique seront form\u00e9s aux m\u00e9tiers de l\u2019\u00e9v\u00e9nementiel sportif dans les prochains mois. Ce projet, port\u00e9 par le CIO et le COJOJ de Dakar 2026, est financ\u00e9 en partie par le minist\u00e8re fran\u00e7ais des Affaires \u00e9trang\u00e8res. La ministre d\u00e9l\u00e9gu\u00e9e \u00e0 la Francophonie \u00e9tait en visite \u00e0 Dakar ce lundi 26 janvier.<\/p>\n\n\n\n<p><em>Avec <strong>Juliette Dubois<\/strong><\/em> <em>correspondante RFI \u00e0 Dakar,<\/em>\u00a0<\/p>\n\n\n\n<p>Pendant plusieurs semaines, ces jeunes venus de 22 pays d\u2019Afrique apprennent les ficelles de l\u2019organisation de grands \u00e9v\u00e9nements sportifs : gestion de projet, marketing ou encore aspects juridiques. Parmi eux, Joiris Minneci, Capverdienne d\u00e9j\u00e0 dipl\u00f4m\u00e9e en management du sport, explique :<\/p>\n\n\n\n<p><em>\u00ab Avec un master, tu connais la th\u00e9orie, mais \u00eatre l\u00e0, parler avec des gens qui sont des experts dans le domaine, ils t\u2019apprennent les choses qui vont t\u2019aider dans le travail. \u00bb<\/em><\/p>\n\n\n\n<p>Au-del\u00e0 de l\u2019\u00e9v\u00e9nement, l\u2019enjeu des Jeux olympiques de la jeunesse, c\u2019est aussi l\u2019h\u00e9ritage : des comp\u00e9tences durables, transf\u00e9rables apr\u00e8s 2026. Jana Malbrook, venue des Seychelles, t\u00e9moigne :&nbsp;<em>\u00ab Cette formation est comme un tremplin depuis Dakar afin de pouvoir repr\u00e9senter mon pays lors d\u2019autres Jeux olympiques.<\/em>&nbsp;<em>\u00bb<\/em><\/p>\n\n\n\n<h2 class=\"wp-block-heading\">JOJ inclusifs<\/h2>\n\n\n\n<p>Mohamed Ali El Majdaoui, du Maroc, rench\u00e9rit :<em>\u00ab Je suis l\u00e0 pour savoir comment on peut organiser les Jeux olympiques, car dans l\u2019avenir le Maroc pourrait les organiser. \u00bb<\/em><\/p>\n\n\n\n<p>Pour la France, ce projet illustre un partenariat \u00ab gagnant-gagnant \u00bb, bas\u00e9 sur le partage d\u2019expertise et le renforcement des capacit\u00e9s locales. La ministre fran\u00e7aise d\u00e9l\u00e9gu\u00e9e \u00e0 la Francophonie et aux Partenariats internationaux, \u00c9l\u00e9onore Caroit, a rencontr\u00e9 les jeunes apprenants et sign\u00e9 plusieurs conventions de coop\u00e9ration.&nbsp;<em>\u00ab On investit \u00e9norm\u00e9ment dans ce secteur,&nbsp;<\/em>confie-t-elle<em>. Apr\u00e8s avoir accueilli avec succ\u00e8s les JO 2024 \u00e0 Paris, nous souhaitons accompagner le S\u00e9n\u00e9gal dans l\u2019organisation des Jeux olympiques de la jeunesse. C\u2019est important, car ce sont des JO inclusifs, avec une \u00e9quipe de r\u00e9fugi\u00e9s \u00bb,<\/em>&nbsp;a-t-elle soulign\u00e9.<\/p>\n\n\n\n<p>Cent soixante-trois jeunes, dont plus de la moiti\u00e9 de femmes, ont d\u00e9j\u00e0 \u00e9t\u00e9 form\u00e9s et int\u00e9gr\u00e9s au comit\u00e9 d\u2019organisation. Au total, 419 jeunes b\u00e9n\u00e9ficieront de cette \u00ab learning Academy \u00bb.<\/p>\n","protected":false},"excerpt":{"rendered":"<p>\u00c0 un peu plus d\u2019un an des premiers Jeux olympiques de la jeunesse jamais organis\u00e9s sur le continent africain, le<\/p>\n","protected":false},"author":1,"featured_media":53466,"comment_status":"open","ping_status":"open","sticky":false,"template":"","format":"standard","meta":{"footnotes":""},"categories":[9],"tags":[],"class_list":["post-67255","post","type-post","status-publish","format-standard","has-post-thumbnail","hentry","category-sports"],"_links":{"self":[{"href":"https:\/\/dekkbi.com\/index.php?rest_route=\/wp\/v2\/posts\/67255","targetHints":{"allow":["GET"]}}],"collection":[{"href":"https:\/\/dekkbi.com\/index.php?rest_route=\/wp\/v2\/posts"}],"about":[{"href":"https:\/\/dekkbi.com\/index.php?rest_route=\/wp\/v2\/types\/post"}],"author":[{"embeddable":true,"href":"https:\/\/dekkbi.com\/index.php?rest_route=\/wp\/v2\/users\/1"}],"replies":[{"embeddable":true,"href":"https:\/\/dekkbi.com\/index.php?rest_route=%2Fwp%2Fv2%2Fcomments&post=67255"}],"version-history":[{"count":1,"href":"https:\/\/dekkbi.com\/index.php?rest_route=\/wp\/v2\/posts\/67255\/revisions"}],"predecessor-version":[{"id":67256,"href":"https:\/\/dekkbi.com\/index.php?rest_route=\/wp\/v2\/posts\/67255\/revisions\/67256"}],"wp:featuredmedia":[{"embeddable":true,"href":"https:\/\/dekkbi.com\/index.php?rest_route=\/wp\/v2\/media\/53466"}],"wp:attachment":[{"href":"https:\/\/dekkbi.com\/index.php?rest_route=%2Fwp%2Fv2%2Fmedia&parent=67255"}],"wp:term":[{"taxonomy":"category","embeddable":true,"href":"https:\/\/dekkbi.com\/index.php?rest_route=%2Fwp%2Fv2%2Fcategories&post=67255"},{"taxonomy":"post_tag","embeddable":true,"href":"https:\/\/dekkbi.com\/index.php?rest_route=%2Fwp%2Fv2%2Ftags&post=67255"}],"curies":[{"name":"wp","href":"https:\/\/api.w.org\/{rel}","templated":true}]}}