{"id":67252,"date":"2026-01-28T12:05:25","date_gmt":"2026-01-28T12:05:25","guid":{"rendered":"https:\/\/dekkbi.com\/?p=67252"},"modified":"2026-01-28T12:23:03","modified_gmt":"2026-01-28T12:23:03","slug":"un-boycott-du-mondial-2026-est-il-possible","status":"publish","type":"post","link":"https:\/\/dekkbi.com\/?p=67252","title":{"rendered":"Un boycott du Mondial 2026 est-il possible ? &#8211; la question fait d\u00e9bat"},"content":{"rendered":"\n<p><strong>&#8211; Mondial 2026 : le mot \u00ab boycott \u00bb s\u2019invite dans le d\u00e9bat.<\/strong>&nbsp;L\u2019ancien pr\u00e9sident de la FIFA, Sepp Blatter, l\u00e2che une phrase choc : \u00ab&nbsp;<em>Pour les supporters, un seul conseil : \u00e9vitez les \u00c9tats-Unis.<\/em>&nbsp;\u00bb l&rsquo;ex-boss de l&rsquo;instance r\u00e8gle-t-il ses comptes avec Infantino ? Depuis, la question fait d\u00e9bat autour de l\u2019organisation de la Coupe du monde, dans certaines f\u00e9d\u00e9rations europ\u00e9ennes. \u00c0 juste titre ? Des voix \u00e9voquant boycott ou annulation, commencent \u00e0 se faire entendre. Comme ce fut le cas pour Argentine 1978 et Qatar 2022.<\/p>\n\n\n\n<p><strong>&#8211; Liga 21\u00e8 journ\u00e9e, Yamal renversant, Mbapp\u00e9 piquant !<\/strong>&nbsp;Le champion d&rsquo;Europe s&rsquo;est distingu\u00e9 par un magnifique ciseau retourn\u00e9 face \u00e0 Oviedo, le Madril\u00e8ne a opt\u00e9 pour la panenka lors du penalty inscrit \u00e0 la Ceramica face \u00e0 Villarreal ! Sous les yeux de Brahim Diaz&nbsp;! Chambrage ou geste th\u00e9rapeutique ?<\/p>\n\n\n\n<p><strong>&#8211; 2 jeunes \u00e0 fort potentiel en Ligue 1.<\/strong>&nbsp;Endrick s&rsquo;est distingu\u00e9 face \u00e0 Metz, inscrivant un tripl\u00e9. La performance du Br\u00e9silien pr\u00eat\u00e9 \u00e0 l&rsquo;OL par le Real Madrid a fait r\u00e9agir une presse espagnole qui ne comprend pas le d\u00e9part de l&rsquo;attaquant, et s&rsquo;interroge quant \u00e0 son utilisation sous Xabi Alonso. Carlo Ancelotti doit quant \u00e0 lui se r\u00e9jouir des prestations du gaucher ! &#8211; Dro Fernandez, 18 ans, signe au PSG. Issu de la Masia, le milieu offensif n&rsquo;avait disput\u00e9 que 5 matches avec l&rsquo;\u00e9quipe premi\u00e8re du Bar\u00e7a. Il poss\u00e8de le m\u00eame agent que Luis Enrique. Joan Laporta voyait plut\u00f4t un avenir en blaugrana au Galicien.<\/p>\n\n\n\n<p><strong>&#8211; La commission de discipline de la CAF se r\u00e9unit ce mardi (27 janvier 2026).&nbsp;<\/strong>Elle examine les troubles qui ont \u00e9maill\u00e9 la finale de la CAN le 18 janvier dernier \u00e0 Rabat. L&rsquo;audience s&rsquo;annonce houleuse. Elle avait \u00e9t\u00e9 report\u00e9e, la f\u00e9d\u00e9ration s\u00e9n\u00e9galaise souhaitant avoir le temps de pr\u00e9parer sa d\u00e9fense. L&rsquo;\u00e9ventail des sanctions possibles est large, quelles mesures peuvent \u00eatre prises ? Seront-elles annonc\u00e9es dans la journ\u00e9e ?<\/p>\n\n\n\n<p><strong>Avec Annie Gasnier : Ludovic Duchesne, Nabil Djellit et Herv\u00e9 Penot. Technique\/R\u00e9alisation : L aurent Salerno &#8212; David Fintzel\/Pierre Gu\u00e9rin.<\/strong><\/p>\n","protected":false},"excerpt":{"rendered":"<p>&#8211; Mondial 2026 : le mot \u00ab boycott \u00bb s\u2019invite dans le d\u00e9bat.&nbsp;L\u2019ancien pr\u00e9sident de la FIFA, Sepp Blatter, l\u00e2che<\/p>\n","protected":false},"author":1,"featured_media":59873,"comment_status":"open","ping_status":"open","sticky":false,"template":"","format":"standard","meta":{"footnotes":""},"categories":[9],"tags":[],"class_list":["post-67252","post","type-post","status-publish","format-standard","has-post-thumbnail","hentry","category-sports"],"_links":{"self":[{"href":"https:\/\/dekkbi.com\/index.php?rest_route=\/wp\/v2\/posts\/67252","targetHints":{"allow":["GET"]}}],"collection":[{"href":"https:\/\/dekkbi.com\/index.php?rest_route=\/wp\/v2\/posts"}],"about":[{"href":"https:\/\/dekkbi.com\/index.php?rest_route=\/wp\/v2\/types\/post"}],"author":[{"embeddable":true,"href":"https:\/\/dekkbi.com\/index.php?rest_route=\/wp\/v2\/users\/1"}],"replies":[{"embeddable":true,"href":"https:\/\/dekkbi.com\/index.php?rest_route=%2Fwp%2Fv2%2Fcomments&post=67252"}],"version-history":[{"count":2,"href":"https:\/\/dekkbi.com\/index.php?rest_route=\/wp\/v2\/posts\/67252\/revisions"}],"predecessor-version":[{"id":67262,"href":"https:\/\/dekkbi.com\/index.php?rest_route=\/wp\/v2\/posts\/67252\/revisions\/67262"}],"wp:featuredmedia":[{"embeddable":true,"href":"https:\/\/dekkbi.com\/index.php?rest_route=\/wp\/v2\/media\/59873"}],"wp:attachment":[{"href":"https:\/\/dekkbi.com\/index.php?rest_route=%2Fwp%2Fv2%2Fmedia&parent=67252"}],"wp:term":[{"taxonomy":"category","embeddable":true,"href":"https:\/\/dekkbi.com\/index.php?rest_route=%2Fwp%2Fv2%2Fcategories&post=67252"},{"taxonomy":"post_tag","embeddable":true,"href":"https:\/\/dekkbi.com\/index.php?rest_route=%2Fwp%2Fv2%2Ftags&post=67252"}],"curies":[{"name":"wp","href":"https:\/\/api.w.org\/{rel}","templated":true}]}}