{"id":67240,"date":"2026-01-28T11:54:34","date_gmt":"2026-01-28T11:54:34","guid":{"rendered":"https:\/\/dekkbi.com\/?p=67240"},"modified":"2026-01-28T11:54:35","modified_gmt":"2026-01-28T11:54:35","slug":"iran-les-disparitions-forcees-une-autre-arme-redoutable-de-la-republique-islamique","status":"publish","type":"post","link":"https:\/\/dekkbi.com\/?p=67240","title":{"rendered":"Iran:\u00a0les disparitions forc\u00e9es, une autre arme redoutable de la R\u00e9publique islamique"},"content":{"rendered":"\n<p>\u00ab<em>O\u00f9\u00a0sont-ils\u00a0?<\/em>\u00a0\u00bb Alors que le nombre de morts, victimes de la r\u00e9pression de janvier 2026, est aujourd\u2019hui estim\u00e9\u00a0par certaines ONG \u00e0 plus de 30 000, de nombreux Iraniens continuent de chercher leurs proches arr\u00eat\u00e9s et\/ou disparus et s\u2019inqui\u00e8tent de leur sort. Outil de r\u00e9pression de la R\u00e9publique islamique, le recours\u00a0\u00e0\u00a0la disparition forc\u00e9e, reconnu comme un crime contre l\u2019humanit\u00e9\u00a0par l\u2019ONU, rappelle la\u00a0r\u00e9pression\u00a0massive des ann\u00e9es 1980.<\/p>\n\n\n\n<p>\u00ab<em>\u00a0O\u00f9\u00a0avez-vous\u00a0emmen\u00e9\u00a0ma\u00a0s\u0153ur\u00a0?<\/em>\u00a0\u00bb, interroge sur\u00a0Instagram\u00a0<strong>Mahshid\u00a0Nazemi<\/strong>, opposante iranienne exil\u00e9e en France. Sa\u00a0s\u0153ur, Pouran Nazemi, arr\u00eat\u00e9e le 12 d\u00e9cembre 2024\u00a0\u00e0\u00a0Mashhad (nord-est de l\u2019<strong>Iran)<\/strong>\u00a0avec d\u2019autres militants des droits humains iraniens, aurait en effet\u00a0\u00e9t\u00e9\u00a0transf\u00e9r\u00e9e par les services de renseignement dans un autre endroit sans que sa famille n\u2019en soit\u00a0inform\u00e9e.<\/p>\n\n\n\n<p>Une\u00a0disparition\u00a0qui n\u2019est pas isol\u00e9e\u00a0: le\u00a019\u00a0janvier,\u00a0<strong>Manouchehr\u00a0Bakhtiari<\/strong>, le\u00a0p\u00e8re de Pouya Bakhtiari, jeune ing\u00e9nieur\u00a0tu\u00e9\u00a0par le r\u00e9gime durant les manifestations de novembre 2019,\u00a0a,\u00a0lui-m\u00eame,\u00a0\u00e9t\u00e9\u00a0arr\u00eat\u00e9\u00a0chez lui\u00a0\u00e0\u00a0Bandar Abbas par les services de renseignements iraniens :\u00a0\u00ab<em>\u00a0Dix\u00a0personnes ont pris d\u2019assaut son lieu de r\u00e9sidence et l\u2019ont interpell\u00e9\u00a0<\/em>\u00bb, explique sa\u00a0s\u0153ur, Saba\u00a0Bakhtiari,\u00a0inqui\u00e8te pour sa sant\u00e9.\u00a0<\/p>\n\n\n\n<h2 class=\"wp-block-heading\">\u00ab<em>Mauvais pressentiment<\/em>\u00a0\u00bb<\/h2>\n\n\n\n<p>Alors que l\u2019estimation du nombre de victimes&nbsp;de la r\u00e9pression&nbsp;sans&nbsp;pr\u00e9c\u00e9dent du r\u00e9gime iranien ne&nbsp;cesse&nbsp;d\u2019augmenter, de nombreuses&nbsp;familles&nbsp;restent dans le flou&nbsp;quant&nbsp;au sort de leurs proches. Sur les r\u00e9seaux, les appels&nbsp;\u00e0&nbsp;t\u00e9moin et les demandes de partage d\u2019information fusent pour retrouver les disparus ou au moins avoir quelques nouvelles :&nbsp;\u00ab&nbsp;<em>Nous n\u2019avons aucune nouvelle depuis le 11 janvier de mon amie Negin Khaksar. Nous savons juste que son nom a&nbsp;\u00e9t\u00e9 dans la liste des personnes arr\u00eat\u00e9es et qu\u2019elle a pu passer un court appel&nbsp;\u00e0&nbsp;sa m\u00e8re depuis la prison, mais nous n\u2019avons aucune information officielle et ne savons pas de quoi elle est accus\u00e9e ni quelle est sa situation&nbsp;<\/em>\u00bb, peut-on ainsi lire sur les r\u00e9seaux.<\/p>\n\n\n\n<p>Mona*, elle aussi, a partag\u00e9 la photo de son amie Yasmin Hojjati Ghomi, 24 ans. Celle-ci a disparu depuis une semaine en m\u00eame temps que sa m\u00e8re, H\u00e9l\u00e8ne. Mona affirme&nbsp;\u00e0&nbsp;RFI avoir un&nbsp;\u00ab&nbsp;<em>mauvais pressentiment<\/em>&nbsp;\u00bb.<\/p>\n\n\n\n<p>Ces&nbsp;disparitions forc\u00e9es&nbsp;ouvrent, en effet, la&nbsp;possibilit\u00e9 de nombreuses hypoth\u00e8ses&nbsp;sur le traitement r\u00e9serv\u00e9&nbsp;aux Iraniens arr\u00eat\u00e9s&nbsp;ou enlev\u00e9s&nbsp;par&nbsp;le r\u00e9gime&nbsp;:&nbsp;\u00ab<em>&nbsp;s\u00e9questration, hospitalisation d\u2019office, torture, meurtres\u2026 Dans les mouvements pr\u00e9c\u00e9dents, on a aussi trouv\u00e9&nbsp;des tombes non identifi\u00e9es<\/em>&nbsp;\u00bb, analyse l\u2019avocat franco-iranien Hirbod&nbsp;Dehghani-Azar. Cette fois encore, les ONG d\u00e9noncent une tentative du r\u00e9gime de terroriser et faire taire les familles&nbsp;: \u00ab&nbsp;<em>Nous avons eu&nbsp;des t\u00e9moignages&nbsp;du personnel m\u00e9dical nous informant&nbsp;que&nbsp;des personnes&nbsp;\u00e9taient enterr\u00e9es dans des fosses communes sans que les familles aient&nbsp;\u00e9t\u00e9&nbsp;mises au courant<\/em>&nbsp;\u00bb, indique Marie-Laure Geoffrey, charg\u00e9e de plaidoyer Libert\u00e9s&nbsp;\u00e0&nbsp;Amnesty International.<\/p>\n\n\n\n<h2 class=\"wp-block-heading\">Une situation compar\u00e9e&nbsp;\u00e0&nbsp;la r\u00e9pression massive des ann\u00e9es 1980<\/h2>\n\n\n\n<p>Selon les ONG, chiffrer le nombre de disparus est aujourd\u2019hui impossible. \u00ab&nbsp;<em>La pratique des disparitions&nbsp;est&nbsp;une pratique invers\u00e9e,&nbsp;on peut&nbsp;difficilement collecter&nbsp;des preuves&nbsp;justement parce que les gens ont&nbsp;disparu<\/em>&nbsp;\u00bb, explique Hirbod&nbsp;Dehghani-Azar. Son association,&nbsp;Norouz, qui&nbsp;\u0153uvre&nbsp;pour le soutien des victimes de violations de droits humains en&nbsp;Iran, a d\u00e9velopp\u00e9&nbsp;en collaboration avec&nbsp;Smartpreuve&nbsp;un outil s\u00e9curis\u00e9&nbsp;de collecte de preuves des exactions du r\u00e9gime dans l\u2019optique de documenter, de pr\u00e9parer un dossier et de poursuivre les responsables de ces crimes dans le cadre d\u2019une justice transitionnelle qui le permettrait.<\/p>\n\n\n\n<p>\u00ab\u00a0<em>On demande que les autorit\u00e9s iraniennes soient d\u00e9f\u00e9r\u00e9es devant la Cour p\u00e9nale internationale\u00a0(CPI). Que les\u00a0\u00c9tats qui disposent de la comp\u00e9tence universelle puissent en faire usage pour enqu\u00eater. Et puis, on demande plus largement qu&rsquo;il y ait des enqu\u00eates pour documenter ce qui s&rsquo;est pass\u00e9\u00a0en Iran et permettre qu&rsquo;il y ait\u00a0une\u00a0justice un jour\u00a0<\/em>\u00bb, d\u00e9clare\u00a0Marie-Laure Geoffrey.\u00a0Mina Khani membre du conseil d\u2019administration de l\u2019ONG\u00a0<strong>Hengaw<\/strong>, rappelle\u00a0\u00e9galement l\u2019adoption en 2005 du\u00a0<strong>principe\u00a0de la responsabilit\u00e9\u00a0de prot\u00e9ger\u00a0<\/strong>(R2P), qui souligne la responsabilit\u00e9\u00a0de la communaut\u00e9\u00a0internationale\u00a0\u00ab\u00a0<em>de prot\u00e9ger lorsque manifestement un \u00c9tat n\u2019assure pas la protection de sa population<\/em>\u00a0(pilier III\u00a0)\u00a0\u00bb.<\/p>\n\n\n\n<p>Pour\u00a0<strong>Amnesty International,<\/strong>\u00a0l\u2019ampleur des massacres, des arrestations et des disparitions forc\u00e9es ne peut\u00a0\u00eatre compar\u00e9e\u00a0qu\u2019\u00e0 la\u00a0r\u00e9pression\u00a0massive des ann\u00e9es 1980,\u00a0lorsque des milliers d\u2019opposants politiques ont\u00a0\u00e9t\u00e9\u00a0assassin\u00e9s par les autorit\u00e9s iraniennes : \u00ab<em>\u00a0Jusqu&rsquo;\u00e0\u00a0aujourd&rsquo;hui, une grande partie d&rsquo;entre eux reste des disparus, c&rsquo;est-\u00e0-dire que leurs familles ne savent pas ce qui est advenu\u00a0d\u2019eux\u00a0<\/em>\u00bb, affirme\u00a0Marie-Laure Geoffrey.<\/p>\n\n\n\n<p>C\u2019est notamment le cas du p\u00e8re de&nbsp;Mojghan*, disparu en 1980 et dont elle n\u2019a jamais connu le sort :&nbsp;\u00ab<em>&nbsp;J\u2019avais 19 ans, mon p\u00e8re est sorti de la maison pour sa marche quotidienne et n\u2019est plus rentr\u00e9<\/em>, se rappelle-t-elle&nbsp;\u00e9mue.&nbsp;<em>Le gardien du parc o\u00f9&nbsp;il avait l\u2019habitude d\u2019aller nous a dit qu\u2019une voiture du gouvernement est entr\u00e9e et a emmen\u00e9&nbsp;mon p\u00e8re de force. Plus tard, le m\u00eame gardien a ni\u00e9 avoir vu un tel enl\u00e8vement.<\/em>&nbsp;\u00bb&nbsp;<\/p>\n\n\n\n<h2 class=\"wp-block-heading\">Un outil de&nbsp;r\u00e9pression&nbsp;redoutable depuis le d\u00e9but du r\u00e9gime&nbsp;<\/h2>\n\n\n\n<p>\u00ab<em>&nbsp;Les disparitions forc\u00e9es existent depuis l\u2019\u00e9tablissement de la R\u00e9publique islamique. C\u2019est un des premiers outils r\u00e9pressifs des masses et des minorit\u00e9s utilis\u00e9s par le r\u00e9gime<\/em>&nbsp;\u00bb, affirme Mina Khani. L\u2019activiste de&nbsp;Hengaw&nbsp;explique qu\u2019\u00e0 cette&nbsp;\u00e9poque, tous les opposants&nbsp;\u00e0&nbsp;la R\u00e9publique islamique&nbsp;\u00e9taient touch\u00e9s : les&nbsp;militants politiques de tout bord, les intellectuels, mais aussi les&nbsp;minorit\u00e9s religieuses et ethniques comme les&nbsp;baha\u00efs&nbsp;et les Kurdes. Selon elle, cette pratique a continu\u00e9&nbsp;apr\u00e8s les ann\u00e9es 1980,&nbsp;notamment au Kurdistan&nbsp;iranien :&nbsp;\u00ab<em>&nbsp;Le r\u00e9gime n\u2019a jamais rendu le corps de beaucoup des prisonniers politiques kurdes qu\u2019il a ex\u00e9cut\u00e9s&nbsp;et leurs tombes n\u2019ont pas&nbsp;\u00e9t\u00e9&nbsp;identifi\u00e9es. Ces derni\u00e8res ann\u00e9es, ce m\u00e9canisme&nbsp;\u00e9tait&nbsp;\u00e9galement r\u00e9p\u00e9t\u00e9&nbsp;pour les minorit\u00e9s arabe et&nbsp;baloutche<\/em>&nbsp;\u00bb, explique-t-elle.<\/p>\n\n\n\n<p>En plus de noter&nbsp;\u00ab<em>&nbsp;une recrudescence particuli\u00e8rement marqu\u00e9e&nbsp;de la pratique de disparition forc\u00e9e&nbsp;<\/em>\u00bb, Amnesty International note&nbsp;\u00e9galement que, contrairement aux ann\u00e9es 1980, la r\u00e9pression de janvier 2026 a touch\u00e9 \u00ab&nbsp;<em>tr\u00e8s largement des familles de classes moyennes<\/em>&nbsp;\u00bb. Mina Khani s\u2019interroge&nbsp;\u00e9galement sur la&nbsp;quasi-absence&nbsp;de corps f\u00e9minins dans les vid\u00e9os diffus\u00e9es&nbsp;:&nbsp;\u00ab<em>&nbsp;O\u00f9&nbsp;sont-elles, ces femmes ?&nbsp;<\/em>\u00bb, demande-t-elle.&nbsp;<\/p>\n\n\n\n<h2 class=\"wp-block-heading\">\u00ab&nbsp;<em>Il est&nbsp;impossible&nbsp;pour les familles de faire leur deuil<\/em>&nbsp;\u00bb<\/h2>\n\n\n\n<p>La&nbsp;<strong>Convention&nbsp;internationale&nbsp;<\/strong>pour la protection de toutes les personnes contre les disparitions forc\u00e9es, entr\u00e9e en vigueur en 2010, atteste pourtant que cette pratique&nbsp;\u00ab&nbsp;<em>constitue un crime et, dans certaines circonstances d\u00e9finies par le droit international, un crime contre l\u2019humanit\u00e9&nbsp;<\/em>\u00bb.<\/p>\n\n\n\n<p>Pour&nbsp;Marie-Laure Geoffrey, l\u2019atrocit\u00e9&nbsp;de ce crime se mesure notamment au fait qu\u2019elle touche non seulement les victimes mais aussi leurs familles, leurs proches et m\u00eame&nbsp;le quartier&nbsp;o\u00f9&nbsp;elles habitaient&nbsp;:&nbsp;\u00ab<em>&nbsp;Le&nbsp;fait&nbsp;de ne pas&nbsp;rendre les corps et qu&rsquo;il n&rsquo;y ait pas d&rsquo;informations autour&nbsp;de la mort de ces personnes&nbsp;cr\u00e9e un climat d&rsquo;angoisse et de peur, avec l&rsquo;impossibilit\u00e9&nbsp;pour les familles de faire leur deuil. C&rsquo;est pour&nbsp;\u00e7a que&nbsp;\u00e7a fait partie des crimes les plus graves<\/em>&nbsp;\u00bb, indique-t-elle.&nbsp;<\/p>\n\n\n\n<p>Pendant longtemps,&nbsp;Mojghan&nbsp;et sa famille ont cherch\u00e9&nbsp;d\u00e9sesp\u00e9r\u00e9ment&nbsp;\u00e0&nbsp;avoir des informations sur la disparition de son p\u00e8re, en vain. Quarante-sept ans apr\u00e8s, la douleur est la m\u00eame :&nbsp;\u00ab&nbsp;<em>Tu n\u2019as pas le temps de dire au revoir, ni de faire une c\u00e9r\u00e9monie. Tu ne sais pas ce qu\u2019il s\u2019est pass\u00e9&nbsp;et au d\u00e9but, tu te demandes sans cesse ce qui va lui arriver et combien il souffre. C\u2019est&nbsp;\u00e9pouvantable, car il n&rsquo;y a pas de conclusion, il y a juste un point d\u2019interrogation&nbsp;<\/em>\u00bb, conclut-elle.&nbsp;<\/p>\n\n\n\n<p>SOURCE RFI<\/p>\n","protected":false},"excerpt":{"rendered":"<p>\u00abO\u00f9\u00a0sont-ils\u00a0?\u00a0\u00bb Alors que le nombre de morts, victimes de la r\u00e9pression de janvier 2026, est aujourd\u2019hui estim\u00e9\u00a0par certaines ONG \u00e0<\/p>\n","protected":false},"author":1,"featured_media":67241,"comment_status":"open","ping_status":"open","sticky":false,"template":"","format":"standard","meta":{"footnotes":""},"categories":[51],"tags":[],"class_list":["post-67240","post","type-post","status-publish","format-standard","has-post-thumbnail","hentry","category-general"],"_links":{"self":[{"href":"https:\/\/dekkbi.com\/index.php?rest_route=\/wp\/v2\/posts\/67240","targetHints":{"allow":["GET"]}}],"collection":[{"href":"https:\/\/dekkbi.com\/index.php?rest_route=\/wp\/v2\/posts"}],"about":[{"href":"https:\/\/dekkbi.com\/index.php?rest_route=\/wp\/v2\/types\/post"}],"author":[{"embeddable":true,"href":"https:\/\/dekkbi.com\/index.php?rest_route=\/wp\/v2\/users\/1"}],"replies":[{"embeddable":true,"href":"https:\/\/dekkbi.com\/index.php?rest_route=%2Fwp%2Fv2%2Fcomments&post=67240"}],"version-history":[{"count":1,"href":"https:\/\/dekkbi.com\/index.php?rest_route=\/wp\/v2\/posts\/67240\/revisions"}],"predecessor-version":[{"id":67242,"href":"https:\/\/dekkbi.com\/index.php?rest_route=\/wp\/v2\/posts\/67240\/revisions\/67242"}],"wp:featuredmedia":[{"embeddable":true,"href":"https:\/\/dekkbi.com\/index.php?rest_route=\/wp\/v2\/media\/67241"}],"wp:attachment":[{"href":"https:\/\/dekkbi.com\/index.php?rest_route=%2Fwp%2Fv2%2Fmedia&parent=67240"}],"wp:term":[{"taxonomy":"category","embeddable":true,"href":"https:\/\/dekkbi.com\/index.php?rest_route=%2Fwp%2Fv2%2Fcategories&post=67240"},{"taxonomy":"post_tag","embeddable":true,"href":"https:\/\/dekkbi.com\/index.php?rest_route=%2Fwp%2Fv2%2Ftags&post=67240"}],"curies":[{"name":"wp","href":"https:\/\/api.w.org\/{rel}","templated":true}]}}