{"id":67236,"date":"2026-01-28T11:45:16","date_gmt":"2026-01-28T11:45:16","guid":{"rendered":"https:\/\/dekkbi.com\/?p=67236"},"modified":"2026-01-28T11:46:00","modified_gmt":"2026-01-28T11:46:00","slug":"diffusion-dimages-de-violence-le-cored-rappelle-au-respect-de-la-dignite-humaine-et-met-en-garde-les-medias","status":"publish","type":"post","link":"https:\/\/dekkbi.com\/?p=67236","title":{"rendered":"Diffusion d\u2019images de violence: le CORED rappelle au respect de la dignit\u00e9 humaine et met en garde les m\u00e9dias"},"content":{"rendered":"\n<p>Le Conseil pour l\u2019Observation des R\u00e8gles d\u2019\u00c9thique et de D\u00e9ontologie dans les m\u00e9dias (CORED) a rappel\u00e9 aux journalistes et techniciens des m\u00e9dias que le respect de la dignit\u00e9 humaine constitue un principe fondamental dans le traitement et la diffusion de l\u2019information.<\/p>\n\n\n\n<p>Dans un communiqu\u00e9 de presse dat\u00e9 du 27 janvier 2026, le CORED souligne que le droit du public \u00e0 l\u2019information est strictement encadr\u00e9 par l\u2019article 18 du Code de la presse, lequel pr\u00e9cise que \u00a0\u00bb le compte rendu&nbsp; qu\u2019il s\u2019agisse du texte, de l\u2019image ou du son, (&#8230;) d\u2019accidents et de catastrophes trouve ses limites dans le respect (&#8230;) de la souffrance des victimes et\/ou des proches\u00a0\u00bb.<\/p>\n\n\n\n<p>Le Conseil rappelle \u00e9galement les dispositions de l\u2019article 3 de la Charte des journalistes du S\u00e9n\u00e9gal, qui oblige les professionnels des m\u00e9dias \u00e0 \u00a0\u00bb respecter la dignit\u00e9 de la personne humaine (&#8230;) , notamment celle des groupes minoritaires et les personnes en situation de vuln\u00e9rabilit\u00e9, en toute circonstance \u00a0\u00bb .<\/p>\n\n\n\n<p>Le CORED d\u00e9plore ainsi la r\u00e9currence de la publication d\u2019images et de sc\u00e8nes de violence, diffus\u00e9es en violation de ces principes \u00e9thiques et d\u00e9ontologiques, sans \u00e9gard pour la protection des \u00e2mes sensibles et des personnes vuln\u00e9rables. Il cite \u00e0 ce propos certaines publications parues ce lundi 26 janvier 2026, notamment dans un quotidien et un journal en ligne.&nbsp;<\/p>\n\n\n\n<p>Face \u00e0 ces d\u00e9rives, le CORED met formellement en garde contre la publication et la diffusion d\u2019images de violence insoutenables, notamment celles li\u00e9es \u00e0 des accidents ou \u00e0 des sc\u00e8nes domestiques. Le communiqu\u00e9 tient lieu d\u2019avertissement, appelant les m\u00e9dias \u00e0 une plus grande responsabilit\u00e9 dans le choix et le traitement des contenus visuels.<br><\/p>\n\n\n\n<figure class=\"wp-block-image\"><a href=\"javascript:void(0)\"><img decoding=\"async\" src=\"https:\/\/www.dakaractu.com\/photo\/art\/default\/93929014-65559475.jpg?v=1769533731\" alt=\"Diffusion d\u2019images de violence : le CORED rappelle au respect de la dignit\u00e9 humaine et met en garde les m\u00e9dias\" title=\"Diffusion d\u2019images de violence : le CORED rappelle au respect de la dignit\u00e9 humaine et met en garde les m\u00e9dias\"\/><\/a><\/figure>\n","protected":false},"excerpt":{"rendered":"<p>Le Conseil pour l\u2019Observation des R\u00e8gles d\u2019\u00c9thique et de D\u00e9ontologie dans les m\u00e9dias (CORED) a rappel\u00e9 aux journalistes et techniciens<\/p>\n","protected":false},"author":1,"featured_media":67237,"comment_status":"open","ping_status":"open","sticky":false,"template":"","format":"standard","meta":{"footnotes":""},"categories":[21],"tags":[],"class_list":["post-67236","post","type-post","status-publish","format-standard","has-post-thumbnail","hentry","category-societe"],"_links":{"self":[{"href":"https:\/\/dekkbi.com\/index.php?rest_route=\/wp\/v2\/posts\/67236","targetHints":{"allow":["GET"]}}],"collection":[{"href":"https:\/\/dekkbi.com\/index.php?rest_route=\/wp\/v2\/posts"}],"about":[{"href":"https:\/\/dekkbi.com\/index.php?rest_route=\/wp\/v2\/types\/post"}],"author":[{"embeddable":true,"href":"https:\/\/dekkbi.com\/index.php?rest_route=\/wp\/v2\/users\/1"}],"replies":[{"embeddable":true,"href":"https:\/\/dekkbi.com\/index.php?rest_route=%2Fwp%2Fv2%2Fcomments&post=67236"}],"version-history":[{"count":1,"href":"https:\/\/dekkbi.com\/index.php?rest_route=\/wp\/v2\/posts\/67236\/revisions"}],"predecessor-version":[{"id":67238,"href":"https:\/\/dekkbi.com\/index.php?rest_route=\/wp\/v2\/posts\/67236\/revisions\/67238"}],"wp:featuredmedia":[{"embeddable":true,"href":"https:\/\/dekkbi.com\/index.php?rest_route=\/wp\/v2\/media\/67237"}],"wp:attachment":[{"href":"https:\/\/dekkbi.com\/index.php?rest_route=%2Fwp%2Fv2%2Fmedia&parent=67236"}],"wp:term":[{"taxonomy":"category","embeddable":true,"href":"https:\/\/dekkbi.com\/index.php?rest_route=%2Fwp%2Fv2%2Fcategories&post=67236"},{"taxonomy":"post_tag","embeddable":true,"href":"https:\/\/dekkbi.com\/index.php?rest_route=%2Fwp%2Fv2%2Ftags&post=67236"}],"curies":[{"name":"wp","href":"https:\/\/api.w.org\/{rel}","templated":true}]}}