{"id":67220,"date":"2026-01-28T11:20:36","date_gmt":"2026-01-28T11:20:36","guid":{"rendered":"https:\/\/dekkbi.com\/?p=67220"},"modified":"2026-01-28T11:46:22","modified_gmt":"2026-01-28T11:46:22","slug":"lespagne-va-regulariser-un-demi-million-de-sans-papiers","status":"publish","type":"post","link":"https:\/\/dekkbi.com\/?p=67220","title":{"rendered":"L&rsquo;Espagne va r\u00e9gulariser un demi-million de sans-papiers"},"content":{"rendered":"\n<p>A contre-courant de ses homologues europ\u00e9ens, le gouvernement de gauche espagnol s&rsquo;appr\u00eate \u00e0 adopter un plan de r\u00e9gularisation massif de sans-papiers qui pourrait b\u00e9n\u00e9ficier \u00e0 500.000 personnes, une mesure qui doit permettre de soutenir la croissance \u00e9conomique du pays.<\/p>\n\n\n\n<p>\u00ab\u00a0Aujourd&rsquo;hui est un jour historique pour notre pays. Nous renfor\u00e7ons un mod\u00e8le migratoire fond\u00e9 sur les droits humains, sur l&rsquo;int\u00e9gration, sur le vivre-ensemble, et compatible avec la croissance \u00e9conomique ainsi qu&rsquo;avec la coh\u00e9sion sociale\u00a0\u00bb, s&rsquo;est r\u00e9jouie la porte-parole du gouvernement et ministre des Migrations Elma Saiz \u00e0 l&rsquo;issue du conseil des ministres.<\/p>\n\n\n\n<p>La mesure, adopt\u00e9e mardi par le gouvernement, concernera \u00ab\u00a0environ un demi-million de personnes\u00a0\u00bb qui se trouvent en Espagne et pourront ainsi \u00ab\u00a0travailler dans n&rsquo;importe quel secteur, partout dans le pays\u00a0\u00bb.<\/p>\n\n\n\n<p>Seront \u00e9ligibles les personnes arriv\u00e9es avant le 31 d\u00e9cembre 2025 et pr\u00e9sentes depuis au moins cinq mois sur le territoire espagnol. \u00ab\u00a0A partir du mois d&rsquo;avril, toutes les demandes pourront \u00eatre d\u00e9pos\u00e9es jusqu&rsquo;au 30 juin\u00a0\u00bb, a expliqu\u00e9 la ministre.<\/p>\n\n\n\n<p>\u00ab\u00a0Il s&rsquo;agit d&rsquo;une mesure longuement \u00e9labor\u00e9e, discut\u00e9e et n\u00e9cessaire pour r\u00e9pondre \u00e0 une r\u00e9alit\u00e9 qui existe dans nos rues\u00a0\u00bb, a-t-elle soulign\u00e9.<\/p>\n\n\n\n<p>&#8211; \u00ab\u00a0Mod\u00e8le ouvert et humain\u00a0\u00bb &#8211;<\/p>\n\n\n\n<p>Pour faciliter sa mise en place, le gouvernement de Pedro S\u00e1nchez a adopt\u00e9 un \u00ab\u00a0d\u00e9cret royal\u00a0\u00bb, qui lui permet de se passer d&rsquo;un vote au Parlement, o\u00f9 il ne dispose pas de majorit\u00e9.<\/p>\n\n\n\n<p>\u00ab\u00a0Nous sommes un pays qui d\u00e9fend fermement un mod\u00e8le migratoire l\u00e9gal, s\u00fbr, ordonn\u00e9, mais aussi ouvert et humain, contre ceux qui pr\u00e9conisent la fermeture des fronti\u00e8res\u00a0\u00bb, avait justifi\u00e9 d\u00e9but janvier le Premier ministre, assurant alors que l&rsquo;immigration repr\u00e9sentait \u00ab\u00a080 % de la croissance\u00a0\u00bb \u00e9conomique de l&rsquo;Espagne au cours des six derni\u00e8res ann\u00e9es.<\/p>\n\n\n\n<p>L&rsquo;annonce de mardi survient d&rsquo;ailleurs le m\u00eame jour que la publication des chiffres du ch\u00f4mage pour le 4e trimestre 2025, qui montrent un taux sous les 10% pour la premi\u00e8re fois depuis 2008, un succ\u00e8s notamment tir\u00e9 par le nombre de nouveaux emplois occup\u00e9s par des \u00e9trangers (52.500 contre 23.700).<\/p>\n\n\n\n<p>L&rsquo;Espagne est l&rsquo;une des trois principales portes d&rsquo;entr\u00e9e de l&rsquo;immigration en Europe, avec l&rsquo;Italie et la Gr\u00e8ce. Pr\u00e8s de 37.000 migrants irr\u00e9guliers sont entr\u00e9s en 2025 en Espagne, un chiffre en forte baisse par rapport \u00e0 2024 (-42,6%, 64.000 arriv\u00e9es), selon le minist\u00e8re de l&rsquo;Int\u00e9rieur.<\/p>\n\n\n\n<p>D&rsquo;apr\u00e8s les derni\u00e8res donn\u00e9es publi\u00e9es par l&rsquo;Institut national de la statistique, plus de sept millions d&rsquo;\u00e9trangers vivent en Espagne sur une population totale de 49,4 millions de personnes.<\/p>\n\n\n\n<p>En novembre 2024 d\u00e9j\u00e0, le gouvernement avait adopt\u00e9 une r\u00e9forme qui devait permettre la r\u00e9gularisation de 300.000 personnes par an au cours des trois ann\u00e9es suivantes, afin de se conformer aux lois europ\u00e9ennes et d&rsquo;att\u00e9nuer le vieillissement de la population.<\/p>\n\n\n\n<p>La nouvelle mesure annonc\u00e9e mardi devrait concerner en premier lieu les migrants latino-am\u00e9ricains, qui repr\u00e9sentent 91% des 840.000 personnes actuellement en situation irr\u00e9guli\u00e8re en Espagne, selon les chiffres du think tank Funcas.<\/p>\n\n\n\n<p>&#8211; Politique \u00ab\u00a0insens\u00e9e\u00a0\u00bb &#8211;<\/p>\n\n\n\n<p>L&rsquo;annonce de ces r\u00e9gularisations massives est intervenue apr\u00e8s une r\u00e9union entre le gouvernement et le parti d&rsquo;extr\u00eame gauche Podemos, ancien alli\u00e9 devenu tr\u00e8s critique depuis plusieurs mois.<\/p>\n\n\n\n<p>\u00ab\u00a0Podemos est l\u00e0 pour garantir des droits, et les papiers, ce sont des droits\u00a0\u00bb, a fait valoir lundi la d\u00e9put\u00e9e europ\u00e9enne Irene Montero.<\/p>\n\n\n\n<p>Sans surprise, la mesure s&rsquo;est en revanche attir\u00e9e les foudres de l&rsquo;opposition de droite et d&rsquo;extr\u00eame droite.<\/p>\n\n\n\n<p>\u00ab\u00a0Dans l&rsquo;Espagne socialiste, l&rsquo;ill\u00e9galit\u00e9 est r\u00e9compens\u00e9e. La politique migratoire de S\u00e1nchez est aussi insens\u00e9e que sa (politique) ferroviaire\u00a0\u00bb, a critiqu\u00e9 sur X Alberto N\u00fa\u00f1ez Feij\u00f3o, le leader du Parti populaire (PP, droite), principale force d&rsquo;opposition, affirmant que le plan cherchait \u00e0 \u00ab\u00a0d\u00e9tourner l&rsquo;attention\u00a0\u00bb de la trag\u00e9die ferroviaire qui a fait 45 morts dans le sud du pays le 18 janvier.<\/p>\n\n\n\n<p>Le chef de file du parti d&rsquo;extr\u00eame droite Vox, troisi\u00e8me force politique du pays, Santiago Abascal, a quant \u00e0 lui fustig\u00e9 sur X le \u00ab\u00a0tyran S\u00e1nchez\u00a0\u00bb. Il \u00ab\u00a0d\u00e9teste le peuple espagnol. Il veut le remplacer. C&rsquo;est pourquoi il entend promouvoir l&rsquo;effet d&rsquo;appel d&rsquo;air par d\u00e9cret, pour acc\u00e9l\u00e9rer l&rsquo;invasion\u00a0\u00bb.<\/p>\n\n\n\n<p>Cette r\u00e9forme fait suite \u00e0 une initiative populaire sign\u00e9e par plus de 600.000 personnes et soutenue par quelque 900 associations, qui exigeait la r\u00e9gularisation exceptionnelle de tous les immigr\u00e9s en situation irr\u00e9guli\u00e8re en Espagne.<\/p>\n","protected":false},"excerpt":{"rendered":"<p>A contre-courant de ses homologues europ\u00e9ens, le gouvernement de gauche espagnol s&rsquo;appr\u00eate \u00e0 adopter un plan de r\u00e9gularisation massif de<\/p>\n","protected":false},"author":1,"featured_media":67221,"comment_status":"open","ping_status":"open","sticky":false,"template":"","format":"standard","meta":{"footnotes":""},"categories":[26],"tags":[],"class_list":["post-67220","post","type-post","status-publish","format-standard","has-post-thumbnail","hentry","category-fait-divers"],"_links":{"self":[{"href":"https:\/\/dekkbi.com\/index.php?rest_route=\/wp\/v2\/posts\/67220","targetHints":{"allow":["GET"]}}],"collection":[{"href":"https:\/\/dekkbi.com\/index.php?rest_route=\/wp\/v2\/posts"}],"about":[{"href":"https:\/\/dekkbi.com\/index.php?rest_route=\/wp\/v2\/types\/post"}],"author":[{"embeddable":true,"href":"https:\/\/dekkbi.com\/index.php?rest_route=\/wp\/v2\/users\/1"}],"replies":[{"embeddable":true,"href":"https:\/\/dekkbi.com\/index.php?rest_route=%2Fwp%2Fv2%2Fcomments&post=67220"}],"version-history":[{"count":1,"href":"https:\/\/dekkbi.com\/index.php?rest_route=\/wp\/v2\/posts\/67220\/revisions"}],"predecessor-version":[{"id":67222,"href":"https:\/\/dekkbi.com\/index.php?rest_route=\/wp\/v2\/posts\/67220\/revisions\/67222"}],"wp:featuredmedia":[{"embeddable":true,"href":"https:\/\/dekkbi.com\/index.php?rest_route=\/wp\/v2\/media\/67221"}],"wp:attachment":[{"href":"https:\/\/dekkbi.com\/index.php?rest_route=%2Fwp%2Fv2%2Fmedia&parent=67220"}],"wp:term":[{"taxonomy":"category","embeddable":true,"href":"https:\/\/dekkbi.com\/index.php?rest_route=%2Fwp%2Fv2%2Fcategories&post=67220"},{"taxonomy":"post_tag","embeddable":true,"href":"https:\/\/dekkbi.com\/index.php?rest_route=%2Fwp%2Fv2%2Ftags&post=67220"}],"curies":[{"name":"wp","href":"https:\/\/api.w.org\/{rel}","templated":true}]}}