{"id":67212,"date":"2026-01-28T11:03:15","date_gmt":"2026-01-28T11:03:15","guid":{"rendered":"https:\/\/dekkbi.com\/?p=67212"},"modified":"2026-01-28T11:03:43","modified_gmt":"2026-01-28T11:03:43","slug":"le-delegue-general-du-quebec-evoque-la-place-de-dakar-dans-laction-diplomatique-de-son-pays","status":"publish","type":"post","link":"https:\/\/dekkbi.com\/?p=67212","title":{"rendered":"Le d\u00e9l\u00e9gu\u00e9 g\u00e9n\u00e9ral du Qu\u00e9bec \u00e9voque la place de Dakar dans l\u2019action diplomatique de son pays"},"content":{"rendered":"\n<p>Dakar, (APS) \u2013 Le d\u00e9l\u00e9gu\u00e9 g\u00e9n\u00e9ral du Qu\u00e9bec \u00e0 Dakar, Iya Tour\u00e9, a fait part de la volont\u00e9 de son pays de faire de Dakar la porte d\u2019entr\u00e9e de sa coop\u00e9ration avec les autres de la sous-r\u00e9gion, en misant sur la \u201cposition strat\u00e9gique\u201d du S\u00e9n\u00e9gal en Afrique de l\u2019Ouest et l\u2019excellence de ses relations avec la province francophone du Canada.<\/p>\n\n\n\n<p>\u201cNous voulons positionner le S\u00e9n\u00e9gal de sorte que toutes les actions du Qu\u00e9bec dans les autres pays de la sous-r\u00e9gion passent obligatoirement par ici\u201d, a-t-il d\u00e9clar\u00e9 lors d\u2019un point de presse, mardi, \u00e0 Dakar,&nbsp;au terme de ses cinq ann\u00e9es de service dans le pays.<\/p>\n\n\n\n<p>\u201cFaire du S\u00e9n\u00e9gal un hub de la diplomatie qu\u00e9b\u00e9coise en Afrique de l\u2019Ouest consistait concr\u00e8tement \u00e0 faire venir des hommes et des femmes politiques du Qu\u00e9bec pour qu\u2019ils voient ce qui se passe dans cette partie du monde. Cela nous a permis, apr\u00e8s plusieurs audiences avec les autorit\u00e9s, de signer un accord cadre de coop\u00e9ration qui r\u00e9git les rapports bilat\u00e9raux entre le S\u00e9n\u00e9gal et le Qu\u00e9bec\u201d, a indiqu\u00e9 le d\u00e9l\u00e9gu\u00e9 g\u00e9n\u00e9ral du Qu\u00e9bec.<\/p>\n\n\n\n<p>Selon Iya Tour\u00e9, le plan d\u2019action \u00e9tabli avec ses services \u00e9tait destin\u00e9 \u00e0 accroitre l\u2019action diplomatique de la mission qu\u00e9b\u00e9coise et \u00e0 \u00e9riger le S\u00e9n\u00e9gal comme point central de cette diplomatie dans la sous-r\u00e9gion, tout en intensifiant l\u2019action de son pays sur le terrain, en se donnant les moyens d\u2019atteindre ces ambitions.<\/p>\n\n\n\n<p>Cela s\u2019est traduit, dit-il, par des investissements dans les secteurs minier, au regard du grand potentiel minier que regorge le Qu\u00e9bec, \u00e9ducatif, gr\u00e2ce \u00e0 la proximit\u00e9 linguistique avec le S\u00e9n\u00e9gal, et par la mise en place d\u2019un \u201csyst\u00e8me pragmatique\u201d pourvoyeur d\u2019emploi agricole, \u00e0 travers l\u2019ambition commune des deux pays d\u2019acc\u00e9der \u00e0 la souverainet\u00e9 alimentaire et de promouvoir le partage de techniques culturales.<\/p>\n\n\n\n<p>Il a en outre \u00e9voqu\u00e9 le secteur num\u00e9rique, avec la pr\u00e9sence de filiales canadiennes sp\u00e9cialis\u00e9es dans le domaine au S\u00e9n\u00e9gal.<\/p>\n\n\n\n<p>Pour Iya Tour\u00e9, cette \u201cdiplomatie intensive\u201d a \u00e9galement abouti \u00e0 la signature en janvier 2023 d\u2019un accord de coop\u00e9ration dans des domaines d\u2019int\u00e9r\u00eat commun, la constitution du cercle d\u2019affaires S\u00e9n\u00e9gal-Qu\u00e9bec-Canada dans l\u2019optique de dynamiser les relations commerciales, le d\u00e9ploiement d\u2019un forum international sur l\u2019entreprenariat, sans compter l\u2019appui apport\u00e9 au d\u00e9veloppement d\u2019une liaison a\u00e9rienne directe Montr\u00e9al-Dakar pr\u00e9vu en juin 2026.<\/p>\n\n\n\n<p>M. Tour\u00e9 a par ailleurs pr\u00e9conis\u00e9, dans la perspective du renforcement de la coop\u00e9ration entre les deux \u00e9tats pour les ann\u00e9es \u00e0 venir, un investissement massif dans le domaine de la formation professionnelle et technique des jeunes, dans l\u2019industrie, l\u2019autonomisation des femmes ainsi que le rapprochement du S\u00e9n\u00e9gal avec le continent nord-am\u00e9ricain et une meilleure liaison des \u00e9cosyst\u00e8mes financiers.<\/p>\n\n\n\n<p><\/p>\n","protected":false},"excerpt":{"rendered":"<p>Dakar, (APS) \u2013 Le d\u00e9l\u00e9gu\u00e9 g\u00e9n\u00e9ral du Qu\u00e9bec \u00e0 Dakar, Iya Tour\u00e9, a fait part de la volont\u00e9 de son<\/p>\n","protected":false},"author":1,"featured_media":67213,"comment_status":"open","ping_status":"open","sticky":false,"template":"","format":"standard","meta":{"footnotes":""},"categories":[6],"tags":[],"class_list":["post-67212","post","type-post","status-publish","format-standard","has-post-thumbnail","hentry","category-politics"],"_links":{"self":[{"href":"https:\/\/dekkbi.com\/index.php?rest_route=\/wp\/v2\/posts\/67212","targetHints":{"allow":["GET"]}}],"collection":[{"href":"https:\/\/dekkbi.com\/index.php?rest_route=\/wp\/v2\/posts"}],"about":[{"href":"https:\/\/dekkbi.com\/index.php?rest_route=\/wp\/v2\/types\/post"}],"author":[{"embeddable":true,"href":"https:\/\/dekkbi.com\/index.php?rest_route=\/wp\/v2\/users\/1"}],"replies":[{"embeddable":true,"href":"https:\/\/dekkbi.com\/index.php?rest_route=%2Fwp%2Fv2%2Fcomments&post=67212"}],"version-history":[{"count":1,"href":"https:\/\/dekkbi.com\/index.php?rest_route=\/wp\/v2\/posts\/67212\/revisions"}],"predecessor-version":[{"id":67214,"href":"https:\/\/dekkbi.com\/index.php?rest_route=\/wp\/v2\/posts\/67212\/revisions\/67214"}],"wp:featuredmedia":[{"embeddable":true,"href":"https:\/\/dekkbi.com\/index.php?rest_route=\/wp\/v2\/media\/67213"}],"wp:attachment":[{"href":"https:\/\/dekkbi.com\/index.php?rest_route=%2Fwp%2Fv2%2Fmedia&parent=67212"}],"wp:term":[{"taxonomy":"category","embeddable":true,"href":"https:\/\/dekkbi.com\/index.php?rest_route=%2Fwp%2Fv2%2Fcategories&post=67212"},{"taxonomy":"post_tag","embeddable":true,"href":"https:\/\/dekkbi.com\/index.php?rest_route=%2Fwp%2Fv2%2Ftags&post=67212"}],"curies":[{"name":"wp","href":"https:\/\/api.w.org\/{rel}","templated":true}]}}