{"id":67204,"date":"2026-01-28T10:55:37","date_gmt":"2026-01-28T10:55:37","guid":{"rendered":"https:\/\/dekkbi.com\/?p=67204"},"modified":"2026-01-28T11:05:17","modified_gmt":"2026-01-28T11:05:17","slug":"ousmane-sonko-devant-les-senegalais-au-maroc-il-y-a-un-clerge-qui-passe-son-temps-a-faire-le-sale-boulot-dans-notre-justice","status":"publish","type":"post","link":"https:\/\/dekkbi.com\/?p=67204","title":{"rendered":"Sonko \u00abouvre sa campagne au Maroc \u00bb et fait cap sur 2029: \u00ab J\u2019appelle tous les s\u00e9n\u00e9galais \u00e0 porter le PROJET Pastef pour un changement d\u00e9finitif\u2026\u00bb"},"content":{"rendered":"\n<p>Le Premier ministre s\u00e9n\u00e9galais Ousmane Sonko a appel\u00e9 ses compatriotes \u00e0 la patience et \u00e0 la pers\u00e9v\u00e9rance lors d\u2019une rencontre avec la diaspora s\u00e9n\u00e9galaise au Maroc. Le leader de Pastef qui semble fixer l\u2019horizon 2029 comme \u00e9ch\u00e9ance du changement syst\u00e9mique promis.<br><br>Un projet qui transcende le syst\u00e8me, lanc\u00e9 un appel : \u00ab&nbsp;J\u2019appelle tous les S\u00e9n\u00e9galais \u00e0 se rendre \u00e0 l\u2019\u00e9vidence que nous leur avons vendu un Projet qui d\u00e9passe ce syst\u00e8me qu\u2019on aurait pu \u00e9carter\u2026 \u00e9liminer&nbsp;\u00bb, a lanc\u00e9 le chef du gouvernement devant ses compatriotes \u00e9tablis au royaume ch\u00e9rifien.<br><br>Par ces mots, Ousmane Sonko semble reconna\u00eetre implicitement que le changement radical initialement esp\u00e9r\u00e9 par une partie de l\u2019opinion publique ne peut s\u2019op\u00e9rer du jour au lendemain. Le Premier ministre a insist\u00e9 sur la n\u00e9cessit\u00e9 de poursuivre le projet gouvernemental malgr\u00e9 les difficult\u00e9s. \u00ab&nbsp;Nous devons poursuivre ce projet et en ce moment seulement, que nous allons atteindre le bout du tunnel avec un changement syst\u00e9mique attendu&nbsp;\u00bb, a-t-il martel\u00e9.&nbsp;<\/p>\n\n\n\n<p>SOURCE DAKARACTU<\/p>\n","protected":false},"excerpt":{"rendered":"<p>Le Premier ministre s\u00e9n\u00e9galais Ousmane Sonko a appel\u00e9 ses compatriotes \u00e0 la patience et \u00e0 la pers\u00e9v\u00e9rance lors d\u2019une rencontre<\/p>\n","protected":false},"author":1,"featured_media":67205,"comment_status":"open","ping_status":"open","sticky":false,"template":"","format":"standard","meta":{"footnotes":""},"categories":[6],"tags":[],"class_list":["post-67204","post","type-post","status-publish","format-standard","has-post-thumbnail","hentry","category-politics"],"_links":{"self":[{"href":"https:\/\/dekkbi.com\/index.php?rest_route=\/wp\/v2\/posts\/67204","targetHints":{"allow":["GET"]}}],"collection":[{"href":"https:\/\/dekkbi.com\/index.php?rest_route=\/wp\/v2\/posts"}],"about":[{"href":"https:\/\/dekkbi.com\/index.php?rest_route=\/wp\/v2\/types\/post"}],"author":[{"embeddable":true,"href":"https:\/\/dekkbi.com\/index.php?rest_route=\/wp\/v2\/users\/1"}],"replies":[{"embeddable":true,"href":"https:\/\/dekkbi.com\/index.php?rest_route=%2Fwp%2Fv2%2Fcomments&post=67204"}],"version-history":[{"count":2,"href":"https:\/\/dekkbi.com\/index.php?rest_route=\/wp\/v2\/posts\/67204\/revisions"}],"predecessor-version":[{"id":67216,"href":"https:\/\/dekkbi.com\/index.php?rest_route=\/wp\/v2\/posts\/67204\/revisions\/67216"}],"wp:featuredmedia":[{"embeddable":true,"href":"https:\/\/dekkbi.com\/index.php?rest_route=\/wp\/v2\/media\/67205"}],"wp:attachment":[{"href":"https:\/\/dekkbi.com\/index.php?rest_route=%2Fwp%2Fv2%2Fmedia&parent=67204"}],"wp:term":[{"taxonomy":"category","embeddable":true,"href":"https:\/\/dekkbi.com\/index.php?rest_route=%2Fwp%2Fv2%2Fcategories&post=67204"},{"taxonomy":"post_tag","embeddable":true,"href":"https:\/\/dekkbi.com\/index.php?rest_route=%2Fwp%2Fv2%2Ftags&post=67204"}],"curies":[{"name":"wp","href":"https:\/\/api.w.org\/{rel}","templated":true}]}}