{"id":67195,"date":"2026-01-28T10:15:48","date_gmt":"2026-01-28T10:15:48","guid":{"rendered":"https:\/\/dekkbi.com\/?p=67195"},"modified":"2026-01-28T10:15:49","modified_gmt":"2026-01-28T10:15:49","slug":"bargny-sendou-le-president-de-la-republique-a-lance-les-travaux-de-la-zone-industrielle-du-groupe-senegindia","status":"publish","type":"post","link":"https:\/\/dekkbi.com\/?p=67195","title":{"rendered":"Bargny-Sendou: le pr\u00e9sident de la R\u00e9publique a lanc\u00e9 les travaux de la zone industrielle du groupe Senegindia"},"content":{"rendered":"\n<p>Rufisque, (APS) \u2013 Le chef de l\u2019\u00c9tat a pr\u00e9sid\u00e9 une c\u00e9r\u00e9monie de pose de la premi\u00e8re pierre de la zone industrielle du groupe priv\u00e9 Senegindia \u00e0 Bargny-Sendou, dans le d\u00e9partement de Rufisque (ouest), mardi.<\/p>\n\n\n\n<p>\u2018\u2019C\u2019est la premi\u00e8re fois qu\u2019une entreprise priv\u00e9e construit une zone industrielle dans notre pays. Jusque-l\u00e0, seuls l\u2019\u00c9tat et les collectivit\u00e9s territoriales s\u2019engageaient dans l\u2019am\u00e9nagement et l\u2019\u00e9quipement de zones industrielles au S\u00e9n\u00e9gal\u2019\u2019, a signal\u00e9 le pr\u00e9sident de la R\u00e9publique apr\u00e8s avoir proc\u00e9d\u00e9 au lancement officiel des travaux du futur espace \u00e9conomique et commercial.<\/p>\n\n\n\n<p>Selon Bassirou Diomaye Faye, d\u2019autres entreprises sont sur le point d\u2019entreprendre une telle initiative avec le soutien du gouvernement.<\/p>\n\n\n\n<p>La zone industrielle du groupe Senegindia s\u2019\u00e9tendra sur 276 hectares et accueillera 400 \u00e0 450 entreprises, ce qui va g\u00e9n\u00e9rer entre 22 000 et 24 000 emplois, a indiqu\u00e9 M. Faye.<\/p>\n\n\n\n<p>Selon lui, c\u2019est un investissement dont le co\u00fbt total est \u00e9valu\u00e9 \u00e0 83 milliards de francs CFA.<\/p>\n\n\n\n<p>Le pr\u00e9sident de la R\u00e9publique s\u2019est r\u00e9joui de l\u2019initiative du groupe Senegindia et a encourag\u00e9 les partenaires financiers associ\u00e9s \u00e0 cette initiative.<\/p>\n\n\n\n<p>Il a salu\u00e9 \u2018\u2019leur engagement, leur audace et leur d\u00e9termination \u00e0 investir durablement\u2019\u2019 au S\u00e9n\u00e9gal.<\/p>\n\n\n\n<p>\u2018\u2019Nous posons ensemble un acte fort, un acte [\u2026] qui marque une \u00e9tape d\u00e9cisive sur la voie de l\u2019industrialisation de notre pays. Cet acte traduit clairement notre volont\u00e9 commune de b\u00e2tir un S\u00e9n\u00e9gal productif, souverain et industriel, conform\u00e9ment aux orientations de l\u2019Agenda national de transformation S\u00e9n\u00e9gal 2050\u2019\u2019, a dit Bassirou Diomaye Faye.<\/p>\n\n\n\n<p>Senegindia est une entreprise s\u00e9n\u00e9galaise sp\u00e9cialis\u00e9e dans la construction.<\/p>\n\n\n\n<p>Des membres du gouvernement, des d\u00e9put\u00e9s, des autorit\u00e9s administratives et coutumi\u00e8res, des diplomates et des chefs d\u2019entreprise ont pris part \u00e0 la c\u00e9r\u00e9monie.<\/p>\n\n\n\n<p>SG\/ESF<\/p>\n","protected":false},"excerpt":{"rendered":"<p>Rufisque, (APS) \u2013 Le chef de l\u2019\u00c9tat a pr\u00e9sid\u00e9 une c\u00e9r\u00e9monie de pose de la premi\u00e8re pierre de la zone<\/p>\n","protected":false},"author":1,"featured_media":67196,"comment_status":"open","ping_status":"open","sticky":false,"template":"","format":"standard","meta":{"footnotes":""},"categories":[6],"tags":[],"class_list":["post-67195","post","type-post","status-publish","format-standard","has-post-thumbnail","hentry","category-politics"],"_links":{"self":[{"href":"https:\/\/dekkbi.com\/index.php?rest_route=\/wp\/v2\/posts\/67195","targetHints":{"allow":["GET"]}}],"collection":[{"href":"https:\/\/dekkbi.com\/index.php?rest_route=\/wp\/v2\/posts"}],"about":[{"href":"https:\/\/dekkbi.com\/index.php?rest_route=\/wp\/v2\/types\/post"}],"author":[{"embeddable":true,"href":"https:\/\/dekkbi.com\/index.php?rest_route=\/wp\/v2\/users\/1"}],"replies":[{"embeddable":true,"href":"https:\/\/dekkbi.com\/index.php?rest_route=%2Fwp%2Fv2%2Fcomments&post=67195"}],"version-history":[{"count":1,"href":"https:\/\/dekkbi.com\/index.php?rest_route=\/wp\/v2\/posts\/67195\/revisions"}],"predecessor-version":[{"id":67197,"href":"https:\/\/dekkbi.com\/index.php?rest_route=\/wp\/v2\/posts\/67195\/revisions\/67197"}],"wp:featuredmedia":[{"embeddable":true,"href":"https:\/\/dekkbi.com\/index.php?rest_route=\/wp\/v2\/media\/67196"}],"wp:attachment":[{"href":"https:\/\/dekkbi.com\/index.php?rest_route=%2Fwp%2Fv2%2Fmedia&parent=67195"}],"wp:term":[{"taxonomy":"category","embeddable":true,"href":"https:\/\/dekkbi.com\/index.php?rest_route=%2Fwp%2Fv2%2Fcategories&post=67195"},{"taxonomy":"post_tag","embeddable":true,"href":"https:\/\/dekkbi.com\/index.php?rest_route=%2Fwp%2Fv2%2Ftags&post=67195"}],"curies":[{"name":"wp","href":"https:\/\/api.w.org\/{rel}","templated":true}]}}