{"id":67178,"date":"2026-01-27T16:05:49","date_gmt":"2026-01-27T16:05:49","guid":{"rendered":"https:\/\/dekkbi.com\/?p=67178"},"modified":"2026-01-27T16:55:47","modified_gmt":"2026-01-27T16:55:47","slug":"senegal-mort-tragique-de-halima-gadji-heroine-de-la-serie-maitresse-dun-homme-marie","status":"publish","type":"post","link":"https:\/\/dekkbi.com\/?p=67178","title":{"rendered":"Mort tragique de Halima Gadji, h\u00e9ro\u00efne de la s\u00e9rie \u00ab\u00a0Ma\u00eetresse d&rsquo;un homme mari\u00e9\u00a0\u00bb"},"content":{"rendered":"\n<p>La disparition de la com\u00e9dienne s\u00e9n\u00e9galaise Halima Gadji, \u00e2g\u00e9e de 36 ans, dans la nuit de ce lundi 26 au mardi 27 janvier a provoqu\u00e9 une onde de choc dans le monde artistique et culturel africain. Elle est salu\u00e9e pour son talent, son engagement et son humanit\u00e9. Elle laisse un vide consid\u00e9rable dans le paysage audiovisuel continental.<br><br>Par Christian Eboul\u00e9 &#8211; TV5.org<\/p>\n\n\n\n<p>Selon nos confr\u00e8res du quotidien&nbsp;<em>Le Soleil<\/em>, le minist\u00e8re s\u00e9n\u00e9galais de la Culture, de l\u2019artisanat et du tourisme a annonc\u00e9 dans un communiqu\u00e9 officiel, le d\u00e9c\u00e8s de la com\u00e9dienne s\u00e9n\u00e9galaise Halima Gadji, survenu dans la nuit du 26 janvier 2026. L&rsquo;\u00c9tat s\u00e9n\u00e9galais salue la m\u00e9moire d&rsquo;une artiste dont le talent et l\u2019engagement ont marqu\u00e9 durablement l&rsquo;audiovisuel s\u00e9n\u00e9galais et africain.&nbsp;<\/p>\n\n\n\n<h2 class=\"wp-block-heading\"><strong>Une onde de choc et des hommages unanimes<\/strong><\/h2>\n\n\n\n<p>D\u2019apr\u00e8s l\u2019Agence de presse s\u00e9n\u00e9galaise (APS), Halima Gadji est d\u00e9c\u00e9d\u00e9e des suites d&rsquo;un malaise. Les sources divergent, pour l&rsquo;instant, sur le lieu de son d\u00e9c\u00e8s: certaines indiquent Dakar, d\u2019autres la France. Mais depuis l\u2019annonce de ce d\u00e9c\u00e8s, de nombreuses voix rendent hommage \u00e0 l\u2019actrice s\u00e9n\u00e9galaise<\/p>\n\n\n\n<p>C\u2019est notamment le cas du rappeur fran\u00e7ais Mokobe qui \u00e9crit sur sa page Facebook&nbsp;:<em>&nbsp;\u00ab\u00a0Halima Gadji: vraiment, 2026\u2026 Je n\u2019ai pas les mots. Petite s\u0153ur, c\u2019est vraiment catastrophique. Quelle terrible nouvelle! Je suis sous le choc face \u00e0 cette terrible nouvelle. Que ton \u00e2me repose en paix, et que la terre te soit l\u00e9g\u00e8re apr\u00e8s tant d\u2019ann\u00e9es de combat, de joie et de souffrance. C\u2019est vraiment dur\u00a0\u00bb.<\/em>&nbsp;<\/p>\n\n\n\n<p>Halima Gadji na\u00eet le 25 ao\u00fbt 1989 \u00e0 Dakar, au S\u00e9n\u00e9gal, d&rsquo;un p\u00e8re s\u00e9n\u00e9galais et d&rsquo;une m\u00e8re maroco-alg\u00e9rienne. Elle grandit au sein de la communaut\u00e9 marocaine du S\u00e9n\u00e9gal, ce qui marque profond\u00e9ment son identit\u00e9 culturelle et artistique. Elle se fait conna\u00eetre du grand public gr\u00e2ce \u00e0 son interpr\u00e9tation magistrale de Mar\u00e8me Dial dans la s\u00e9rie \u00e0 succ\u00e8s \u00ab\u00a0Ma\u00eetresse d\u2019un homme mari\u00e9\u00a0\u00bb, produite par la soci\u00e9t\u00e9 de production s\u00e9n\u00e9galaise Marodi TV et diffus\u00e9e entre 2019 et 2021.&nbsp;<\/p>\n\n\n\n<p>C&rsquo;est ce r\u00f4le qu&rsquo;elle a quelque peu d\u00e9daign\u00e9 au d\u00e9part qui va finalement lui permettre de conna\u00eetre le succ\u00e8s, la propulsant m\u00eame au rang de star du petit \u00e9cran dans la plupart des pays africains francophones et au sein de la diaspora. La s\u00e9rie \u00ab\u00a0Maitresse d\u2019un homme mari\u00e9\u00a0\u00bb a en effet \u00e9t\u00e9 un ph\u00e9nom\u00e8ne sans pr\u00e9c\u00e9dent, car elle abordait de fa\u00e7on audacieuse des sujets de soci\u00e9t\u00e9 plut\u00f4t tabous jusque-l\u00e0. Gr\u00e2ce \u00e0 son interpr\u00e9tation du r\u00f4le de Mar\u00e8me Dial, Halima gadji a su incarner une femme complexe, \u00e0 la fois provocante et profond\u00e9ment humaine. Ce qui lui a permis de toucher un public tr\u00e8s large et diversifi\u00e9.&nbsp;<\/p>\n\n\n\n<h2 class=\"wp-block-heading\"><strong>Une femme qui avait bris\u00e9 le tabou de la maladie mentale<\/strong><\/h2>\n\n\n\n<p>Dans la foul\u00e9e, elle joue le r\u00f4le d\u2019Awa dans la s\u00e9rie polici\u00e8re s\u00e9n\u00e9galaise \u00ab\u00a0Sakho &amp; Mangane\u00a0\u00bb, diffus\u00e9e sur Netflix et Canal+ Afrique. Elle fait ensuite partie du casting de \u00ab\u00a0Le Futur est \u00e0 nous\u00a0\u00bb, la premi\u00e8re s\u00e9rie quotidienne en Afrique francophone de Canal+. Pr\u00e9sent\u00e9s comme\u00a0\u00ab\u00a0<em>une saga familiale avec ses \u00e9nigmes et ses secrets\u00a0\u00bb<\/em>\u00a0autour de\u00a0\u00ab\u00a0<em>quinze personnages forts, vari\u00e9s et de diff\u00e9rentes g\u00e9n\u00e9rations\u00a0\u00bb<\/em>\u00a0d\u2019Abidjan, les soixante premiers \u00e9pisodes de la s\u00e9rie sont diffus\u00e9s du lundi au vendredi \u00e0 18\u00a0h\u00a045 sur Canal+ Pop, dans tous les pays francophones d\u2019Afrique<\/p>\n\n\n\n<p>Mais entre-temps, en 2021, Halima Gadji participe au documentaire \u00ab\u00a0Don\u2019t Call me Fire\u00a0\u00bb, du r\u00e9alisateur alg\u00e9rien Oualid Khelifi. Elle y aborde alors avec une rare sinc\u00e9rit\u00e9 la question de la sant\u00e9 mentale, de la d\u00e9pression, mais aussi de l\u2019identit\u00e9, de la race et du fait de grandir entre deux cultures.<\/p>\n\n\n\n<p>La m\u00eame ann\u00e9e, elle parle de sa maladie mentale sur la cha\u00eene priv\u00e9e ivoirienne Life TV: \u00ab\u00a0<em>Je souffre de maladie mentale depuis l\u2019\u00e2ge de 11 ans, une d\u00e9pression. Je suis d\u00e9pressive. Et ma d\u00e9pression me m\u00e8ne toujours \u00e0 des tentatives de suicide. Et ce que je veux dire aux gens, c\u2019est qu\u2019une personne suicidaire ne cherche pas forc\u00e9ment \u00e0 mourir, mais plut\u00f4t \u00e0 stopper la douleur. Parce que c\u2019est une douleur qu\u2019on n\u2019arrive pas souvent \u00e0 expliquer. Et cette douleur nous fait tellement mal qu\u2019elle nous emp\u00eache de dormir, de nous concentrer, d\u2019\u00eatre heureuse\u00a0\u00bb.&nbsp;&nbsp;<\/em>&nbsp;<\/p>\n\n\n\n<p>Halima Gadji incarnait \u00e0 l\u2019\u00e9vidence une nouvelle g\u00e9n\u00e9ration de com\u00e9diennes africaines, capables de porter des r\u00f4les complexes et de susciter des d\u00e9bats de soci\u00e9t\u00e9. Elle \u00e9tait profond\u00e9ment attach\u00e9e \u00e0 la valorisation de la culture s\u00e9n\u00e9galaise. Son jeu d\u2019actrice, marqu\u00e9 par une pr\u00e9sence et une authenticit\u00e9 rares, a fait d\u2019elle une figure majeure de la sc\u00e8ne artistique s\u00e9n\u00e9galaise.&nbsp;<\/p>\n","protected":false},"excerpt":{"rendered":"<p>La disparition de la com\u00e9dienne s\u00e9n\u00e9galaise Halima Gadji, \u00e2g\u00e9e de 36 ans, dans la nuit de ce lundi 26 au<\/p>\n","protected":false},"author":1,"featured_media":67182,"comment_status":"open","ping_status":"open","sticky":false,"template":"","format":"standard","meta":{"footnotes":""},"categories":[21],"tags":[],"class_list":["post-67178","post","type-post","status-publish","format-standard","has-post-thumbnail","hentry","category-societe"],"_links":{"self":[{"href":"https:\/\/dekkbi.com\/index.php?rest_route=\/wp\/v2\/posts\/67178","targetHints":{"allow":["GET"]}}],"collection":[{"href":"https:\/\/dekkbi.com\/index.php?rest_route=\/wp\/v2\/posts"}],"about":[{"href":"https:\/\/dekkbi.com\/index.php?rest_route=\/wp\/v2\/types\/post"}],"author":[{"embeddable":true,"href":"https:\/\/dekkbi.com\/index.php?rest_route=\/wp\/v2\/users\/1"}],"replies":[{"embeddable":true,"href":"https:\/\/dekkbi.com\/index.php?rest_route=%2Fwp%2Fv2%2Fcomments&post=67178"}],"version-history":[{"count":2,"href":"https:\/\/dekkbi.com\/index.php?rest_route=\/wp\/v2\/posts\/67178\/revisions"}],"predecessor-version":[{"id":67188,"href":"https:\/\/dekkbi.com\/index.php?rest_route=\/wp\/v2\/posts\/67178\/revisions\/67188"}],"wp:featuredmedia":[{"embeddable":true,"href":"https:\/\/dekkbi.com\/index.php?rest_route=\/wp\/v2\/media\/67182"}],"wp:attachment":[{"href":"https:\/\/dekkbi.com\/index.php?rest_route=%2Fwp%2Fv2%2Fmedia&parent=67178"}],"wp:term":[{"taxonomy":"category","embeddable":true,"href":"https:\/\/dekkbi.com\/index.php?rest_route=%2Fwp%2Fv2%2Fcategories&post=67178"},{"taxonomy":"post_tag","embeddable":true,"href":"https:\/\/dekkbi.com\/index.php?rest_route=%2Fwp%2Fv2%2Ftags&post=67178"}],"curies":[{"name":"wp","href":"https:\/\/api.w.org\/{rel}","templated":true}]}}