{"id":67166,"date":"2026-01-27T12:17:34","date_gmt":"2026-01-27T12:17:34","guid":{"rendered":"https:\/\/dekkbi.com\/?p=67166"},"modified":"2026-01-27T12:17:35","modified_gmt":"2026-01-27T12:17:35","slug":"mondial-2026-la-france-se-prepare-au-senegal-en-affrontant-la-cote-divoire","status":"publish","type":"post","link":"https:\/\/dekkbi.com\/?p=67166","title":{"rendered":"Mondial 2026 \u2013 La France se pr\u00e9pare au S\u00e9n\u00e9gal en affrontant la C\u00f4te d\u2019Ivoire !"},"content":{"rendered":"\n<p>En vue de la Coupe du monde 2026, la France poursuit sa pr\u00e9paration avec un match amical programm\u00e9 face \u00e0 la C\u00f4te d\u2019Ivoire.<\/p>\n\n\n\n<p>Un accord de principe aurait \u00e9t\u00e9 trouv\u00e9 pour l\u2019organisation d\u2019un match amical entre la France et la C\u00f4te d\u2019Ivoire, le 4 juin 2026 \u00e0 Nantes. L\u2019information a \u00e9t\u00e9 r\u00e9v\u00e9l\u00e9e par le journaliste ivoirien Malick Traor\u00e9 sur le r\u00e9seau social X, en attendant une officialisation annonc\u00e9e par le pr\u00e9sident de la F\u00e9d\u00e9ration ivoirienne de football, Idriss Diallo. Cette rencontre s\u2019inscrit dans le cadre de la pr\u00e9paration des Bleus \u00e0 la Coupe du monde 2026, comme l\u2019avaient d\u00e9j\u00e0 \u00e9voqu\u00e9 plusieurs m\u00e9dias fran\u00e7ais.<\/p>\n\n\n\n<p>Le choix de la C\u00f4te d\u2019Ivoire, championne d\u2019Afrique 2023, quart de finaliste en 2025, appara\u00eet comme un test cibl\u00e9 pour l\u2019\u00e9quipe de France. En affrontant une s\u00e9lection africaine au profil athl\u00e9tique et intense, les Bleus semblent anticiper leur future opposition face au S\u00e9n\u00e9gal, qu\u2019ils retrouveront lors du Mondial. Les deux nations sont log\u00e9es dans le groupe I, aux c\u00f4t\u00e9s de la Norv\u00e8ge et d\u2019un quatri\u00e8me adversaire encore \u00e0 d\u00e9terminer.<\/p>\n\n\n\n<p>Vingt-quatre ans apr\u00e8s leur unique confrontation, remport\u00e9e par le S\u00e9n\u00e9gal lors de la Coupe du monde 2002, la France croisera de nouveau la route des Lions sur la sc\u00e8ne mondiale. Un rendez-vous attendu, charg\u00e9 de symboles, qui se pr\u00e9pare d\u00e9j\u00e0 en amont \u00e0 travers ce type de matchs amicaux.<\/p>\n\n\n\n<p>De son c\u00f4t\u00e9, le S\u00e9n\u00e9gal affine \u00e9galement sa pr\u00e9paration. Les Lions doivent affronter les \u00c9tats-Unis en mai, l\u2019un des pays h\u00f4tes de la comp\u00e9tition, et pourraient d\u00e9fier l\u2019Argentine et l\u2019Arabie saoudite en mars si les discussions aboutissent. La Coupe du monde 2026 se d\u00e9roulera du 11 juin au 19 juillet aux \u00c9tats-Unis, au Canada et au Mexique.<\/p>\n\n\n\n<p>wiwsport.com<\/p>\n","protected":false},"excerpt":{"rendered":"<p>En vue de la Coupe du monde 2026, la France poursuit sa pr\u00e9paration avec un match amical programm\u00e9 face \u00e0<\/p>\n","protected":false},"author":1,"featured_media":67167,"comment_status":"open","ping_status":"open","sticky":false,"template":"","format":"standard","meta":{"footnotes":""},"categories":[9],"tags":[],"class_list":["post-67166","post","type-post","status-publish","format-standard","has-post-thumbnail","hentry","category-sports"],"_links":{"self":[{"href":"https:\/\/dekkbi.com\/index.php?rest_route=\/wp\/v2\/posts\/67166","targetHints":{"allow":["GET"]}}],"collection":[{"href":"https:\/\/dekkbi.com\/index.php?rest_route=\/wp\/v2\/posts"}],"about":[{"href":"https:\/\/dekkbi.com\/index.php?rest_route=\/wp\/v2\/types\/post"}],"author":[{"embeddable":true,"href":"https:\/\/dekkbi.com\/index.php?rest_route=\/wp\/v2\/users\/1"}],"replies":[{"embeddable":true,"href":"https:\/\/dekkbi.com\/index.php?rest_route=%2Fwp%2Fv2%2Fcomments&post=67166"}],"version-history":[{"count":1,"href":"https:\/\/dekkbi.com\/index.php?rest_route=\/wp\/v2\/posts\/67166\/revisions"}],"predecessor-version":[{"id":67168,"href":"https:\/\/dekkbi.com\/index.php?rest_route=\/wp\/v2\/posts\/67166\/revisions\/67168"}],"wp:featuredmedia":[{"embeddable":true,"href":"https:\/\/dekkbi.com\/index.php?rest_route=\/wp\/v2\/media\/67167"}],"wp:attachment":[{"href":"https:\/\/dekkbi.com\/index.php?rest_route=%2Fwp%2Fv2%2Fmedia&parent=67166"}],"wp:term":[{"taxonomy":"category","embeddable":true,"href":"https:\/\/dekkbi.com\/index.php?rest_route=%2Fwp%2Fv2%2Fcategories&post=67166"},{"taxonomy":"post_tag","embeddable":true,"href":"https:\/\/dekkbi.com\/index.php?rest_route=%2Fwp%2Fv2%2Ftags&post=67166"}],"curies":[{"name":"wp","href":"https:\/\/api.w.org\/{rel}","templated":true}]}}