{"id":67145,"date":"2026-01-27T11:20:50","date_gmt":"2026-01-27T11:20:50","guid":{"rendered":"https:\/\/dekkbi.com\/?p=67145"},"modified":"2026-01-27T11:20:50","modified_gmt":"2026-01-27T11:20:50","slug":"le-senegal-reaffirme-son-soutien-a-la-souverainete-marocaine-sur-le-sahara","status":"publish","type":"post","link":"https:\/\/dekkbi.com\/?p=67145","title":{"rendered":"Le S\u00e9n\u00e9gal r\u00e9affirme son soutien \u00e0 la souverainet\u00e9 marocaine sur le Sahara"},"content":{"rendered":"\n<p>La R\u00e9publique du S\u00e9n\u00e9gal a renouvel\u00e9 ce lundi son soutien sans \u00e9quivoque \u00e0 l\u2019int\u00e9grit\u00e9 territoriale du Royaume du Maroc et \u00e0 sa souverainet\u00e9 sur l\u2019ensemble de son territoire national, incluant la r\u00e9gion du Sahara, selon l\u2019agence MAP.<\/p>\n\n\n\n<p>Cette position a \u00e9t\u00e9 officialis\u00e9e dans le Communiqu\u00e9 conjoint publi\u00e9 \u00e0 l\u2019issue de la Grande Commission de Coop\u00e9ration maroco-s\u00e9n\u00e9galaise, r\u00e9unie \u00e0 Rabat sous la co-pr\u00e9sidence du Chef du gouvernement marocain, Aziz Akhannouch, et du Premier ministre du S\u00e9n\u00e9gal Ousmane Sonko.<\/p>\n\n\n\n<p>Dans ce document, la partie s\u00e9n\u00e9galaise a r\u00e9it\u00e9r\u00e9 son appui total au plan d\u2019autonomie sous souverainet\u00e9 marocaine, qu\u2019elle consid\u00e8re comme \u201cla seule solution cr\u00e9dible, s\u00e9rieuse et r\u00e9aliste\u201d pour r\u00e9soudre ce diff\u00e9rend r\u00e9gional dans le cadre exclusif des Nations Unies.<\/p>\n\n\n\n<p>Le S\u00e9n\u00e9gal s\u2019est par ailleurs f\u00e9licit\u00e9 de l\u2019adoption historique, le 31 octobre 2025, de la r\u00e9solution 2797 par le Conseil de s\u00e9curit\u00e9 des Nations Unies. Cette r\u00e9solution consacre le plan d\u2019autonomie marocain, dans le cadre de la souverainet\u00e9 du Royaume, comme seule base s\u00e9rieuse, cr\u00e9dible et durable pour parvenir \u00e0 une solution politique d\u00e9finitive, rapporte l\u2019agence MAP.<\/p>\n\n\n\n<p>DAKARACTU<\/p>\n","protected":false},"excerpt":{"rendered":"<p>La R\u00e9publique du S\u00e9n\u00e9gal a renouvel\u00e9 ce lundi son soutien sans \u00e9quivoque \u00e0 l\u2019int\u00e9grit\u00e9 territoriale du Royaume du Maroc et<\/p>\n","protected":false},"author":1,"featured_media":67146,"comment_status":"open","ping_status":"open","sticky":false,"template":"","format":"standard","meta":{"footnotes":""},"categories":[6],"tags":[],"class_list":["post-67145","post","type-post","status-publish","format-standard","has-post-thumbnail","hentry","category-politics"],"_links":{"self":[{"href":"https:\/\/dekkbi.com\/index.php?rest_route=\/wp\/v2\/posts\/67145","targetHints":{"allow":["GET"]}}],"collection":[{"href":"https:\/\/dekkbi.com\/index.php?rest_route=\/wp\/v2\/posts"}],"about":[{"href":"https:\/\/dekkbi.com\/index.php?rest_route=\/wp\/v2\/types\/post"}],"author":[{"embeddable":true,"href":"https:\/\/dekkbi.com\/index.php?rest_route=\/wp\/v2\/users\/1"}],"replies":[{"embeddable":true,"href":"https:\/\/dekkbi.com\/index.php?rest_route=%2Fwp%2Fv2%2Fcomments&post=67145"}],"version-history":[{"count":1,"href":"https:\/\/dekkbi.com\/index.php?rest_route=\/wp\/v2\/posts\/67145\/revisions"}],"predecessor-version":[{"id":67147,"href":"https:\/\/dekkbi.com\/index.php?rest_route=\/wp\/v2\/posts\/67145\/revisions\/67147"}],"wp:featuredmedia":[{"embeddable":true,"href":"https:\/\/dekkbi.com\/index.php?rest_route=\/wp\/v2\/media\/67146"}],"wp:attachment":[{"href":"https:\/\/dekkbi.com\/index.php?rest_route=%2Fwp%2Fv2%2Fmedia&parent=67145"}],"wp:term":[{"taxonomy":"category","embeddable":true,"href":"https:\/\/dekkbi.com\/index.php?rest_route=%2Fwp%2Fv2%2Fcategories&post=67145"},{"taxonomy":"post_tag","embeddable":true,"href":"https:\/\/dekkbi.com\/index.php?rest_route=%2Fwp%2Fv2%2Ftags&post=67145"}],"curies":[{"name":"wp","href":"https:\/\/api.w.org\/{rel}","templated":true}]}}