{"id":67133,"date":"2026-01-27T10:55:49","date_gmt":"2026-01-27T10:55:49","guid":{"rendered":"https:\/\/dekkbi.com\/?p=67133"},"modified":"2026-01-27T10:55:50","modified_gmt":"2026-01-27T10:55:50","slug":"rencontre-preparatoire-de-la-conference-des-nations-unies-a-abu-dhabi-crise-de-leau-un-sursaut-mondial-exige","status":"publish","type":"post","link":"https:\/\/dekkbi.com\/?p=67133","title":{"rendered":"Rencontre pr\u00e9paratoire de la conf\u00e9rence des nations unies \u00e0 Abu Dhabi : crise de l\u2019eau, un sursaut mondial exig\u00e9"},"content":{"rendered":"\n<p><strong><em>Le pr\u00e9sident de la R\u00e9publique, Bassirou Diomaye Faye a ouvert ce lundi \u00e0 Diamniadio, la rencontre pr\u00e9paratoire haut niveau de la Conf\u00e9rence des Nations-Unies sur l\u2019eau pr\u00e9vue du 02 au 04 d\u00e9cembre 2026 \u00e0 Abu Dhabi, aux Emirats arabes unis. A cette occasion, le chef de l\u2019Etat a qualifi\u00e9 la crise mondiale de l\u2019eau qui affecte plus de deux milliards de personnes est \u00ab&nbsp;moralement inacceptable&nbsp;\u00bb et a plaid\u00e9 pour que la rencontre d\u2019Abu Dhabi constitue un moment d\u2019engament pour des solutions concr\u00e8tes \u00e0 ce fl\u00e9au qui constitue une menace pour la stabilit\u00e9 mondiale.<\/em><\/strong><\/p>\n\n\n\n<p>A moins de cinq ans de l\u2019\u00e9ch\u00e9ance fix\u00e9e pour l\u2019atteinte de l\u2019objectif de d\u00e9veloppement durable num\u00e9ro 6 de (ODD 6, consacr\u00e9 \u00e0 l\u2019acc\u00e8s universel \u00e0 l\u2019eau et \u00e0 l\u2019assainissement, le pr\u00e9sident de la R\u00e9publique a estim\u00e9 que la r\u00e9ussite du pari d\u2019ici 2030 est incertaine. Il a toutefois soulign\u00e9 la n\u00e9cessit\u00e9 de poursuivre les efforts dans le cadre d\u2019un multilat\u00e9ralisme renforc\u00e9, afin de permettre aux milliards de personnes confront\u00e9es au manque d\u2019eau et au d\u00e9ficit d\u2019assainissement, d\u2019acc\u00e9der \u00e0 ces besoins essentiels.<\/p>\n\n\n\n<p>Rappelant l\u2019ampleur des besoins \u00e0 l\u2019\u00e9chelle plan\u00e9taire, Bassirou Diomaye Faye a cit\u00e9 les statistiques de l\u2019Organisation des Nations Unies, selon lesquelles, \u00ab 2,2 milliards de personnes n\u2019ont toujours pas acc\u00e8s \u00e0 une eau potable s\u00fbre et pr\u00e8s de 3,5 milliards restent priv\u00e9s de services d\u2019assainissement ad\u00e9quats&nbsp;\u00bb. &nbsp;Il a ajout\u00e9 que pr\u00e8s de quatre milliards de personnes subissent chaque ann\u00e9e les effets d\u00ab une p\u00e9nurie d\u2019eau s\u00e9v\u00e8re au moins un mois par an&nbsp;\u00bb. Une situation qui constitue une menace pour la stabilit\u00e9 du monde et fragilisent les \u00e9conomies. \u00ab&nbsp;C\u2019est une situation moralement inacceptable. Et tant qu\u2019elle persistera, notre responsabilit\u00e9 collective restera engag\u00e9e, car les crises de l\u2019eau alimentent les crises alimentaires, fragilisent les \u00e9conomies, d\u00e9placent les populations et exacerbent les tensions&nbsp;\u00bb a-t-il d\u00e9clar\u00e9, rappelant que la r\u00e9solution de cette crise rel\u00e8ve la responsabilit\u00e9 collective de l\u2019ensemble des Etats.<\/p>\n\n\n\n<p>Le pr\u00e9sident Faye a soulign\u00e9 que l\u2019Afrique figure parmi les r\u00e9gions les plus touch\u00e9es, avec pr\u00e8s de 40% de la population priv\u00e9e d\u2019acc\u00e8s \u00e0 l\u2019eau potable et plus de 70% d\u00e9pourvues de services d\u2019assainissement de base. Il a \u00e9galement insist\u00e9 sur le r\u00f4le central de l\u2019eau face aux d\u00e9fis \u00e9conomiques et au changement climatique, faisant observer que \u00ab&nbsp;l\u2019eau agit sur le climat, de m\u00eame le climat d\u00e9termine la disponibilit\u00e9 et la qualit\u00e9 des ressources en eau. Et , le changement climatique perturbe consid\u00e9rablement les cycles de l\u2019eau, entra\u00eenant s\u00e9cheresse, inondations, fonte des glaces du fait du r\u00e9chauffement climatique&nbsp;\u00bb .<\/p>\n\n\n\n<p><strong><em>\u00ab&nbsp;La conf\u00e9rence d\u2019Abu Dhabi ne doit pas \u00eatre une rencontre comme les autres&nbsp;\u00bb<\/em><\/strong><\/p>\n\n\n\n<p>Face \u00e0 cette situation, le chef de l\u2019Etat a jug\u00e9 urgent de faire de la rencontre d\u2019Abu Dhabi, un moment d\u2019engagement et d\u2019action concr\u00e8te pour endiguer cette crise qui affecte une large frange de la population mondiale. Il a soulign\u00e9 l\u2019importance de cette r\u00e9union pr\u00e9paratoire de Dakar qu\u2019il a qualifi\u00e9e de \u00ab date marquante&nbsp;\u00bb au regard de la qualit\u00e9 et du nombre des participants parmi lesquels figurent des dirigeants, des experts de renom et partenaires financiers. Cette mobilisation traduit selon lui,&nbsp; \u00ab&nbsp;l\u2019importance politique que la communaut\u00e9 internationale accorde \u00e0 l\u2019eau et \u00e0 l\u2019environnement&nbsp;\u00bb.<\/p>\n\n\n\n<p>Dans cette optique, Bassirou Diomaye Faye a plaid\u00e9 pour la conf\u00e9rence pr\u00e9vue en d\u00e9cembre prochain \u00e0 Abou&nbsp; Dhabi ne soit pas un simple rendez-vous suppl\u00e9mentaire. \u00ab&nbsp;La conf\u00e9rence de 2026 ne devra pas \u00eatre une rencontre de plus, mais un moment de bascule par lequel la communaut\u00e9 internationale agira pour b\u00e2tir des r\u00e9ponses inclusives et durables face aux d\u00e9fis de l\u2019eau, du climat, en mobilisant \u00c9tats, collectivit\u00e9s territoriales, secteurs priv\u00e9s, soci\u00e9t\u00e9s civiles, scientifiques, communaut\u00e9s locales, jeunes et femmes, dans un bel \u00e9lan de solidarit\u00e9 et de compl\u00e9mentarit\u00e9&nbsp;\u00bb a-t-il soutenu.<\/p>\n\n\n\n<p>Convaincu que cette rencontre devra marquer une rupture dans la politique mondiale de l\u2019eau le pr\u00e9sident s\u00e9n\u00e9galais a appel\u00e9 \u00e0 des engagements concrets, assortis d\u2019objectifs pr\u00e9cis et mesurables, ainsi qu\u2019\u00e0 un suivi rigoureux de leur mise en \u0153uvre dans le temps et dans l\u2019espace. \u00ab La conf\u00e9rence devra apporter des engagements concrets, mesurables et suivis dans le temps. Elle devra aussi apporter une meilleure coordination des initiatives pour \u00e9viter la dispersion et une mobilisation accrue des financements pour r\u00e9aliser des investissements ad\u00e9quats&nbsp;\u00bb a-t-il affirm\u00e9.<\/p>\n\n\n\n<p>Il a \u00e9galement invit\u00e9 \u00e0 une r\u00e9flexion profonde sur les m\u00e9canismes de financement et sur l\u2019investissement dans les infrastructures hydrauliques, dont les retomb\u00e9es peuvent \u00eatre d\u00e9terminantes en mati\u00e8re d\u2019emploi et de disponibilit\u00e9 de l\u2019eau.&nbsp;\u00ab&nbsp;Les investissements, en particulier dans les infrastructures, sont capitaux pour la disponibilit\u00e9 de l\u2019eau, sa ma\u00eetrise et son utilisation. Les retours sur investissement le sont tout autant, notamment en emploi d\u00e9cent, en croissance inclusive, en r\u00e9duction des risques climatiques, en stabilit\u00e9 sociale et politique. Toutefois, l\u2019effort d\u2019investissement requis ne pourra \u00eatre soutenable sans une r\u00e9flexion renouvel\u00e9e sur les m\u00e9canismes de financement, notamment l\u2019acc\u00e8s \u00e0 des financements concessionnels, l\u2019innovation financi\u00e8re et la prise en compte du poids de la dette&nbsp;\u00bb a-t-il dit.<\/p>\n\n\n\n<p>Selon le chef de l\u2019Etat, ces investissements doivent \u00eatre coh\u00e9rents avec les besoins et les sp\u00e9cificit\u00e9s des territoires, ce qui implique l\u2019association \u00e9troite des populations \u00e0 l\u2019\u00e9laboration et \u00e0 la mise en \u0153uvre des politiques. \u00ab&nbsp;Investir dans l\u2019eau signifie investir dans un bien public mondial&nbsp;\u00bb mais cela n\u00e9cessite \u00e0 ses yeux \u00ab r\u00e9flexions collectives \u201c\u00e9quitables et adapt\u00e9es aux capacit\u00e9s de chacun. Aucune transformation durable ne sera possible sans les peuples eux-m\u00eames et avec les savoirs endog\u00e8nes, les communaut\u00e9s locales et les peuples autochtones qui sont les premiers gardiens de l\u2019eau&nbsp;\u00bb.<\/p>\n\n\n\n<p>En concluant son intervention, Bassirou Diomaye Faye a appel\u00e9 \u00e0 \u00ab&nbsp;une dynamique inclusive que nous pourrons relever les d\u00e9fis et atteindre les objectifs de la Conf\u00e9rence des Nations unies sur l\u2019eau. C\u2019est pourquoi je me r\u00e9jouis de la grande diversit\u00e9 des acteurs pr\u00e9sents ici, \u00e0 Dakar, pour la co-construction d\u2019une feuille de route pertinente et efficace&nbsp;\u00bb a d\u00e9clar\u00e9 le Pr\u00e9sident s\u00e9n\u00e9galais.<\/p>\n\n\n\n<p>Au cours de ces deux jours de travaux, plusieurs th\u00e9matiques seront abord\u00e9es, dans le cadre des ateliers., parmi lesquelles figurent \u00ab&nbsp;l\u2019eau pour les populations&nbsp;\u00bb, \u00ab&nbsp;l\u2019eau pour la prosp\u00e9rit\u00e9&nbsp;\u00bb, \u00ab&nbsp;l\u2019eau pour la plan\u00e8te&nbsp;\u00bb, \u00ab&nbsp;l\u2019eau pour la coop\u00e9ration&nbsp;\u00bb, \u00ab&nbsp;l\u2019eau dans les processus multilat\u00e9raux&nbsp;\u00bb et \u00ab&nbsp;les investissements dans le domaine de l\u2019eau&nbsp;\u00bb.<\/p>\n\n\n\n<p><strong>Daouda GUEYE<\/strong><\/p>\n","protected":false},"excerpt":{"rendered":"<p>Le pr\u00e9sident de la R\u00e9publique, Bassirou Diomaye Faye a ouvert ce lundi \u00e0 Diamniadio, la rencontre pr\u00e9paratoire haut niveau de<\/p>\n","protected":false},"author":1,"featured_media":67134,"comment_status":"open","ping_status":"open","sticky":false,"template":"","format":"standard","meta":{"footnotes":""},"categories":[6],"tags":[],"class_list":["post-67133","post","type-post","status-publish","format-standard","has-post-thumbnail","hentry","category-politics"],"_links":{"self":[{"href":"https:\/\/dekkbi.com\/index.php?rest_route=\/wp\/v2\/posts\/67133","targetHints":{"allow":["GET"]}}],"collection":[{"href":"https:\/\/dekkbi.com\/index.php?rest_route=\/wp\/v2\/posts"}],"about":[{"href":"https:\/\/dekkbi.com\/index.php?rest_route=\/wp\/v2\/types\/post"}],"author":[{"embeddable":true,"href":"https:\/\/dekkbi.com\/index.php?rest_route=\/wp\/v2\/users\/1"}],"replies":[{"embeddable":true,"href":"https:\/\/dekkbi.com\/index.php?rest_route=%2Fwp%2Fv2%2Fcomments&post=67133"}],"version-history":[{"count":1,"href":"https:\/\/dekkbi.com\/index.php?rest_route=\/wp\/v2\/posts\/67133\/revisions"}],"predecessor-version":[{"id":67135,"href":"https:\/\/dekkbi.com\/index.php?rest_route=\/wp\/v2\/posts\/67133\/revisions\/67135"}],"wp:featuredmedia":[{"embeddable":true,"href":"https:\/\/dekkbi.com\/index.php?rest_route=\/wp\/v2\/media\/67134"}],"wp:attachment":[{"href":"https:\/\/dekkbi.com\/index.php?rest_route=%2Fwp%2Fv2%2Fmedia&parent=67133"}],"wp:term":[{"taxonomy":"category","embeddable":true,"href":"https:\/\/dekkbi.com\/index.php?rest_route=%2Fwp%2Fv2%2Fcategories&post=67133"},{"taxonomy":"post_tag","embeddable":true,"href":"https:\/\/dekkbi.com\/index.php?rest_route=%2Fwp%2Fv2%2Ftags&post=67133"}],"curies":[{"name":"wp","href":"https:\/\/api.w.org\/{rel}","templated":true}]}}