{"id":67127,"date":"2026-01-27T10:51:27","date_gmt":"2026-01-27T10:51:27","guid":{"rendered":"https:\/\/dekkbi.com\/?p=67127"},"modified":"2026-01-27T10:51:28","modified_gmt":"2026-01-27T10:51:28","slug":"lardn-sallie-avec-lassociation-galien-africa-pour-promouvoir-linnovation-et-legalite-de-genre","status":"publish","type":"post","link":"https:\/\/dekkbi.com\/?p=67127","title":{"rendered":"L\u2019ARDN s\u2019allie avec l\u2019association Galien Africa pour promouvoir l\u2019innovation et l\u2019\u00e9galit\u00e9 de genre"},"content":{"rendered":"\n<p>Dakar,  (APS) \u2013 Le R\u00e9seau de la Renaissance africaine et de la diaspora (ARDN) annonce avoir sign\u00e9 \u201cun accord de coop\u00e9ration strat\u00e9gique\u201d avec l\u2019association Galien Africa, en vue de promouvoir l\u2019innovation et la recherche en sant\u00e9, l\u2019\u00e9galit\u00e9 des genres et le leadership des jeunes, \u201cdans le cadre d\u2019un partenariat gagnant-gagnant ax\u00e9 sur l\u2019action et l\u2019impact\u201d.<\/p>\n\n\n\n<p>\u201cCet accord associe l\u2019expertise de l\u2019association Galien Africa en mati\u00e8re d\u2019innovation et de recherche en sant\u00e9 et d\u2019excellence scientifique \u00e0 la capacit\u00e9 de mobilisation de la diaspora mondiale de l\u2019ARDN, \u00e0 son ancrage onusien et \u00e0 son engagement en faveur de la mise en \u0153uvre des Objectifs de d\u00e9veloppement durable (ODD)\u201d, lit-on dans un communiqu\u00e9 parvenu \u00e0 l\u2019APS.<\/p>\n\n\n\n<p>Le partenariat liant d\u00e9sormais les deux entit\u00e9s va porter notamment sur la mobilisation de la diaspora, l\u2019innovation, la recherche en sant\u00e9, le leadership f\u00e9minin, l\u2019autonomisation des jeunes et le plaidoyer international, pr\u00e9cise le communiqu\u00e9.<\/p>\n\n\n\n<p>S\u2019inscrivant dans la continuit\u00e9 de la collaboration avec l\u2019UNESCO et le syst\u00e8me des Nations unies autour des Jeux Olympiques de la Jeunesse (JOJ) Dakar 2026, le partenariat que l\u2019ARDN vient de nouer avec l\u2019association Galien Africa \u201cmet en avant le leadership des jeunes et le sport comme leviers du d\u00e9veloppement durable\u201d.<\/p>\n\n\n\n<p>Les initiatives conjointes sont align\u00e9es sur l\u2019ODD 3 (sant\u00e9), l\u2019ODD 5 (\u00e9galit\u00e9 des genres) et l\u2019ODD 17 (partenariats), contribuant ainsi \u00e0 la mise en \u0153uvre de l\u2019Agenda 2030 en Afrique et au sein de la diaspora, ajoute le communiqu\u00e9.<\/p>\n\n\n\n<p>\u201cLes d\u00e9fis du d\u00e9veloppement en Afrique exigent des solutions int\u00e9gr\u00e9es alliant innovation, recherche en sant\u00e9, leadership et coop\u00e9ration internationale\u201d, a d\u00e9clar\u00e9, \u00e0 ce sujet, la professeure Awa Marie Coll-Seck, pr\u00e9sidente de Galien Africa.<\/p>\n\n\n\n<p>\u201cCe partenariat renforce notre capacit\u00e9 \u00e0 traduire l\u2019excellence scientifique en b\u00e9n\u00e9fices concrets pour les populations, en particulier pour les femmes et les jeunes\u201d, ajoute-t-il dans des propos rapport\u00e9s par le communiqu\u00e9.<\/p>\n\n\n\n<p>Selon Djibril Diallo, \u00e9galement cit\u00e9 par le document, pr\u00e9sident-directeur g\u00e9n\u00e9ral du R\u00e9seau de la Renaissance africaine et de la diaspora, cet accord avec l\u2019association Galien Africa \u201cest op\u00e9rationnel, et non symbolique\u201d.<\/p>\n\n\n\n<p>\u201cIl positionne la diaspora comme un trait d\u2019union entre innovation, recherche en sant\u00e9, politiques publiques et mise en \u0153uvre, tout en pla\u00e7ant l\u2019\u00e9galit\u00e9 des genres, le leadership des jeunes et la mise en \u0153uvre des ODD au c\u0153ur de notre action commune\u201d, a d\u00e9clar\u00e9 M. Diallo.<\/p>\n\n\n\n<p>L\u2019association Galien Africa est une organisation \u00e0 but non lucratif enregistr\u00e9e au S\u00e9n\u00e9gal et engag\u00e9e dans la promotion de l\u2019innovation et la recherche en sant\u00e9, et le leadership africain pour le d\u00e9veloppement de la sant\u00e9 et du bien-\u00eatre des populations africaines.<\/p>\n\n\n\n<p>\u00c0 travers des plateformes telles que le Forum Galien Africa et le Prix Galien Africa, elle soutient la recherche, l\u2019innovation et la coop\u00e9ration afin de renforcer les syst\u00e8mes de sant\u00e9 et d\u2019am\u00e9liorer les r\u00e9sultats sanitaires sur le continent africain.<\/p>\n\n\n\n<p>Le R\u00e9seau de la Renaissance africaine et de la diaspora (ARDN), reconnue par le gouvernement am\u00e9ricain et les Nations unies, est sp\u00e9cialis\u00e9 dans la mobilisation de la diaspora africaine mondiale dans plus de 80 pays, afin de soutenir le d\u00e9veloppement de l\u2019Afrique et la mise en \u0153uvre de l\u2019Agenda 2030.<\/p>\n\n\n\n<p>L\u2019Agenda 2030, un&nbsp;programme de d\u00e9veloppement durable \u00e0 l\u2019horizon 2030, adopt\u00e9 en septembre 2015 par les Nations unies, est pr\u00e9sent\u00e9 comme un plan d\u2019action pour les populations, pour la plan\u00e8te, pour la prosp\u00e9rit\u00e9, pour la paix et par les partenariats.<\/p>\n\n\n\n<p>BK<\/p>\n","protected":false},"excerpt":{"rendered":"<p>Dakar, (APS) \u2013 Le R\u00e9seau de la Renaissance africaine et de la diaspora (ARDN) annonce avoir sign\u00e9 \u201cun accord de<\/p>\n","protected":false},"author":1,"featured_media":67128,"comment_status":"open","ping_status":"open","sticky":false,"template":"","format":"standard","meta":{"footnotes":""},"categories":[21],"tags":[],"class_list":["post-67127","post","type-post","status-publish","format-standard","has-post-thumbnail","hentry","category-societe"],"_links":{"self":[{"href":"https:\/\/dekkbi.com\/index.php?rest_route=\/wp\/v2\/posts\/67127","targetHints":{"allow":["GET"]}}],"collection":[{"href":"https:\/\/dekkbi.com\/index.php?rest_route=\/wp\/v2\/posts"}],"about":[{"href":"https:\/\/dekkbi.com\/index.php?rest_route=\/wp\/v2\/types\/post"}],"author":[{"embeddable":true,"href":"https:\/\/dekkbi.com\/index.php?rest_route=\/wp\/v2\/users\/1"}],"replies":[{"embeddable":true,"href":"https:\/\/dekkbi.com\/index.php?rest_route=%2Fwp%2Fv2%2Fcomments&post=67127"}],"version-history":[{"count":1,"href":"https:\/\/dekkbi.com\/index.php?rest_route=\/wp\/v2\/posts\/67127\/revisions"}],"predecessor-version":[{"id":67129,"href":"https:\/\/dekkbi.com\/index.php?rest_route=\/wp\/v2\/posts\/67127\/revisions\/67129"}],"wp:featuredmedia":[{"embeddable":true,"href":"https:\/\/dekkbi.com\/index.php?rest_route=\/wp\/v2\/media\/67128"}],"wp:attachment":[{"href":"https:\/\/dekkbi.com\/index.php?rest_route=%2Fwp%2Fv2%2Fmedia&parent=67127"}],"wp:term":[{"taxonomy":"category","embeddable":true,"href":"https:\/\/dekkbi.com\/index.php?rest_route=%2Fwp%2Fv2%2Fcategories&post=67127"},{"taxonomy":"post_tag","embeddable":true,"href":"https:\/\/dekkbi.com\/index.php?rest_route=%2Fwp%2Fv2%2Ftags&post=67127"}],"curies":[{"name":"wp","href":"https:\/\/api.w.org\/{rel}","templated":true}]}}