{"id":67074,"date":"2026-01-26T10:50:01","date_gmt":"2026-01-26T10:50:01","guid":{"rendered":"https:\/\/dekkbi.com\/?p=67074"},"modified":"2026-01-26T10:50:01","modified_gmt":"2026-01-26T10:50:01","slug":"sorties-mediatiques-del-hadji-diouf-la-fsf-se-demarque-et-appelle-a-la-retenue","status":"publish","type":"post","link":"https:\/\/dekkbi.com\/?p=67074","title":{"rendered":"Sorties m\u00e9diatiques d\u2019El Hadji Diouf : la FSF se d\u00e9marque et appelle \u00e0 la retenue"},"content":{"rendered":"\n<p>La F\u00e9d\u00e9ration s\u00e9n\u00e9galaise de football (FSF) est sortie de sa r\u00e9serve pour r\u00e9agir aux r\u00e9centes d\u00e9clarations m\u00e9diatiques de l\u2019ancien international El Hadji Ousseynou Diouf, portant notamment sur la gestion des r\u00e9compenses financi\u00e8res accord\u00e9es par l\u2019\u00c9tat du S\u00e9n\u00e9gal aux acteurs du football, ainsi que sur des questions li\u00e9es \u00e0 l\u2019actualit\u00e9 sportive internationale.<\/p>\n\n\n\n<p>Dans un communiqu\u00e9 rendu public ce dimanche 25 janvier 2026, l\u2019instance f\u00e9d\u00e9rale dit avoir pris connaissance \u00ab avec regret \u00bb de ces propos, dont elle souligne la gravit\u00e9 et la teneur. La FSF tient d\u2019embl\u00e9e \u00e0 se d\u00e9marquer \u00ab totalement \u00bb des d\u00e9clarations de l\u2019ancien capitaine des Lions, en particulier celles adress\u00e9es \u00e0 l\u2019endroit de l\u2019\u00c9tat du S\u00e9n\u00e9gal.<\/p>\n\n\n\n<p>La F\u00e9d\u00e9ration rappelle que l\u2019\u00c9tat du S\u00e9n\u00e9gal, \u00e0 travers les plus hautes autorit\u00e9s, a toujours fait preuve d\u2019une sollicitude constante et d\u2019un accompagnement institutionnel et financier sans faille en faveur du football national. \u00c0 ce titre, elle rassure l\u2019opinion publique que la question fonci\u00e8re \u00e9voqu\u00e9e par El Hadji Diouf fait l\u2019objet d\u2019une prise en charge diligente par les autorit\u00e9s comp\u00e9tentes, convaincue qu\u2019une solution appropri\u00e9e sera trouv\u00e9e.<\/p>\n\n\n\n<p>La FSF estime par ailleurs que les d\u00e9clarations publiques et l\u2019usage de la voie de presse pour formuler des revendications, qu\u2019elles soient personnelles ou collectives, ne sauraient \u00eatre cautionn\u00e9es. Elle privil\u00e9gie le dialogue r\u00e9publicain et le recours aux canaux administratifs appropri\u00e9s.<\/p>\n\n\n\n<p>Sur la responsabilit\u00e9 des propos tenus, la F\u00e9d\u00e9ration pr\u00e9cise que les d\u00e9clarations de M. El Hadji Ousseynou Diouf n\u2019engagent que sa propre personne. Bien qu\u2019il demeure une l\u00e9gende du football s\u00e9n\u00e9galais, ses opinions, exprim\u00e9es \u00e0 titre personnel, ne refl\u00e8tent en aucune mani\u00e8re la position officielle de la FSF ni celle de son Comit\u00e9 ex\u00e9cutif.<\/p>\n\n\n\n<p>S\u2019agissant de l\u2019actualit\u00e9 sportive internationale et de la gouvernance du football mondial, la FSF tient \u00e9galement \u00e0 marquer une nette d\u00e9marcation. Elle rappelle que sa politique internationale est d\u00e9finie par son Comit\u00e9 ex\u00e9cutif et s\u2019exprime exclusivement par la voix de son pr\u00e9sident ou de ses porte-parole officiels, dans le strict respect des r\u00e8gles diplomatiques et des relations de bon voisinage avec les instances s\u0153urs&#8230;<\/p>\n\n\n\n<figure class=\"wp-block-image\"><a href=\"javascript:void(0)\"><img decoding=\"async\" src=\"https:\/\/www.dakaractu.com\/photo\/art\/default\/93892676-65539177.jpg?v=1769377260\" alt=\"Sorties m\u00e9diatiques d\u2019El Hadji Diouf : la FSF se d\u00e9marque et appelle \u00e0 la retenue\" title=\"Sorties m\u00e9diatiques d\u2019El Hadji Diouf : la FSF se d\u00e9marque et appelle \u00e0 la retenue\"\/><\/a><\/figure>\n\n\n\n<figure class=\"wp-block-image\"><a href=\"javascript:void(0)\"><img decoding=\"async\" src=\"https:\/\/www.dakaractu.com\/photo\/art\/default\/93892676-65539179.jpg?v=1769377270\" alt=\"Sorties m\u00e9diatiques d\u2019El Hadji Diouf : la FSF se d\u00e9marque et appelle \u00e0 la retenue\" title=\"Sorties m\u00e9diatiques d\u2019El Hadji Diouf : la FSF se d\u00e9marque et appelle \u00e0 la retenue\"\/><\/a><\/figure>\n\n\n\n<figure class=\"wp-block-image\"><a href=\"javascript:void(0)\"><img decoding=\"async\" src=\"https:\/\/www.dakaractu.com\/photo\/art\/default\/93892676-65539182.jpg?v=1769377280\" alt=\"Sorties m\u00e9diatiques d\u2019El Hadji Diouf : la FSF se d\u00e9marque et appelle \u00e0 la retenue\" title=\"Sorties m\u00e9diatiques d\u2019El Hadji Diouf : la FSF se d\u00e9marque et appelle \u00e0 la retenue\"\/><\/a><\/figure>\n\n\n\n<p>Autres articles<\/p>\n","protected":false},"excerpt":{"rendered":"<p>La F\u00e9d\u00e9ration s\u00e9n\u00e9galaise de football (FSF) est sortie de sa r\u00e9serve pour r\u00e9agir aux r\u00e9centes d\u00e9clarations m\u00e9diatiques de l\u2019ancien international<\/p>\n","protected":false},"author":1,"featured_media":31422,"comment_status":"open","ping_status":"open","sticky":false,"template":"","format":"standard","meta":{"footnotes":""},"categories":[9],"tags":[],"class_list":["post-67074","post","type-post","status-publish","format-standard","has-post-thumbnail","hentry","category-sports"],"_links":{"self":[{"href":"https:\/\/dekkbi.com\/index.php?rest_route=\/wp\/v2\/posts\/67074","targetHints":{"allow":["GET"]}}],"collection":[{"href":"https:\/\/dekkbi.com\/index.php?rest_route=\/wp\/v2\/posts"}],"about":[{"href":"https:\/\/dekkbi.com\/index.php?rest_route=\/wp\/v2\/types\/post"}],"author":[{"embeddable":true,"href":"https:\/\/dekkbi.com\/index.php?rest_route=\/wp\/v2\/users\/1"}],"replies":[{"embeddable":true,"href":"https:\/\/dekkbi.com\/index.php?rest_route=%2Fwp%2Fv2%2Fcomments&post=67074"}],"version-history":[{"count":1,"href":"https:\/\/dekkbi.com\/index.php?rest_route=\/wp\/v2\/posts\/67074\/revisions"}],"predecessor-version":[{"id":67075,"href":"https:\/\/dekkbi.com\/index.php?rest_route=\/wp\/v2\/posts\/67074\/revisions\/67075"}],"wp:featuredmedia":[{"embeddable":true,"href":"https:\/\/dekkbi.com\/index.php?rest_route=\/wp\/v2\/media\/31422"}],"wp:attachment":[{"href":"https:\/\/dekkbi.com\/index.php?rest_route=%2Fwp%2Fv2%2Fmedia&parent=67074"}],"wp:term":[{"taxonomy":"category","embeddable":true,"href":"https:\/\/dekkbi.com\/index.php?rest_route=%2Fwp%2Fv2%2Fcategories&post=67074"},{"taxonomy":"post_tag","embeddable":true,"href":"https:\/\/dekkbi.com\/index.php?rest_route=%2Fwp%2Fv2%2Ftags&post=67074"}],"curies":[{"name":"wp","href":"https:\/\/api.w.org\/{rel}","templated":true}]}}