{"id":67068,"date":"2026-01-26T10:41:13","date_gmt":"2026-01-26T10:41:13","guid":{"rendered":"https:\/\/dekkbi.com\/?p=67068"},"modified":"2026-01-26T11:06:01","modified_gmt":"2026-01-26T11:06:01","slug":"avant-premiere-de-liti-liti-de-mamadou-khouma-gueye-quand-le-progres-engendre-le-drame-social","status":"publish","type":"post","link":"https:\/\/dekkbi.com\/?p=67068","title":{"rendered":"Avant-premi\u00e8re de \u00abLiti Liti\u00bb de Mamadou Khouma Gu\u00e8ye : Quand le progr\u00e8s engendre le drame social"},"content":{"rendered":"\n<p><strong>Faut-il \u00e9viter co\u00fbte que co\u00fbte le drame social au point d\u2019oublier le progr\u00e8s ? La question va certainement tarauder l\u2019esprit du t\u00e9l\u00e9spectateur apr\u00e8s avoir regard\u00e9 \u00abLiti Liti\u00bb. Ce documentaire retrace le d\u00e9guerpissement des emprises sur le trac\u00e9 du Train express regional (Ter).&nbsp;<\/strong><\/p>\n\n\n\n<p><strong>Par Malick GAYE \u2013<\/strong>&nbsp;Peut-on faire des omelettes sans casser d\u2019\u0153ufs ? Mamadou Khma Gu\u00e8ye \u00aba essay\u00e9\u00bb. Le r\u00e9alisateur n\u2019a pas r\u00e9alis\u00e9 le plat, loin de l\u00e0. Il a juste pos\u00e9 le d\u00e9bat sur notre relation avec le progr\u00e8s. Essayer d\u2019am\u00e9liorer consid\u00e9rablement la vie de 300 mille personnes qui em\u00adprun\u00adtent le Train express r\u00e9gional (Ter) chaque jour, tout en permettant \u00e0 l\u2019Etat d\u2019empocher de l\u2019argent pour financer la sant\u00e9, l\u2019\u00e9ducation, etc., de 18 millions de S\u00e9n\u00e9galais, vaut-il le coup de chambouler pro\u00adfond\u00e9ment la vie sociale de 250 mille personnes ? A la sortie de l\u2019avant-premi\u00e8re du film Liti Liti samedi dernier au Mus\u00e9e des civilisations noires (Mcn), ils \u00e9taient nombreux \u00e0 se poser cette question. Dans ce documentaire d\u2019une heure quatre minutes, Mamadou Khouma Gu\u00e8ye se contente de filmer sa m\u00e8re durant la p\u00e9riode de la construction du chemin de fer devant relier Dakar \u00e0 Diamniadio. Si certains y ont vu une formi\u00addable d\u00e9claration d\u2019amour, d\u2019autres y d\u00e9couvrent la face hideuse de la relation entre gouvernants et gouvern\u00e9s. En effet, \u00e0 Guinaw Rail, le trac\u00e9 du Ter a contraint des milliers de famille \u00e0 d\u00e9guerpir des lieux pour utilit\u00e9 publique. Un d\u00e9guerpissement qui s\u2019est fait dans la douleur pour certains. La m\u00e8re de Mamadou Khouma Gu\u00e8ye y a pass\u00e9 40 longues ann\u00e9es de sa vie. 40 ans \u00e0 b\u00e2tir une vie. 4 d\u00e9cennies \u00e0 voir ses fils devenir des hommes et affronter la vie. Un bon matin, elle re\u00e7oit l\u2019ordre de quitter les lieux. Un d\u00e9sarroi qui a raison de sa sant\u00e9. M\u00eame si la cam\u00e9ra ne le dit pas, tout semble fait pour lier le d\u00e9guerpissement \u00e0 l\u2019accident vasculaire c\u00e9r\u00e9bral de la dame. Que vont devenir ces familles qui avaient b\u00e2ti leur existence dans ce quartier ? C\u2019est une question qui ne quitte pas l\u2019esprit du t\u00e9l\u00e9s\u00adpectateur. Profond\u00e9ment politi\u00adque, la cam\u00e9ra de Mamadou Khouma Gu\u00e8ye fait le choix du silence sur cette question. Ce qui va \u00eatre lourd de sens pour le t\u00e9l\u00e9spectateur. Pour autant, le r\u00e9alisateur n\u2019a pas manqu\u00e9 de souligner que le d\u00e9guerpissement a pr\u00e9c\u00e9d\u00e9 le versement des indemnit\u00e9s d\u2019expropriation. Ce qui ne va pas aider le t\u00e9l\u00e9spectateur, qui va se morfondre dans des questions existentielles tout au long du film. Ces s\u00e9quences renforcent ceux qui estiment que les gouvernants ne sont, en r\u00e9alit\u00e9, obnubil\u00e9s que par le bilan et non par l\u2019am\u00e9lioration des conditions de vie des citoyens.<br>Cette projection a \u00e9t\u00e9 une aubaine pour le d\u00e9put\u00e9 nationaliste Guy Marius Sagna, qui s\u2019est livr\u00e9 \u00e0 son sport favori : tirer sur l\u2019ancien r\u00e9gime. En effet, lors du panel qui a suivi, il n\u2019a pas manqu\u00e9 de critiquer Macky Sall. \u00abMamadou a parl\u00e9 pour tous les impact\u00e9s, du Ter, du p\u00e9age, de l\u2019Aibd. Je comprends l\u2019attachement que le film a montr\u00e9. Le film raconte une histoire qui n\u2019est pas encore termin\u00e9e. Les indemnisations ne sont pas boucl\u00e9es 10 ans apr\u00e8s. Le bilan social est lourd. Des gens sont morts, des familles disloqu\u00e9es, l\u2019impact social est inchiffrable. Est-ce qu\u2019une campagne \u00e9lectorale ou des projets bling bling valent \u00e7a&nbsp;?\u00bb, s\u2019est-il interrog\u00e9, tout en occultant le fait que le d\u00e9put\u00e9 qu\u2019il est peut faire avancer les choses. Le d\u00e9put\u00e9 a fustig\u00e9 la v\u00e9tust\u00e9 des textes r\u00e9glementaires sur l\u2019indemnisation. Pour lui, leur r\u00e9vision est une urgence. Doit-on lui expliquer que c\u2019est son travail ?<\/p>\n\n\n\n<p><strong>Le film va sortir en salle au mois d\u2019avril prochain&nbsp;<\/strong><br>En attendant, faut-il rappeler le contexte des projets comme le Ter ? Le S\u00e9n\u00e9gal est un pays dont la population double chaque demi-si\u00e8cle. La r\u00e9gion de Dakar concentre \u00e0 elle seule 25% des 18 millions d\u2019habitants du pays et fait moins de 1% de la superficie du pays. L\u2019ancien r\u00e9gime avait fait le choix d\u2019investir dans le transport de masse. C\u2019est dans cette logique que les autoponts ont \u00e9t\u00e9 construits. Ils devaient faire le lien avec le Bus rapid transit (Brt) dont une expansion est pr\u00e9vue, et le Ter qui doit aussi relier les d\u00e9partements de Thi\u00e8s et de Mbour. L\u2019objectif global est de contraindre les populations \u00e0 habiter dans d\u2019autres zones tout en ayant l\u2019assurance de relier la capitale en un temps record. C\u2019est l\u2019autre nom du d\u00e9veloppement. Est-ce qu\u2019il est possible d\u2019atteindre ce niveau sans cons\u00e9quences n\u00e9fastes sur le plan social ? La r\u00e9ponse est n\u00e9gative. Seulement, dans l\u2019histoire, aucun progr\u00e8s n\u2019a pu se faire sans cons\u00e9quences sociales. Il faut peser le pour et le contre, et assumer son choix !<br><strong>mgaye@lequotidien.sn<\/strong><\/p>\n","protected":false},"excerpt":{"rendered":"<p>Faut-il \u00e9viter co\u00fbte que co\u00fbte le drame social au point d\u2019oublier le progr\u00e8s ? La question va certainement tarauder l\u2019esprit<\/p>\n","protected":false},"author":1,"featured_media":67069,"comment_status":"open","ping_status":"open","sticky":false,"template":"","format":"standard","meta":{"footnotes":""},"categories":[21],"tags":[],"class_list":["post-67068","post","type-post","status-publish","format-standard","has-post-thumbnail","hentry","category-societe"],"_links":{"self":[{"href":"https:\/\/dekkbi.com\/index.php?rest_route=\/wp\/v2\/posts\/67068","targetHints":{"allow":["GET"]}}],"collection":[{"href":"https:\/\/dekkbi.com\/index.php?rest_route=\/wp\/v2\/posts"}],"about":[{"href":"https:\/\/dekkbi.com\/index.php?rest_route=\/wp\/v2\/types\/post"}],"author":[{"embeddable":true,"href":"https:\/\/dekkbi.com\/index.php?rest_route=\/wp\/v2\/users\/1"}],"replies":[{"embeddable":true,"href":"https:\/\/dekkbi.com\/index.php?rest_route=%2Fwp%2Fv2%2Fcomments&post=67068"}],"version-history":[{"count":1,"href":"https:\/\/dekkbi.com\/index.php?rest_route=\/wp\/v2\/posts\/67068\/revisions"}],"predecessor-version":[{"id":67070,"href":"https:\/\/dekkbi.com\/index.php?rest_route=\/wp\/v2\/posts\/67068\/revisions\/67070"}],"wp:featuredmedia":[{"embeddable":true,"href":"https:\/\/dekkbi.com\/index.php?rest_route=\/wp\/v2\/media\/67069"}],"wp:attachment":[{"href":"https:\/\/dekkbi.com\/index.php?rest_route=%2Fwp%2Fv2%2Fmedia&parent=67068"}],"wp:term":[{"taxonomy":"category","embeddable":true,"href":"https:\/\/dekkbi.com\/index.php?rest_route=%2Fwp%2Fv2%2Fcategories&post=67068"},{"taxonomy":"post_tag","embeddable":true,"href":"https:\/\/dekkbi.com\/index.php?rest_route=%2Fwp%2Fv2%2Ftags&post=67068"}],"curies":[{"name":"wp","href":"https:\/\/api.w.org\/{rel}","templated":true}]}}