{"id":67060,"date":"2026-01-26T10:13:04","date_gmt":"2026-01-26T10:13:04","guid":{"rendered":"https:\/\/dekkbi.com\/?p=67060"},"modified":"2026-01-26T10:13:05","modified_gmt":"2026-01-26T10:13:05","slug":"diamniadio-abrite-a-partir-de-lundi-la-reunion-preparatoire-de-haut-niveau-de-la-conference-des-nations-unies-sur-leau","status":"publish","type":"post","link":"https:\/\/dekkbi.com\/?p=67060","title":{"rendered":"Diamniadio abrite, \u00e0 partir de lundi, la R\u00e9union pr\u00e9paratoire de haut niveau de la Conf\u00e9rence des Nations Unies sur l\u2019Eau"},"content":{"rendered":"\n<p>Dakar, (APS) \u2013 Le centre de conf\u00e9rences international Abdou Diouf de Diamniadio (CICAD) abrite, \u00e0 partir de lundi, la R\u00e9union pr\u00e9paratoire de haut niveau de la Conf\u00e9rence des Nations Unies sur l\u2019Eau 2026 qui sera co-organis\u00e9e par le S\u00e9n\u00e9gal et les \u00c9mirats arabes unis.<\/p>\n\n\n\n<p>Le chef de l\u2019Etat Bassirou Diomaye Faye pr\u00e9sidera la c\u00e9r\u00e9monie d\u2019ouverture de cette rencontre de deux jours organis\u00e9e en collaboration avec les Nations Unies et avec le soutien des autres partenaires, indique un communiqu\u00e9 transmis \u00e0 l\u2019APS.<\/p>\n\n\n\n<p>La m\u00eame source rappelle qu\u2019afin de garantir la pr\u00e9paration efficace de la Conf\u00e9rence qui aura lieu en d\u00e9cembre prochain \u00e0 Abu Dhabi, l\u2019Assembl\u00e9e g\u00e9n\u00e9rale de l\u2019ONU a approuv\u00e9 l\u2019offre du S\u00e9n\u00e9gal d\u2019organiser une r\u00e9union internationale de haut niveau \u00e0 Dakar.<\/p>\n\n\n\n<p>La R\u00e9union de Dakar, qui se tient pr\u00e8s d\u2019un an avant la Conf\u00e9rence, est pr\u00e9sent\u00e9e comme \u2018\u2019une \u00e9tape importante dans l\u2019\u00e9laboration de la feuille de route menant vers les \u00c9mirats arabes unis\u2019\u2019.<\/p>\n\n\n\n<p>Le communiqu\u00e9 rel\u00e8ve que \u201ddix ans apr\u00e8s l\u2019adoption de l\u2019Agenda 2030 et de ses Objectifs de d\u00e9veloppement durable (ODD), le monde est loin d\u2019atteindre l\u2019ODD 6\u201d, visant \u00e0 assurer l\u2019acc\u00e8s universel \u00e0 l\u2019eau potable, \u00e0 l\u2019assainissement et \u00e0 l\u2019hygi\u00e8ne d\u2019ici 2030.<\/p>\n\n\n\n<p>Le document cite \u00e9galement le dernier rapport, \u201dThe sustainable development goals report 2025\u201d (Rapport sur les Objectifs de d\u00e9veloppement durable des Nations Unis 2025), qui signale que \u201dmalgr\u00e9 les progr\u00e8s constants entre 2015 et 2024, 2,2 milliards de personnes n\u2019avaient pas acc\u00e8s \u00e0 des services d\u2019alimentation en eau potable g\u00e9r\u00e9s en toute s\u00e9curit\u00e9\u201d.<\/p>\n\n\n\n<p>Selon le m\u00eame rapport, \u201d3,4 milliards de personnes \u00e9taient priv\u00e9es de services d\u2019assainissement g\u00e9r\u00e9s en toute s\u00e9curit\u00e9 et 1,7 milliard de personnes n\u2019avaient pas acc\u00e8s \u00e0 des services d\u2019hygi\u00e8ne de base \u00e0 domicile\u201d.<\/p>\n\n\n\n<p>Les organisateurs de la r\u00e9union de Diamniadio estiment qu\u2019\u00e0 l\u2019approche des cinq derni\u00e8res ann\u00e9es de l\u2019Agenda 2030 et de ses ODD, \u201dle monde doit intensifier les investissements, les innovations, les volont\u00e9s politiques, les partenariats, les actions collectives avec un esprit de solidarit\u00e9\u201d.<\/p>\n\n\n\n<p>La Conf\u00e9rence des Nations Unies sur l\u2019eau 2026 est pr\u00e9vue en d\u00e9cembre \u00e0 Abu Dhabi. Elle est co-organis\u00e9e par les \u00c9mirats arabes unis et le S\u00e9n\u00e9gal.<\/p>\n\n\n\n<p>OID\/ADL<\/p>\n","protected":false},"excerpt":{"rendered":"<p>Dakar, (APS) \u2013 Le centre de conf\u00e9rences international Abdou Diouf de Diamniadio (CICAD) abrite, \u00e0 partir de lundi, la R\u00e9union<\/p>\n","protected":false},"author":1,"featured_media":41102,"comment_status":"open","ping_status":"open","sticky":false,"template":"","format":"standard","meta":{"footnotes":""},"categories":[3],"tags":[],"class_list":["post-67060","post","type-post","status-publish","format-standard","has-post-thumbnail","hentry","category-event-more-news"],"_links":{"self":[{"href":"https:\/\/dekkbi.com\/index.php?rest_route=\/wp\/v2\/posts\/67060","targetHints":{"allow":["GET"]}}],"collection":[{"href":"https:\/\/dekkbi.com\/index.php?rest_route=\/wp\/v2\/posts"}],"about":[{"href":"https:\/\/dekkbi.com\/index.php?rest_route=\/wp\/v2\/types\/post"}],"author":[{"embeddable":true,"href":"https:\/\/dekkbi.com\/index.php?rest_route=\/wp\/v2\/users\/1"}],"replies":[{"embeddable":true,"href":"https:\/\/dekkbi.com\/index.php?rest_route=%2Fwp%2Fv2%2Fcomments&post=67060"}],"version-history":[{"count":1,"href":"https:\/\/dekkbi.com\/index.php?rest_route=\/wp\/v2\/posts\/67060\/revisions"}],"predecessor-version":[{"id":67061,"href":"https:\/\/dekkbi.com\/index.php?rest_route=\/wp\/v2\/posts\/67060\/revisions\/67061"}],"wp:featuredmedia":[{"embeddable":true,"href":"https:\/\/dekkbi.com\/index.php?rest_route=\/wp\/v2\/media\/41102"}],"wp:attachment":[{"href":"https:\/\/dekkbi.com\/index.php?rest_route=%2Fwp%2Fv2%2Fmedia&parent=67060"}],"wp:term":[{"taxonomy":"category","embeddable":true,"href":"https:\/\/dekkbi.com\/index.php?rest_route=%2Fwp%2Fv2%2Fcategories&post=67060"},{"taxonomy":"post_tag","embeddable":true,"href":"https:\/\/dekkbi.com\/index.php?rest_route=%2Fwp%2Fv2%2Ftags&post=67060"}],"curies":[{"name":"wp","href":"https:\/\/api.w.org\/{rel}","templated":true}]}}