{"id":67054,"date":"2026-01-26T09:59:03","date_gmt":"2026-01-26T09:59:03","guid":{"rendered":"https:\/\/dekkbi.com\/?p=67054"},"modified":"2026-01-26T09:59:03","modified_gmt":"2026-01-26T09:59:03","slug":"thies-fatou-diouf-inaugure-le-nouveau-marche-central-au-poisson-un-hub-regional-de-distribution-de-produits-halieutiques","status":"publish","type":"post","link":"https:\/\/dekkbi.com\/?p=67054","title":{"rendered":"Thi\u00e8s : Fatou Diouf inaugure le nouveau march\u00e9 central au poisson, un \u201dhub r\u00e9gional de distribution de produits halieutiques\u201d"},"content":{"rendered":"\n<p>Thi\u00e8s,  (APS) \u2013 La ministre des P\u00eaches et de l\u2019Economie maritime Fatou Diouf a inaugur\u00e9, samedi, le march\u00e9 central au poisson de Thi\u00e8s, \u201dun hub r\u00e9gional de distribution de produits halieutiques\u201d dont la construction a \u00e9t\u00e9 enti\u00e8rement financ\u00e9e sur fonds propres par l\u2019Agence nationale des affaires maritimes (ANAM) pour un co\u00fbt de plus de 2 milliards de FCFA.<\/p>\n\n\n\n<p>\u201dImplant\u00e9 \u00e0 un carrefour strat\u00e9gique, ce march\u00e9 a \u00e9t\u00e9 imagin\u00e9 comme un hub r\u00e9gional de distribution de produits halieutiques\u201d, a dit Fatou Diouf, lors de la c\u00e9r\u00e9monie d\u2019inauguration.<\/p>\n\n\n\n<p>L\u2019infrastructure \u201dest dot\u00e9 d\u2019\u00e9quipements modernes, conformes aux standards sanitaires, avec une capacit\u00e9 de traitement de 8.000 tonnes par an et des dispositifs favorisant la conservation, la tra\u00e7abilit\u00e9 et la tra\u00e7abilit\u00e9 dans des conditions optimales\u201d, a-t-elle pr\u00e9cis\u00e9.<\/p>\n\n\n\n<p>Situ\u00e9 \u00e0 Diassap \u00e0 la sortie de Thi\u00e8s, sur la route de Tivaouane, le march\u00e9 central au poisson, b\u00e2ti sur 3.200 m\u00e8tres-carr\u00e9s, est le \u201dfruit d\u2019un investissement de plus de 2 milliards de francs enti\u00e8rement financ\u00e9 sur les fonds propres de l\u2019Agence nationale des affaires maritimes\u201d, selon B\u00e9caye Diop, directeur g\u00e9n\u00e9ral de l\u2019ANAM.<\/p>\n\n\n\n<p>Il compte \u201d300 \u00e9tals modernes et fonctionnels\u201d et une zone d\u2019\u00e9caillage et de pr\u00e9paration sp\u00e9cifique, a renseign\u00e9 M. Diop, lors de la c\u00e9r\u00e9monie d\u2019inauguration.<\/p>\n\n\n\n<p>Pour garantir la fra\u00eecheur et la qualit\u00e9, \u2018\u2019il sera dot\u00e9 de cinq chambres froides de grande capacit\u00e9 et deux unit\u00e9s de fabrique de glace autonomes\u201d, a dit le DG de l\u2019ANAM.<\/p>\n\n\n\n<p>Selon lui, \u201d\u2019le confort de tous est au c\u0153ur de cette vision avec un b\u00e2timent R+2 d\u00e9di\u00e9 au repos des usagers, une mosqu\u00e9e accueillante pour le recueillement et des toilettes publiques modernes\u201d.<\/p>\n\n\n\n<p>Il a annonc\u00e9 que le site sera \u00e9quip\u00e9 d\u2019un ch\u00e2teau d\u2019eau \u201dpour un approvisionnement constant en eau\u201d, de deux salles de r\u00e9union \u00e9quip\u00e9es pour \u201dfaciliter les \u00e9changes professionnels et un restaurant\u2019\u2019.<\/p>\n\n\n\n<p>\u2018\u2019Ce march\u00e9 int\u00e9grera un syst\u00e8me de retraitement des eaux us\u00e9es de pointe et l\u2019int\u00e9gralit\u00e9 de l\u2019\u00e9clairage public ainsi que l\u2019addiction d\u2019eau seront g\u00e9r\u00e9s par des panneaux solaires, faisant de ce projet un mod\u00e8le d\u2019autonomie \u00e9nerg\u00e9tique et de respect de l\u2019environnement\u2019\u2019, a-t-il promis.<\/p>\n\n\n\n<p>\u2018<strong>\u2018Corriger l\u2019absence d\u2019infrastructures adapt\u00e9es\u201d<\/strong><\/p>\n\n\n\n<p>Pour la ministre des P\u00eaches et de l\u2019Economie maritime, la r\u00e9alisation de ce march\u00e9 moderne vient \u201dcorriger des dysfonctionnements\u201d li\u00e9s \u00e0 \u201dl\u2019absence d\u2019infrastructures adapt\u00e9es\u201d, qui a longtemps constitu\u00e9 une des \u201dcontraintes majeures\u201d dans cette r\u00e9gion \u00e0 fort potentiel halieutique.<\/p>\n\n\n\n<p>Ces difficult\u00e9s avaient pour noms : \u201dpertes post-captures \u00e9lev\u00e9es ma\u00eetrise insuffisante de la cha\u00eene de froid, circuits de commercialisation peu structur\u00e9s au niveau local\u201d.<\/p>\n\n\n\n<p>La ministre a soulign\u00e9 la \u201dplace singuli\u00e8re et strat\u00e9gique\u201d de la r\u00e9gion de Thi\u00e8s dans le secteur halieutique national gr\u00e2ce \u00e0 ses ressources et au \u201ddynamisme\u201d de ses acteurs.<\/p>\n\n\n\n<p>La r\u00e9gion de Thi\u00e8s \u201dincarne, selon elle, la vitalit\u00e9, la r\u00e9silience et le potentiel de croissance du secteur\u201d de la p\u00eache, avec les volumes de d\u00e9barquements issus de la Petite C\u00f4te et de la Grande C\u00f4te, qu\u2019elle concentre, en sus d\u2019une \u201dproduction annuelle estim\u00e9e \u00e0 plus de 130.000 tonnes, pour une valeur commerciale d\u00e9passant les 80 milliards de FCFA\u201d.<\/p>\n\n\n\n<p>La r\u00e9gion compte \u201d54 fermes aquacoles, traduisant une diversification progressive et prometteuse des activit\u00e9s halieutiques\u201d, a encore relev\u00e9 Fatou Diouf, non sans ajouter que \u201dce potentiel exceptionnel devait \u00eatre imp\u00e9rativement soutenu par des infrastructures modernes, capables de r\u00e9pondre aux exigences de qualit\u00e9, de conservation, de tra\u00e7abilit\u00e9 et de comp\u00e9titivit\u00e9\u201d.<\/p>\n\n\n\n<p>\u201dThi\u00e8s n\u2019est pas un simple espace de transit, mais un v\u00e9ritable poumon halieutique, un trait d\u2019union naturelle entre la Grande C\u00f4te et la Petite C\u00f4te, entre la production, la transformation et la consommation des produits de la mer\u201d, a soulign\u00e9 l\u2019officiel.<\/p>\n\n\n\n<p><strong>\u201dUne \u00e9tape d\u00e9cisive dans la transformation de la fili\u00e8re halieutique\u201d<\/strong><\/p>\n\n\n\n<p>Pour Fatou Diouf, cette c\u00e9r\u00e9monie \u201dmarque une \u00e9tape d\u00e9cisive dans la transformation de la fili\u00e8re halieutique s\u00e9n\u00e9galaise, en parfaite coh\u00e9rence avec les orientations de la Vision S\u00e9n\u00e9gal 2050\u201d.<\/p>\n\n\n\n<p>Ce march\u00e9 incarne, selon elle, une \u201dr\u00e9appropriation de notre cha\u00eene de valeurs halieutique, un outil de justice \u00e9conomique pour les acteurs de la p\u00eache et un levier de s\u00e9curit\u00e9 alimentaire pour les populations\u201d.<\/p>\n\n\n\n<p>Par cet \u00e9quipement l\u2019\u00c9tat affirme son \u201dr\u00f4le de r\u00e9gulateur\u201d, dit-elle.<\/p>\n\n\n\n<p>Le March\u00e9 central au poisson de Thi\u00e8s \u201ds\u2019inscrit dans la Lettre de politique sectorielle du minist\u00e8re des P\u00eaches et de l\u2019Economie maritime 2025-2029, notamment \u00e0 travers la modernisation des infrastructures productives, la structuration et la formalisation des march\u00e9s, la professionnalisation des acteurs et le renforcement d\u2019une gouvernance durable des ressources halieutiques\u201d, a d\u00e9clar\u00e9 la ministre.<\/p>\n\n\n\n<p>Selon elle, \u201dle temps de l\u2019informel, de la pr\u00e9carit\u00e9 et des pertes \u00e9vitables est d\u00e9sormais r\u00e9volu\u201d.<\/p>\n\n\n\n<p>Elle a salu\u00e9 la \u201dconduite exemplaire de ce projet structurant\u201d par le DG de l\u2019ANAM, B\u00e9caye Diop, ainsi que l\u2019accompagnement des collectivit\u00e9s territoriales et de l\u2019administration territoriale, avec \u00e0 sa t\u00eate le gouverneur de Thi\u00e8s.<\/p>\n\n\n\n<p>La cheffe du d\u00e9partement des P\u00eaches a appel\u00e9 les acteurs \u00e0 \u201ds\u2019approprier pleinement\u201d ce march\u00e9, \u201dcon\u00e7u pour am\u00e9liorer les conditions de travail des p\u00eacheurs, mareyeurs, femmes transformatrices, transporteurs, et renforcer leurs revenus\u201d.<\/p>\n\n\n\n<p>Fatou Diouf a invit\u00e9 aussi les parties prenantes \u00e0 un \u201dusage responsable et organis\u00e9, dans le respect strict des r\u00e8gles d\u2019hygi\u00e8ne, de salubrit\u00e9 et de s\u00e9curit\u00e9, afin de pr\u00e9server la qualit\u00e9 des produits\u201d\u2019.<\/p>\n\n\n\n<p>\u201dConscients des limites des mod\u00e8les traditionnels de gestion, nous avons fait le choix d\u2019un mode de gestion moderne, professionnel et transparent, visant \u00e0 garantir la viabilit\u00e9 \u00e9conomique du march\u00e9, la maintenance continue des \u00e9quipements, la qualit\u00e9 du service et la participation active des acteurs\u201d, a-t-elle dit.<\/p>\n\n\n\n<p>BT\/ADI\/OID\/ADL<\/p>\n","protected":false},"excerpt":{"rendered":"<p>Thi\u00e8s, (APS) \u2013 La ministre des P\u00eaches et de l\u2019Economie maritime Fatou Diouf a inaugur\u00e9, samedi, le march\u00e9 central au<\/p>\n","protected":false},"author":1,"featured_media":67055,"comment_status":"open","ping_status":"open","sticky":false,"template":"","format":"standard","meta":{"footnotes":""},"categories":[3],"tags":[],"class_list":["post-67054","post","type-post","status-publish","format-standard","has-post-thumbnail","hentry","category-event-more-news"],"_links":{"self":[{"href":"https:\/\/dekkbi.com\/index.php?rest_route=\/wp\/v2\/posts\/67054","targetHints":{"allow":["GET"]}}],"collection":[{"href":"https:\/\/dekkbi.com\/index.php?rest_route=\/wp\/v2\/posts"}],"about":[{"href":"https:\/\/dekkbi.com\/index.php?rest_route=\/wp\/v2\/types\/post"}],"author":[{"embeddable":true,"href":"https:\/\/dekkbi.com\/index.php?rest_route=\/wp\/v2\/users\/1"}],"replies":[{"embeddable":true,"href":"https:\/\/dekkbi.com\/index.php?rest_route=%2Fwp%2Fv2%2Fcomments&post=67054"}],"version-history":[{"count":1,"href":"https:\/\/dekkbi.com\/index.php?rest_route=\/wp\/v2\/posts\/67054\/revisions"}],"predecessor-version":[{"id":67056,"href":"https:\/\/dekkbi.com\/index.php?rest_route=\/wp\/v2\/posts\/67054\/revisions\/67056"}],"wp:featuredmedia":[{"embeddable":true,"href":"https:\/\/dekkbi.com\/index.php?rest_route=\/wp\/v2\/media\/67055"}],"wp:attachment":[{"href":"https:\/\/dekkbi.com\/index.php?rest_route=%2Fwp%2Fv2%2Fmedia&parent=67054"}],"wp:term":[{"taxonomy":"category","embeddable":true,"href":"https:\/\/dekkbi.com\/index.php?rest_route=%2Fwp%2Fv2%2Fcategories&post=67054"},{"taxonomy":"post_tag","embeddable":true,"href":"https:\/\/dekkbi.com\/index.php?rest_route=%2Fwp%2Fv2%2Ftags&post=67054"}],"curies":[{"name":"wp","href":"https:\/\/api.w.org\/{rel}","templated":true}]}}