{"id":67049,"date":"2026-01-26T09:46:44","date_gmt":"2026-01-26T09:46:44","guid":{"rendered":"https:\/\/dekkbi.com\/?p=67049"},"modified":"2026-01-26T09:46:45","modified_gmt":"2026-01-26T09:46:45","slug":"arrivee-du-premier-ministre-ousmane-sonko-a-rabat","status":"publish","type":"post","link":"https:\/\/dekkbi.com\/?p=67049","title":{"rendered":"Arriv\u00e9e du Premier ministre Ousmane Sonko \u00e0 Rabat"},"content":{"rendered":"\n<p>Rabat,  (APS) \u2013 Le Premier ministre, Ousmane Sonko, est arriv\u00e9 t\u00f4t lundi matin \u00e0 Rabat, pour une visite officielle au Maroc co\u00efncidant avec la 15e Grande Commission mixte de coop\u00e9ration s\u00e9n\u00e9galo -marocaine, a constat\u00e9 l\u2019envoy\u00e9 sp\u00e9cial de l\u2019APS.<\/p>\n\n\n\n<p>A son arriv\u00e9e \u00e0 l\u2019a\u00e9roport de Rabat, peu apr\u00e8s 7 heures GMT, le chef du gouvernement s\u00e9n\u00e9galais a \u00e9t\u00e9 accueilli par son homologue Aziz Akhannouch et d\u2019autres officiels marocains.<\/p>\n\n\n\n<p>La d\u00e9l\u00e9gation de M. Sonko comprend plusieurs ministres dont Cheikh Niang (Affaires \u00e9trang\u00e8res et S\u00e9n\u00e9galais de l\u2019ext\u00e9rieur), Daouda Ngom (Enseignement sup\u00e9rieur, de la Recherche et de l\u2019Innovation), Serigne Gu\u00e8ye Diop (Industrie et Commerce), Abdourahmane Sarr (Economie, Plan et Coop\u00e9ration) et Mabouba Diagne (Agriculture, \u00c9levage et Souverainet\u00e9 alimentaire).<\/p>\n\n\n\n<p>Cette visite officielle s\u2019inscrit dans le cadre du renforcement des liens \u201chistoriques tr\u00e8s forts et du partenariat strat\u00e9gique entre Dakar et Rabat\u201d, selon un dossier de presse portant sur cette mission.<\/p>\n\n\n\n<p>\u201cLa vitalit\u00e9 de la coop\u00e9ration entre les deux pays fr\u00e8res s\u2019illustre \u00e0 travers plusieurs domaines, allant de l\u2019\u00e9conomie aux finances, en passant par des secteurs aussi strat\u00e9giques que l\u2019enseignement sup\u00e9rieur, la sant\u00e9, la d\u00e9fense et la s\u00e9curit\u00e9, l\u2019agriculture, l\u2019\u00e9nergie, les mines, la p\u00eache, l\u2019hydraulique, l\u2019habitat, la justice..\u201d, explique le document r\u00e9alis\u00e9 par Bureau d\u2019information gouvernemental (BIG-Gouv)<\/p>\n\n\n\n<p>Les \u00e9changes commerciaux entre le S\u00e9n\u00e9gal et le Maroc ont connu une progression soutenue au cours des derni\u00e8res ann\u00e9es, d\u2019apr\u00e8s le BIG-Gouv.<\/p>\n\n\n\n<p>Il signale qu\u2019en 2024, les exportations du S\u00e9n\u00e9gal vers le Maroc sont estim\u00e9es \u00e0 24,7 milliards de francs CFA, enregistrant une hausse significative de 26,2% par rapport \u00e0 2023 (19,6 milliards FCFA).<\/p>\n\n\n\n<p>Le document explique que cette progression refl\u00e8te principalement la performance de produits issus des secteurs halieutique et agroalimentaire, qui constituent l\u2019essentiel de l\u2019offre export\u00e9e vers le march\u00e9 marocain.<\/p>\n\n\n\n<p>Concernant les importations s\u00e9n\u00e9galaises en provenance du Maroc, elles se sont \u00e9tablies \u00e0 147,0 milliards en 2024, en hausse de 19,2% par rapport \u00e0 2023 (123,4 milliards FCFA), apr\u00e8s une progression plus marqu\u00e9e de 33,6% entre 2022 et 2023.<\/p>\n\n\n\n<p>MTN\/BK &#8211; De l\u2019envoy\u00e9 sp\u00e9cial de l\u2019APS : Mohamed Tidiane Ndiaye<\/p>\n","protected":false},"excerpt":{"rendered":"<p>Rabat, (APS) \u2013 Le Premier ministre, Ousmane Sonko, est arriv\u00e9 t\u00f4t lundi matin \u00e0 Rabat, pour une visite officielle au<\/p>\n","protected":false},"author":1,"featured_media":66956,"comment_status":"open","ping_status":"open","sticky":false,"template":"","format":"standard","meta":{"footnotes":""},"categories":[6],"tags":[],"class_list":["post-67049","post","type-post","status-publish","format-standard","has-post-thumbnail","hentry","category-politics"],"_links":{"self":[{"href":"https:\/\/dekkbi.com\/index.php?rest_route=\/wp\/v2\/posts\/67049","targetHints":{"allow":["GET"]}}],"collection":[{"href":"https:\/\/dekkbi.com\/index.php?rest_route=\/wp\/v2\/posts"}],"about":[{"href":"https:\/\/dekkbi.com\/index.php?rest_route=\/wp\/v2\/types\/post"}],"author":[{"embeddable":true,"href":"https:\/\/dekkbi.com\/index.php?rest_route=\/wp\/v2\/users\/1"}],"replies":[{"embeddable":true,"href":"https:\/\/dekkbi.com\/index.php?rest_route=%2Fwp%2Fv2%2Fcomments&post=67049"}],"version-history":[{"count":1,"href":"https:\/\/dekkbi.com\/index.php?rest_route=\/wp\/v2\/posts\/67049\/revisions"}],"predecessor-version":[{"id":67050,"href":"https:\/\/dekkbi.com\/index.php?rest_route=\/wp\/v2\/posts\/67049\/revisions\/67050"}],"wp:featuredmedia":[{"embeddable":true,"href":"https:\/\/dekkbi.com\/index.php?rest_route=\/wp\/v2\/media\/66956"}],"wp:attachment":[{"href":"https:\/\/dekkbi.com\/index.php?rest_route=%2Fwp%2Fv2%2Fmedia&parent=67049"}],"wp:term":[{"taxonomy":"category","embeddable":true,"href":"https:\/\/dekkbi.com\/index.php?rest_route=%2Fwp%2Fv2%2Fcategories&post=67049"},{"taxonomy":"post_tag","embeddable":true,"href":"https:\/\/dekkbi.com\/index.php?rest_route=%2Fwp%2Fv2%2Ftags&post=67049"}],"curies":[{"name":"wp","href":"https:\/\/api.w.org\/{rel}","templated":true}]}}