{"id":67046,"date":"2026-01-23T13:31:21","date_gmt":"2026-01-23T13:31:21","guid":{"rendered":"https:\/\/dekkbi.com\/?p=67046"},"modified":"2026-01-23T13:31:22","modified_gmt":"2026-01-23T13:31:22","slug":"me-aly-fall-au-president-vous-preservez-lunite-indivisible-de-la-republique","status":"publish","type":"post","link":"https:\/\/dekkbi.com\/?p=67046","title":{"rendered":"Me Aly Fall au Pr\u00e9sident : \u00ab Vous pr\u00e9servez l\u2019unit\u00e9 indivisible de la R\u00e9publique \u00bb"},"content":{"rendered":"\n<p>Le B\u00e2tonnier de l\u2019Ordre des Avocats a prononc\u00e9 son discours ce jeudi lors de l\u2019audience solennelle de rentr\u00e9e des Cours et Tribunaux pr\u00e9sid\u00e9e par le chef de l\u2019\u00c9tat, Bassirou Diomaye Faye. Saluant particuli\u00e8rement la vision du Chef de l\u2019\u00c9tat pour la refondation de l\u2019appareil judiciaire s\u00e9n\u00e9galais, Me Aly Fall s\u2019est exprim\u00e9 en pr\u00e9sentant d\u2019embl\u00e9e, ses v\u0153ux les plus chaleureux \u00e0 l\u2019ensemble des acteurs judiciaires, souhaitant que \u00ab dans la paix, la concorde et la confiance, la justice s\u00e9n\u00e9galaise joue pleinement son r\u00f4le de composante essentielle de l\u2019\u00c9tat de droit \u00bb.<\/p>\n\n\n\n<p>Le moment pour adresser directement au Pr\u00e9sident de la R\u00e9publique, Bassirou Diomaye Faye, \u00e9galement Pr\u00e9sident du Conseil Sup\u00e9rieur de la Magistrature, ses f\u00e9licitations pour ses efforts pour une justice ind\u00e9pendante. Le B\u00e2tonnier a salu\u00e9 avec insistance \u00ab le souci constant du Chef de l\u2019\u00c9tat d\u2019incarner l\u2019\u00c9tat et de renforcer les valeurs qui fondent la nation s\u00e9n\u00e9galaise \u00bb.<\/p>\n\n\n\n<p>Plus significatif encore, Me Aly Fall a qualifi\u00e9 l\u2019engagement pr\u00e9sidentiel pour une justice ind\u00e9pendante de \u00ab tournant historique \u00bb. \u00ab Vous avez compris que la R\u00e9publique forme un bloc indivisible qui ne peut souffrir du d\u00e9litement de ses institutions \u00bb, a-t-il d\u00e9clar\u00e9, soulignant que le Pr\u00e9sident Diomaye incarne \u00ab ce qui nous unit tous : le S\u00e9n\u00e9gal et son id\u00e9al de justice \u00bb.<\/p>\n\n\n\n<p>Le B\u00e2tonnier n\u2019a pas manqu\u00e9 de mettre en lumi\u00e8re les actions concr\u00e8tes du nouveau r\u00e9gime en faveur de l\u2019appareil judiciaire. Il a notamment \u00e9voqu\u00e9 \u00ab la promotion de l\u2019ind\u00e9pendance effective de la magistrature, le renforcement des moyens allou\u00e9s \u00e0 l\u2019appareil judiciaire \u00bb, ainsi que la volont\u00e9 affirm\u00e9e du Pr\u00e9sident de faire de la justice \u00ab un pilier central de la transformation syst\u00e9mique \u00bb du pays. Selon Me Aly Fall, cette audience solennelle repr\u00e9sente bien plus qu\u2019une simple formalit\u00e9 administrative. \u00ab C\u2019est un instant important d\u2019\u00e9change et de dialogue entre acteurs de la justice sur des questions majeures touchant \u00e0 la vie de la cit\u00e9 \u00bb, a-t-il expliqu\u00e9,<\/p>\n\n\n\n<p>S\u2019adressant ensuite \u00e0 la Garde des Sceaux, Ministre de la Justice et Vice-pr\u00e9sidente du Conseil Sup\u00e9rieur de la Magistrature, le B\u00e2tonnier a salu\u00e9 son \u00e9coute attentive des acteurs judiciaires et son engagement pour \u00ab un service public de la justice de qualit\u00e9 \u00bb.&nbsp;Me Aly Fall a r\u00e9affirm\u00e9 la disponibilit\u00e9 totale du Barreau du S\u00e9n\u00e9gal \u00e0 accompagner les autorit\u00e9s dans leur mission de renforcement d\u2019une \u00ab justice forte, cr\u00e9dible et ind\u00e9pendante \u00bb.<\/p>\n\n\n\n<p>Enfin, le B\u00e2tonnier a rendu hommage au Premier Pr\u00e9sident de la Cour Supr\u00eame, louant la \u00ab s\u00e9r\u00e9nit\u00e9 \u00bb qui caract\u00e9rise le fonctionnement de la plus haute juridiction du pays sous sa direction.<\/p>\n\n\n\n<p><\/p>\n","protected":false},"excerpt":{"rendered":"<p>Le B\u00e2tonnier de l\u2019Ordre des Avocats a prononc\u00e9 son discours ce jeudi lors de l\u2019audience solennelle de rentr\u00e9e des Cours<\/p>\n","protected":false},"author":1,"featured_media":67047,"comment_status":"open","ping_status":"open","sticky":false,"template":"","format":"standard","meta":{"footnotes":""},"categories":[6],"tags":[],"class_list":["post-67046","post","type-post","status-publish","format-standard","has-post-thumbnail","hentry","category-politics"],"_links":{"self":[{"href":"https:\/\/dekkbi.com\/index.php?rest_route=\/wp\/v2\/posts\/67046","targetHints":{"allow":["GET"]}}],"collection":[{"href":"https:\/\/dekkbi.com\/index.php?rest_route=\/wp\/v2\/posts"}],"about":[{"href":"https:\/\/dekkbi.com\/index.php?rest_route=\/wp\/v2\/types\/post"}],"author":[{"embeddable":true,"href":"https:\/\/dekkbi.com\/index.php?rest_route=\/wp\/v2\/users\/1"}],"replies":[{"embeddable":true,"href":"https:\/\/dekkbi.com\/index.php?rest_route=%2Fwp%2Fv2%2Fcomments&post=67046"}],"version-history":[{"count":1,"href":"https:\/\/dekkbi.com\/index.php?rest_route=\/wp\/v2\/posts\/67046\/revisions"}],"predecessor-version":[{"id":67048,"href":"https:\/\/dekkbi.com\/index.php?rest_route=\/wp\/v2\/posts\/67046\/revisions\/67048"}],"wp:featuredmedia":[{"embeddable":true,"href":"https:\/\/dekkbi.com\/index.php?rest_route=\/wp\/v2\/media\/67047"}],"wp:attachment":[{"href":"https:\/\/dekkbi.com\/index.php?rest_route=%2Fwp%2Fv2%2Fmedia&parent=67046"}],"wp:term":[{"taxonomy":"category","embeddable":true,"href":"https:\/\/dekkbi.com\/index.php?rest_route=%2Fwp%2Fv2%2Fcategories&post=67046"},{"taxonomy":"post_tag","embeddable":true,"href":"https:\/\/dekkbi.com\/index.php?rest_route=%2Fwp%2Fv2%2Ftags&post=67046"}],"curies":[{"name":"wp","href":"https:\/\/api.w.org\/{rel}","templated":true}]}}