{"id":67037,"date":"2026-01-23T11:00:17","date_gmt":"2026-01-23T11:00:17","guid":{"rendered":"https:\/\/dekkbi.com\/?p=67037"},"modified":"2026-01-23T11:00:18","modified_gmt":"2026-01-23T11:00:18","slug":"le-doigt-sur-la-gachette-liran-met-en-garde-les-etats-unis-une-armada-americaine-se-dirige-vers-le-golfe","status":"publish","type":"post","link":"https:\/\/dekkbi.com\/?p=67037","title":{"rendered":"\u00ab\u00a0Le doigt sur la g\u00e2chette\u00a0\u00bb: l&rsquo;Iran met en garde les \u00c9tats-Unis, une \u00ab\u00a0armada\u00a0\u00bb am\u00e9ricaine se dirige vers le Golfe"},"content":{"rendered":"\n<p><em>\u00ab\u00a0Le Corps des Gardiens de la R\u00e9volution islamique et notre cher&nbsp;Iran&nbsp;ont le doigt sur la g\u00e2chette\u00a0\u00bb,<\/em>&nbsp;a lanc\u00e9 le chef des Gardiens de la r\u00e9volution islamique, ce jeudi 22 janvier, \u00e0 l&rsquo;attention des \u00c9tats-Unis. Le m\u00eame jour, le pr\u00e9sident am\u00e9ricain Donald Trump a affirm\u00e9 que T\u00e9h\u00e9ran \u00e9tait pr\u00eat au dialogue mais qu&rsquo;une&nbsp;<em>\u00ab\u00a0armada\u00a0\u00bb<\/em>&nbsp;am\u00e9ricaine se dirigeait vers le Golfe,&nbsp;<em>\u00ab\u00a0au cas o\u00f9\u00a0\u00bb.<\/em>&nbsp;<\/p>\n\n\n\n<p><strong>Par S\u00e9raphine Charpentier &#8211; SOURCE TV5.ORG<\/strong><\/p>\n\n\n\n<p>Au sujet de l&rsquo;Iran, le pr\u00e9sident am\u00e9ricain tend la perche tout en brandissant le b\u00e2ton. Donald Trump a promis un dialogue avec T\u00e9h\u00e9ran, dans son avion retour du\u00a0Forum \u00e9conomique mondial de Davos:\u00a0<em>\u00ab\u00a0L&rsquo;Iran veut parler et nous parlerons\u00a0\u00bb<\/em>, affirmait-il ce jeudi 22 janvier. Une promesse qu&rsquo;il a accompagn\u00e9 d&rsquo;une menace, celle d&rsquo;une\u00a0<em>\u00ab\u00a0armada\u00a0\u00bb<\/em>\u00a0qui serait en route vers le Golfe.\u00a0<em>\u00ab\u00a0Nous avons\u00a0beaucoup de navires qui se dirigent dans cette direction, au cas o\u00f9\u00a0\u00bb,\u00a0<\/em>a d\u00e9clar\u00e9 le chef de la Maison-Blanche.<em>\u00a0<\/em><\/p>\n\n\n\n<p>Les intimidations am\u00e9ricaines\u00a0de la semaine derni\u00e8re, laissant planer le doute autour d&rsquo;une intervention militaire am\u00e9ricaine dans un contexte de manifestations violemment r\u00e9prim\u00e9es en Iran, sont descendues d&rsquo;un cran. T\u00e9h\u00e9ran a pourtant attis\u00e9 les tensions ce jeudi. Le chef des Gardiens de la R\u00e9volution, Mohammad Pakpour, avertit Isra\u00ebl et les \u00c9tats-Unis, leur recommandant\u00a0<em>\u00ab\u00a0d&rsquo;\u00e9viter toute erreur de calcul, en tirant les le\u00e7ons de l&rsquo;histoire et de ce qu&rsquo;ils ont appris lors de la guerre impos\u00e9e de 12 jours, afin de ne pas conna\u00eetre un sort plus douloureux et regrettable\u00a0\u00bb,\u00a0<\/em>rapporte l&rsquo;AFP.\u00a0<\/p>\n\n\n\n<h2 class=\"wp-block-heading\"><em>\u00ab\u00a0Plus pr\u00eats que jamais \u00e0 ex\u00e9cuter les ordres du commandant en chef supr\u00eame\u00a0\u00bb<\/em><\/h2>\n\n\n\n<p>Du 13 au 24 juin 2025, Isra\u00ebl et Iran sont entr\u00e9s dans une confrontation \u00e0 coup de frappes a\u00e9riennes et missiles.\u00a0<em>\u00ab\u00a0La guerre des douze jours\u00a0\u00bb<\/em>, comme l&rsquo;a appel\u00e9e Donald Trump, a \u00e9t\u00e9 marqu\u00e9e par la frappe de trois sites nucl\u00e9aires iraniens par les \u00c9tats-Unis dans la nuit du 21 au 22 juin 2025. Ces frappes ont \u00e9t\u00e9 qualifi\u00e9es de succ\u00e8s par Donald Trump, qui a dit vouloir emp\u00eacher l&rsquo;Iran de fabriquer une bombe nucl\u00e9aire. Un projet d\u00e9menti par T\u00e9h\u00e9ran.<em>\u00ab\u00a0Le Corps des gardiens de la r\u00e9volution islamique et notre cher Iran ont le doigt sur la g\u00e2chette, plus pr\u00eats que jamais, pr\u00eats \u00e0 ex\u00e9cuter les ordres et les mesures du commandant en chef supr\u00eame, un leader plus cher que leur propre vie\u00a0\u00bb<\/em>, a \u00e9t\u00e9 jusqu&rsquo;\u00e0 d\u00e9clarer Mohammad Pakpour, en r\u00e9f\u00e9rence \u00e0 l&rsquo;ayatollah Ali Khamenei, Guide supr\u00eame iranien, rapporte l&rsquo;AFP.\u00a0<\/p>\n\n\n\n<h2 class=\"wp-block-heading\"><em>\u00ab\u00a0Les bases et centres d&rsquo;influence am\u00e9ricains\u00a0\u00bb, \u00ab\u00a0cibles l\u00e9gitimes\u00a0\u00bb<\/em><\/h2>\n\n\n\n<p><em>\u00ab\u00a0Tous les int\u00e9r\u00eats, bases et centres d&rsquo;influence am\u00e9ricains\u00a0\u00bb<\/em>\u00a0seront des\u00a0<em>\u00ab\u00a0cibles l\u00e9gitimes\u00a0\u00bb<\/em>\u00a0pour les forces arm\u00e9es iraniennes, a \u00e9galement d\u00e9clar\u00e9 le g\u00e9n\u00e9ral Ali Abdollahi Aliabadi, \u00e0 la t\u00eate du quartier g\u00e9n\u00e9ral du commandement conjoint iranien, cit\u00e9 par le journal\u00a0<em>The Times of Isra\u00ebl<\/em>.\u00a0<\/p>\n\n\n\n<p>Lorsque les tensions \u00e9taient au plus haut, mi-janvier, des diplomates am\u00e9ricains et une partie du personnel d&rsquo;une base militaire am\u00e9ricaine de la r\u00e9gion, avaient \u00e9t\u00e9\u00a0invit\u00e9s \u00e0 quitter la base militaire am\u00e9ricaine\u00a0d&rsquo;Al-Udeid, au Qatar. T\u00e9h\u00e9ran mena\u00e7ait alors d&rsquo;attaquer les bases am\u00e9ricaines de la r\u00e9gion, en cas d&rsquo;op\u00e9ration militaire de Washington en Iran, selon un responsable iranien cit\u00e9 par\u00a0<u>Reuters<\/u>.<\/p>\n\n\n\n<p>Les \u00e9changes restent tendus entre les deux pays. Plus t\u00f4t cette semaine, le pr\u00e9sident am\u00e9ricain a menac\u00e9 de rayer&nbsp;<em>\u00ab\u00a0de la surface de la Terre\u00a0\u00bb<\/em>&nbsp;l&rsquo;Iran si le pays tentait de le viser, en guise de repr\u00e9sailles sur une \u00e9ventuelle attaque ciblant Ali Khamenei, le Guide supr\u00eame iranien.&nbsp;<\/p>\n\n\n\n<p><em>\u00ab\u00a0Nous allons d\u00e9couvrir ce qu&rsquo;ils comptent faire avec le nucl\u00e9aire. Ils ne peuvent pas se lancer dans le nucl\u00e9aire. S&rsquo;ils le font, [nous frapperons] \u00e0 nouveau. Ils continuent \u00e0 faire des exp\u00e9riences nucl\u00e9aires, et \u00e0 un moment donn\u00e9, ils finiront par comprendre qu&rsquo;ils ne peuvent pas faire \u00e7a\u00a0\u00bb,<\/em>\u00a0a ajout\u00e9 Donald Trump sur la cha\u00eene am\u00e9ricaine\u00a0CNBC, ce mercredi 21 janvier.\u00a0<\/p>\n","protected":false},"excerpt":{"rendered":"<p>\u00ab\u00a0Le Corps des Gardiens de la R\u00e9volution islamique et notre cher&nbsp;Iran&nbsp;ont le doigt sur la g\u00e2chette\u00a0\u00bb,&nbsp;a lanc\u00e9 le chef des<\/p>\n","protected":false},"author":1,"featured_media":34905,"comment_status":"open","ping_status":"open","sticky":false,"template":"","format":"standard","meta":{"footnotes":""},"categories":[51],"tags":[],"class_list":["post-67037","post","type-post","status-publish","format-standard","has-post-thumbnail","hentry","category-general"],"_links":{"self":[{"href":"https:\/\/dekkbi.com\/index.php?rest_route=\/wp\/v2\/posts\/67037","targetHints":{"allow":["GET"]}}],"collection":[{"href":"https:\/\/dekkbi.com\/index.php?rest_route=\/wp\/v2\/posts"}],"about":[{"href":"https:\/\/dekkbi.com\/index.php?rest_route=\/wp\/v2\/types\/post"}],"author":[{"embeddable":true,"href":"https:\/\/dekkbi.com\/index.php?rest_route=\/wp\/v2\/users\/1"}],"replies":[{"embeddable":true,"href":"https:\/\/dekkbi.com\/index.php?rest_route=%2Fwp%2Fv2%2Fcomments&post=67037"}],"version-history":[{"count":1,"href":"https:\/\/dekkbi.com\/index.php?rest_route=\/wp\/v2\/posts\/67037\/revisions"}],"predecessor-version":[{"id":67038,"href":"https:\/\/dekkbi.com\/index.php?rest_route=\/wp\/v2\/posts\/67037\/revisions\/67038"}],"wp:featuredmedia":[{"embeddable":true,"href":"https:\/\/dekkbi.com\/index.php?rest_route=\/wp\/v2\/media\/34905"}],"wp:attachment":[{"href":"https:\/\/dekkbi.com\/index.php?rest_route=%2Fwp%2Fv2%2Fmedia&parent=67037"}],"wp:term":[{"taxonomy":"category","embeddable":true,"href":"https:\/\/dekkbi.com\/index.php?rest_route=%2Fwp%2Fv2%2Fcategories&post=67037"},{"taxonomy":"post_tag","embeddable":true,"href":"https:\/\/dekkbi.com\/index.php?rest_route=%2Fwp%2Fv2%2Ftags&post=67037"}],"curies":[{"name":"wp","href":"https:\/\/api.w.org\/{rel}","templated":true}]}}