{"id":67031,"date":"2026-01-23T10:52:31","date_gmt":"2026-01-23T10:52:31","guid":{"rendered":"https:\/\/dekkbi.com\/?p=67031"},"modified":"2026-01-23T10:52:32","modified_gmt":"2026-01-23T10:52:32","slug":"marche-des-syndicats-denseignants-le-g7-crie-son-ras-le-bol-a-thies","status":"publish","type":"post","link":"https:\/\/dekkbi.com\/?p=67031","title":{"rendered":"Marche des syndicats d\u2019enseignants : Le G7 crie son ras-le-bol \u00e0 Thi\u00e8s"},"content":{"rendered":"\n<p><strong>Le front social s\u2019embrase dans le secteur de l\u2019\u00e9ducation. Ce jeudi 22 janvier 2026, les syndicats du G7 ont investi les rues de Thi\u00e8s pour une marche nationale d\u2019envergure. Entre d\u00e9brayage, gr\u00e8ve totale et cris de d\u00e9sespoir, les enseignants d\u00e9noncent le non-respect des accords sign\u00e9s et mettent en garde le gouvernement contre une paralysie durable du syst\u00e8me \u00e9ducatif.<\/strong><\/p>\n\n\n\n<p><strong>Par Cheikh CAMARA \u2013<\/strong>&nbsp;C\u2019est une mobilisation nationale depuis le bastion thiessois. L\u2019heure est \u00e0 la d\u00e9monstration de force pour le G7. Dans le cadre de son deuxi\u00e8me plan d\u2019actions, le regroupement syndical a choisi Thi\u00e8s pour porter ses revendications. La journ\u00e9e de ce jeudi a d\u00e9but\u00e9 d\u00e8s 9 heures par un d\u00e9brayage massif, pr\u00e9lude \u00e0 une grande marche nationale o\u00f9 les enseignants ont exprim\u00e9 leur lassitude face \u00e0 un dialogue de sourds. Ce mouvement ne compte pas s\u2019arr\u00eater l\u00e0 : une gr\u00e8ve totale est pr\u00e9vue le vendredi 23 janvier, mena\u00e7ant de paralyser l\u2019ensemble des \u00e9tablissements scolaires du pays.<\/p>\n\n\n\n<p><strong>Le \u00abdilatoire\u00bb gouvernemental point\u00e9 du doigt<\/strong><br>Au c\u0153ur de la discorde, le retard jug\u00e9 inacceptable dans la signature des d\u00e9crets pour les enseignants d\u00e9cisionnaires. Malgr\u00e9 les explications du ministre Moustapha Guirassy, qui invoque des lenteurs administratives, les syndicats restent de marbre. Pour eux, le gouvernement use de tactiques dilatoires depuis pr\u00e8s d\u2019un an. Les griefs du G7 sont clairs et qualifi\u00e9s de \u00abnon n\u00e9gociables\u00bb : la signature imm\u00e9diate des d\u00e9crets sur le statut des d\u00e9cisionnaires, la refonte du syst\u00e8me de r\u00e9mun\u00e9ration pour une application effective, la fin de la surimposition qui p\u00e8se sur les salaires et le parach\u00e8vement de la fonction dipl\u00f4mante universelle.<\/p>\n\n\n\n<p><strong>Un Pacte social menac\u00e9 par l\u2019immobilisme<\/strong><br>Hier, les manifestants ont rappel\u00e9 que cette crise est le fruit d\u2019une accumulation de promesses non tenues, notamment celles issues des protocoles d\u2019accords de 2018 et 2022. Le G7 d\u00e9nonce vigoureusement la l\u00e9thargie du comit\u00e9 de suivi des accords, incapable, selon lui, de communiquer ou de relancer les processus de r\u00e9alisation. \u00abCe premier plan d\u2019actions est rest\u00e9 sans r\u00e9ponse appropri\u00e9e de la part des autorit\u00e9s\u00bb, d\u00e9plorent les responsables syndicaux. En durcissant le ton, les enseignants placent l\u2019Etat devant ses responsabilit\u00e9s. Sans un dialogue sinc\u00e8re et des actes concrets imm\u00e9diats, le calendrier scolaire 2026 risque de sombrer dans une instabilit\u00e9 chronique, sacrifiant une nouvelle fois l\u2019avenir des \u00e9l\u00e8ves sur l\u2019autel des lenteurs administratives.<br><strong>cheikh.camara@lequotidien.sn<\/strong><\/p>\n","protected":false},"excerpt":{"rendered":"<p>Le front social s\u2019embrase dans le secteur de l\u2019\u00e9ducation. Ce jeudi 22 janvier 2026, les syndicats du G7 ont investi<\/p>\n","protected":false},"author":1,"featured_media":67032,"comment_status":"open","ping_status":"open","sticky":false,"template":"","format":"standard","meta":{"footnotes":""},"categories":[26],"tags":[],"class_list":["post-67031","post","type-post","status-publish","format-standard","has-post-thumbnail","hentry","category-fait-divers"],"_links":{"self":[{"href":"https:\/\/dekkbi.com\/index.php?rest_route=\/wp\/v2\/posts\/67031","targetHints":{"allow":["GET"]}}],"collection":[{"href":"https:\/\/dekkbi.com\/index.php?rest_route=\/wp\/v2\/posts"}],"about":[{"href":"https:\/\/dekkbi.com\/index.php?rest_route=\/wp\/v2\/types\/post"}],"author":[{"embeddable":true,"href":"https:\/\/dekkbi.com\/index.php?rest_route=\/wp\/v2\/users\/1"}],"replies":[{"embeddable":true,"href":"https:\/\/dekkbi.com\/index.php?rest_route=%2Fwp%2Fv2%2Fcomments&post=67031"}],"version-history":[{"count":1,"href":"https:\/\/dekkbi.com\/index.php?rest_route=\/wp\/v2\/posts\/67031\/revisions"}],"predecessor-version":[{"id":67033,"href":"https:\/\/dekkbi.com\/index.php?rest_route=\/wp\/v2\/posts\/67031\/revisions\/67033"}],"wp:featuredmedia":[{"embeddable":true,"href":"https:\/\/dekkbi.com\/index.php?rest_route=\/wp\/v2\/media\/67032"}],"wp:attachment":[{"href":"https:\/\/dekkbi.com\/index.php?rest_route=%2Fwp%2Fv2%2Fmedia&parent=67031"}],"wp:term":[{"taxonomy":"category","embeddable":true,"href":"https:\/\/dekkbi.com\/index.php?rest_route=%2Fwp%2Fv2%2Fcategories&post=67031"},{"taxonomy":"post_tag","embeddable":true,"href":"https:\/\/dekkbi.com\/index.php?rest_route=%2Fwp%2Fv2%2Ftags&post=67031"}],"curies":[{"name":"wp","href":"https:\/\/api.w.org\/{rel}","templated":true}]}}