{"id":67028,"date":"2026-01-23T10:44:15","date_gmt":"2026-01-23T10:44:15","guid":{"rendered":"https:\/\/dekkbi.com\/?p=67028"},"modified":"2026-01-23T10:44:16","modified_gmt":"2026-01-23T10:44:16","slug":"wakhinane-nimzatt-duel-a-la-machette-sur-la-corniche-deux-jeunes-charretiers-entre-la-vie-et-la-mort","status":"publish","type":"post","link":"https:\/\/dekkbi.com\/?p=67028","title":{"rendered":"WAKHINANE-NIMZATT \u2013Duel \u00e0 la machette sur la corniche : deux jeunes charretiers entre la vie et la mort"},"content":{"rendered":"\n<p>La qui\u00e9tude habituelle de la corniche de Wakhinane-Nimzatt, \u00e0 Gu\u00e9diawaye, a \u00e9t\u00e9 brutalement rompue mardi en fin de journ\u00e9e par une rixe d\u2019une rare violence. Une confrontation \u00e0 l\u2019arme blanche entre deux jeunes charretiers a plong\u00e9 le quartier dans la stupeur, laissant les deux protagonistes gri\u00e8vement bless\u00e9s, avec des pronostics vitaux s\u00e9rieusement engag\u00e9s, rapporte L\u2019Observateur.<\/p>\n\n\n\n<p>Selon le quotidien, les faits opposent Nd. M. Faye, \u00e2g\u00e9 de 24 ans, et F. Dione, un mineur de 17 ans. Tous deux \u00e9taient bien connus au point de rassemblement des charretiers de la cit\u00e9 Sofraco. Une premi\u00e8re altercation, survenue quelques jours auparavant, aurait sem\u00e9 les graines de ce qui allait devenir un r\u00e8glement de comptes sanglant.<\/p>\n\n\n\n<h3 class=\"wp-block-heading\">Un face-\u00e0-face pr\u00e9m\u00e9dit\u00e9<\/h3>\n\n\n\n<p>D\u2019apr\u00e8s plusieurs t\u00e9moignages recueillis par L\u2019Observateur, la rencontre de mardi n\u2019avait qu\u2019un seul objectif : \u00ab r\u00e9gler d\u00e9finitivement leurs comptes \u00bb. La discussion d\u00e9g\u00e9n\u00e8re rapidement. F. Dione aurait port\u00e9 le premier coup, ass\u00e9nant un violent coup de couteau au niveau du cou de son adversaire, derri\u00e8re l\u2019oreille. Touch\u00e9 gri\u00e8vement, Nd. M. Faye s\u2019effondre, perdant une quantit\u00e9 importante de sang.<\/p>\n\n\n\n<p>Dans un ultime r\u00e9flexe de survie, le jeune homme parvient toutefois \u00e0 sortir une arme blanche \u00e0 son tour et blesse son agresseur \u00e0 plusieurs reprises, lui sectionnant des veines au bras et \u00e0 la jambe. La sc\u00e8ne, d\u2019une extr\u00eame brutalit\u00e9, s\u2019est d\u00e9roul\u00e9e sous les yeux m\u00e9dus\u00e9s de riverains.<\/p>\n\n\n\n<h3 class=\"wp-block-heading\">Une intervention qui \u00e9vite le pire<\/h3>\n\n\n\n<p>Alert\u00e9s par les cris et l\u2019affolement, des habitants interviennent rapidement pour porter secours aux deux bless\u00e9s. Les policiers du poste de Wakhinane-Nimzatt arrivent peu apr\u00e8s sur les lieux. Selon L\u2019Observateur, Nd. M. Faye, toujours en h\u00e9morragie, est transport\u00e9 sur sa propre charrette jusqu\u2019au commissariat, o\u00f9 une r\u00e9quisition m\u00e9dicale est d\u00e9livr\u00e9e en urgence.<\/p>\n\n\n\n<p>Dans un \u00e9tat critique, il est ensuite \u00e9vacu\u00e9 vers l\u2019h\u00f4pital Idrissa Pouye de Grand-Yoff, o\u00f9 son pronostic vital reste engag\u00e9. Le mineur F. Dione, \u00e9galement interpell\u00e9, est admis sous observation au centre hospitalier Dalal Jamm.<\/p>\n\n\n\n<h3 class=\"wp-block-heading\">Un pass\u00e9 judiciaire et une troisi\u00e8me piste<\/h3>\n\n\n\n<p>Toujours selon L\u2019Observateur, F. Dione ne serait pas un inconnu des services de police. Malgr\u00e9 son jeune \u00e2ge, il aurait d\u00e9j\u00e0 \u00e9t\u00e9 d\u00e9f\u00e9r\u00e9 \u00e0 deux reprises devant le parquet pour des faits de vol \u00e0 l\u2019arrach\u00e9, un \u00e9l\u00e9ment qui alourdit consid\u00e9rablement son dossier judiciaire.<\/p>\n\n\n\n<p>L\u2019enqu\u00eate \u00e9voque par ailleurs l\u2019implication indirecte d\u2019un troisi\u00e8me individu, identifi\u00e9 comme Daouda. Ce dernier aurait r\u00e9cemment eu une violente dispute avec F. Dione, au cours de laquelle il aurait \u00e9t\u00e9 bless\u00e9 aux mains. Il aurait ensuite rapport\u00e9 \u00e0 Nd. M. Faye que le mineur prof\u00e9rait des menaces \u00e0 son encontre, alimentant un climat de tension et de m\u00e9fiance qui a fini par exploser.<\/p>\n\n\n\n<h3 class=\"wp-block-heading\">Une affaire sous haute surveillance<\/h3>\n\n\n\n<p>Craignant des repr\u00e9sailles, des fuites ou de nouvelles violences, des \u00e9quipes de police discr\u00e8tes ont \u00e9t\u00e9 d\u00e9ploy\u00e9es au chevet des deux bless\u00e9s dans les structures hospitali\u00e8res qui les accueillent.<\/p>\n","protected":false},"excerpt":{"rendered":"<p>La qui\u00e9tude habituelle de la corniche de Wakhinane-Nimzatt, \u00e0 Gu\u00e9diawaye, a \u00e9t\u00e9 brutalement rompue mardi en fin de journ\u00e9e par<\/p>\n","protected":false},"author":1,"featured_media":67029,"comment_status":"open","ping_status":"open","sticky":false,"template":"","format":"standard","meta":{"footnotes":""},"categories":[26],"tags":[],"class_list":["post-67028","post","type-post","status-publish","format-standard","has-post-thumbnail","hentry","category-fait-divers"],"_links":{"self":[{"href":"https:\/\/dekkbi.com\/index.php?rest_route=\/wp\/v2\/posts\/67028","targetHints":{"allow":["GET"]}}],"collection":[{"href":"https:\/\/dekkbi.com\/index.php?rest_route=\/wp\/v2\/posts"}],"about":[{"href":"https:\/\/dekkbi.com\/index.php?rest_route=\/wp\/v2\/types\/post"}],"author":[{"embeddable":true,"href":"https:\/\/dekkbi.com\/index.php?rest_route=\/wp\/v2\/users\/1"}],"replies":[{"embeddable":true,"href":"https:\/\/dekkbi.com\/index.php?rest_route=%2Fwp%2Fv2%2Fcomments&post=67028"}],"version-history":[{"count":1,"href":"https:\/\/dekkbi.com\/index.php?rest_route=\/wp\/v2\/posts\/67028\/revisions"}],"predecessor-version":[{"id":67030,"href":"https:\/\/dekkbi.com\/index.php?rest_route=\/wp\/v2\/posts\/67028\/revisions\/67030"}],"wp:featuredmedia":[{"embeddable":true,"href":"https:\/\/dekkbi.com\/index.php?rest_route=\/wp\/v2\/media\/67029"}],"wp:attachment":[{"href":"https:\/\/dekkbi.com\/index.php?rest_route=%2Fwp%2Fv2%2Fmedia&parent=67028"}],"wp:term":[{"taxonomy":"category","embeddable":true,"href":"https:\/\/dekkbi.com\/index.php?rest_route=%2Fwp%2Fv2%2Fcategories&post=67028"},{"taxonomy":"post_tag","embeddable":true,"href":"https:\/\/dekkbi.com\/index.php?rest_route=%2Fwp%2Fv2%2Ftags&post=67028"}],"curies":[{"name":"wp","href":"https:\/\/api.w.org\/{rel}","templated":true}]}}